{"id":216179,"date":"2026-01-05T17:07:09","date_gmt":"2026-01-05T17:07:09","guid":{"rendered":"https:\/\/www.europesays.com\/pt\/216179\/"},"modified":"2026-01-05T17:07:09","modified_gmt":"2026-01-05T17:07:09","slug":"recibos-verdes-atencao-a-data-limite-para-entrega-das-declaracoes","status":"publish","type":"post","link":"https:\/\/www.europesays.com\/pt\/216179\/","title":{"rendered":"Recibos verdes? Aten\u00e7\u00e3o \u00e0 data limite para entrega das declara\u00e7\u00f5es"},"content":{"rendered":"<p>Se trabalha a Recibos Verdes n\u00e3o se esque\u00e7a de entregar a declara\u00e7\u00e3o trimestral de rendimentos e a anual. Aten\u00e7\u00e3o \u00e0s coimas que n\u00e3o s\u00e3o nada simp\u00e1ticas.<\/p>\n<p><a target=\"_blank\" href=\"https:\/\/www.europesays.com\/pt\/wp-content\/uploads\/2026\/01\/verdes-00-1-720x405-1.jpg\" onclick=\"refreshIframe()\" class=\"foobox\"><img fetchpriority=\"high\" decoding=\"async\" src=\"https:\/\/www.europesays.com\/pt\/wp-content\/uploads\/2026\/01\/verdes-00-1-720x405-1.jpg\" alt=\"Recibos verdes? Aten\u00e7\u00e3o \u00e0 data limite para entrega das declara\u00e7\u00f5es\" width=\"720\" height=\"405\" class=\"aligncenter wp-image-1096703 size-full\"  \/><\/a><\/p>\n<p>Quem trabalha a recibos verdes tem de entregar as declara\u00e7\u00f5es trimestrais em janeiro, abril, julho e outubro de cada ano. O prazo de envio da declara\u00e7\u00e3o trimestral \u00e9 de 1 a 31 de janeiro. Nesse sentido, os contribuintes que trabalham a recibos verdes t\u00eam at\u00e9 ao final do m\u00eas para entregar a <strong>declara\u00e7\u00e3o trimestral (4\u00ba declara\u00e7\u00e3o)<\/strong> e a <strong>Declara\u00e7\u00e3o Anual<\/strong>.<\/p>\n<p>No portal da Seguran\u00e7a Social, aceda \u00e0 op\u00e7\u00e3o Trabalho &gt; Remunera\u00e7\u00f5es e contribui\u00e7\u00f5es &gt; Trabalhadores Independentes &gt; O que posso fazer online? &gt; Consultar, entregar ou substituir declara\u00e7\u00f5es trimestrais do ano anterior<\/p>\n<p><a target=\"_blank\" href=\"https:\/\/pplware.sapo.pt\/wp-content\/uploads\/2026\/01\/financas_00.jpg\" onclick=\"refreshIframe()\" class=\"foobox\" rel=\"nofollow noopener\"><img loading=\"lazy\" decoding=\"async\" src=\"https:\/\/www.europesays.com\/pt\/wp-content\/uploads\/2026\/01\/financas_00-720x405.jpg\" alt=\"\" width=\"720\" height=\"405\" class=\"aligncenter size-medium wp-image-1096702\"  \/><\/a><\/p>\n<p>Na 4.\u00aa Declara\u00e7\u00e3o Trimestral indique os rendimentos recebidos em outubro, novembro e dezembro de 2025, que servem para o c\u00e1lculo das contribui\u00e7\u00f5es dos meses de janeiro, fevereiro e mar\u00e7o de 2026.<\/p>\n<p>Recibos Verdes: Datas de Entrega das Declara\u00e7\u00f5es<\/p>\n<ul>\n<li><strong>1.\u00ba Trimestre<\/strong>\u2013 Per\u00edodo de entrega: abril (rendimentos janeiro, fevereiro, mar\u00e7o).<\/li>\n<li><strong>2.\u00ba Trimestre<\/strong>\u2013 Per\u00edodo de entrega: julho (rendimentos abril, maio, junho).<\/li>\n<li><strong>3.\u00ba Trimestre<\/strong>\u2013 Per\u00edodo de entrega: outubro (rendimentos julho, agosto, setembro).<\/li>\n<li><strong>4.\u00ba Trimestre<\/strong>\u2013 Per\u00edodo de entrega: janeiro (rendimentos outubro, novembro, dezembro)<\/li>\n<\/ul>\n<p>Coimas<\/p>\n<p>Os trabalhadores que falhem a entrega da declara\u00e7\u00e3o trimestral no prazo definido ocorrem assim numa contraordena\u00e7\u00e3o e est\u00e3o sujeitas ao pagamento de uma\u00a0<strong>coima entre os 50 e os 250 euros<\/strong>.<\/p>\n<p>A\u00a0<strong>\u201cconstitui uma contraordena\u00e7\u00e3o leve nos 30 dias seguintes ao termo do prazo e grave nas demais situa\u00e7\u00f5es e fica sujeito ao pagamento de juros de mora\u201d, segundo refere a informa\u00e7\u00e3o dispon\u00edvel no site da Seguran\u00e7a Social.<\/strong><\/p>\n<p>Se trabalha a recibos verdes n\u00e3o se esque\u00e7a. Como referimos, as coimas existem e n\u00e3o s\u00e3o nada simp\u00e1ticas.<\/p>\n","protected":false},"excerpt":{"rendered":"Se trabalha a Recibos Verdes n\u00e3o se esque\u00e7a de entregar a declara\u00e7\u00e3o trimestral de rendimentos e a anual.&hellip;\n","protected":false},"author":2,"featured_media":216180,"comment_status":"","ping_status":"","sticky":false,"template":"","format":"standard","meta":{"footnotes":""},"categories":[83],"tags":[88,89,90,32,33,42075],"class_list":{"0":"post-216179","1":"post","2":"type-post","3":"status-publish","4":"format-standard","5":"has-post-thumbnail","7":"category-empresas","8":"tag-business","9":"tag-economy","10":"tag-empresas","11":"tag-portugal","12":"tag-pt","13":"tag-recibos-verdes"},"share_on_mastodon":{"url":"https:\/\/pubeurope.com\/@pt\/115843592770327443","error":""},"_links":{"self":[{"href":"https:\/\/www.europesays.com\/pt\/wp-json\/wp\/v2\/posts\/216179","targetHints":{"allow":["GET"]}}],"collection":[{"href":"https:\/\/www.europesays.com\/pt\/wp-json\/wp\/v2\/posts"}],"about":[{"href":"https:\/\/www.europesays.com\/pt\/wp-json\/wp\/v2\/types\/post"}],"author":[{"embeddable":true,"href":"https:\/\/www.europesays.com\/pt\/wp-json\/wp\/v2\/users\/2"}],"replies":[{"embeddable":true,"href":"https:\/\/www.europesays.com\/pt\/wp-json\/wp\/v2\/comments?post=216179"}],"version-history":[{"count":0,"href":"https:\/\/www.europesays.com\/pt\/wp-json\/wp\/v2\/posts\/216179\/revisions"}],"wp:featuredmedia":[{"embeddable":true,"href":"https:\/\/www.europesays.com\/pt\/wp-json\/wp\/v2\/media\/216180"}],"wp:attachment":[{"href":"https:\/\/www.europesays.com\/pt\/wp-json\/wp\/v2\/media?parent=216179"}],"wp:term":[{"taxonomy":"category","embeddable":true,"href":"https:\/\/www.europesays.com\/pt\/wp-json\/wp\/v2\/categories?post=216179"},{"taxonomy":"post_tag","embeddable":true,"href":"https:\/\/www.europesays.com\/pt\/wp-json\/wp\/v2\/tags?post=216179"}],"curies":[{"name":"wp","href":"https:\/\/api.w.org\/{rel}","templated":true}]}}