{"id":216191,"date":"2026-01-05T17:15:08","date_gmt":"2026-01-05T17:15:08","guid":{"rendered":"https:\/\/www.europesays.com\/pt\/216191\/"},"modified":"2026-01-05T17:15:08","modified_gmt":"2026-01-05T17:15:08","slug":"brasileira-e-presa-na-coreia-do-sul-por-perseguir-jung-kook-do-bts","status":"publish","type":"post","link":"https:\/\/www.europesays.com\/pt\/216191\/","title":{"rendered":"Brasileira \u00e9 presa na Coreia do Sul por perseguir Jung Kook, do BTS"},"content":{"rendered":"<p>A pol\u00edcia do distrito de Yongsan prendeu uma brasileira, na faixa dos 30 anos, neste domingo (4), em Seul, suspeita de perseguir <a href=\"https:\/\/www.instagram.com\/accounts\/login\/?next=httpswww.instagram.combts.bighitofficialutm_sourceig_web_button_share_sheet&amp;is_from_rle\" rel=\"nofollow noopener\" target=\"_blank\">Jung Kook<\/a>, integrante do grupo <a href=\"https:\/\/www.folhabv.com.br\/tag\/bts\/\" rel=\"nofollow noopener\" target=\"_blank\">BTS<\/a>. A deten\u00e7\u00e3o ocorreu ap\u00f3s a mulher retornar \u00e0 resid\u00eancia do artista, mesmo ap\u00f3s registros anteriores e um pedido de medida protetiva.<\/p>\n<p>Segundo a pol\u00edcia, a suspeita causou tumulto no local por volta das 14h50. Ela mexeu em correspond\u00eancias, pendurou fotografias e escreveu mensagens nas grades da casa. Al\u00e9m disso, agentes informaram que o comportamento se repetia desde dezembro.<\/p>\n<p>A mulher j\u00e1 havia sido presa em flagrante no dia 13 de dezembro. No entanto, voltou ao endere\u00e7o no dia 28, apesar das orienta\u00e7\u00f5es para n\u00e3o se aproximar novamente do local. Diante da reincid\u00eancia, o caso ganhou maior gravidade.<\/p>\n<p>Por isso, Jung Kook solicitou uma ordem de restri\u00e7\u00e3o contra a brasileira, com base na legisla\u00e7\u00e3o anti-stalking da Coreia do Sul. Mesmo assim, a suspeita retornou \u00e0 resid\u00eancia neste domingo. Como resultado, a pol\u00edcia efetuou a pris\u00e3o imediata.<\/p>\n<p class=\"text-center small w-100 mb-2\" style=\"font-size: 0.8rem !important; text-decoration: underline;\">CONTINUA DEPOIS DA PUBLICIDADE<\/p>\n<p>\n                <video controls=\"\" class=\"w-100\" preload=\"metadata\" autoplay=\"\" muted=\"\" loop=\"\"><\/p>\n<p>                    Seu navegador n\u00e3o suporta a reprodu\u00e7\u00e3o de v\u00eddeos.<br \/>\n                <\/video>\n            <\/p>\n<p>O cantor j\u00e1 falou publicamente sobre epis\u00f3dios de persegui\u00e7\u00e3o e invas\u00e3o de privacidade. Em declara\u00e7\u00e3o anterior, Jung Kook afirmou que acompanhou uma tentativa de invas\u00e3o pelas c\u00e2meras de seguran\u00e7a e relatou que a mulher alegou ser sua amiga no momento da abordagem policial. Ainda assim, ele destacou que \u00e9 grato ao carinho dos f\u00e3s, mas refor\u00e7ou que admira\u00e7\u00e3o n\u00e3o justifica ultrapassar limites. Segundo o artista, todos os casos ser\u00e3o encaminhados \u00e0s autoridades.<\/p>\n<p>Por fim, a pol\u00edcia informou que casos de persegui\u00e7\u00e3o a artistas recebem tratamento rigoroso na Coreia do Sul, especialmente ap\u00f3s o endurecimento das leis anti-stalking, que preveem pris\u00e3o em situa\u00e7\u00f5es de reincid\u00eancia ou descumprimento de ordens judiciais.<\/p>\n<p class=\"text-center mb-3 mt-5\" style=\"line-height:0; font-size: 0.8rem;\">\n CONTINUA DEPOIS DA PUBLICIDADE\n<\/p>\n<p>\t<script async src=\"\/\/www.instagram.com\/embed.js\"><\/script><\/p>\n","protected":false},"excerpt":{"rendered":"A pol\u00edcia do distrito de Yongsan prendeu uma brasileira, na faixa dos 30 anos, neste domingo (4), em&hellip;\n","protected":false},"author":2,"featured_media":216192,"comment_status":"","ping_status":"","sticky":false,"template":"","format":"standard","meta":{"footnotes":""},"categories":[141],"tags":[2344,114,115,12422,7338,149,150,42076,32,33],"class_list":{"0":"post-216191","1":"post","2":"type-post","3":"status-publish","4":"format-standard","5":"has-post-thumbnail","7":"category-musica","8":"tag-bts","9":"tag-entertainment","10":"tag-entretenimento","11":"tag-jungkook","12":"tag-kpop","13":"tag-music","14":"tag-musica","15":"tag-onda-coreana","16":"tag-portugal","17":"tag-pt"},"share_on_mastodon":{"url":"https:\/\/pubeurope.com\/@pt\/115843624284587269","error":""},"_links":{"self":[{"href":"https:\/\/www.europesays.com\/pt\/wp-json\/wp\/v2\/posts\/216191","targetHints":{"allow":["GET"]}}],"collection":[{"href":"https:\/\/www.europesays.com\/pt\/wp-json\/wp\/v2\/posts"}],"about":[{"href":"https:\/\/www.europesays.com\/pt\/wp-json\/wp\/v2\/types\/post"}],"author":[{"embeddable":true,"href":"https:\/\/www.europesays.com\/pt\/wp-json\/wp\/v2\/users\/2"}],"replies":[{"embeddable":true,"href":"https:\/\/www.europesays.com\/pt\/wp-json\/wp\/v2\/comments?post=216191"}],"version-history":[{"count":0,"href":"https:\/\/www.europesays.com\/pt\/wp-json\/wp\/v2\/posts\/216191\/revisions"}],"wp:featuredmedia":[{"embeddable":true,"href":"https:\/\/www.europesays.com\/pt\/wp-json\/wp\/v2\/media\/216192"}],"wp:attachment":[{"href":"https:\/\/www.europesays.com\/pt\/wp-json\/wp\/v2\/media?parent=216191"}],"wp:term":[{"taxonomy":"category","embeddable":true,"href":"https:\/\/www.europesays.com\/pt\/wp-json\/wp\/v2\/categories?post=216191"},{"taxonomy":"post_tag","embeddable":true,"href":"https:\/\/www.europesays.com\/pt\/wp-json\/wp\/v2\/tags?post=216191"}],"curies":[{"name":"wp","href":"https:\/\/api.w.org\/{rel}","templated":true}]}}