{"id":216193,"date":"2026-01-05T17:16:17","date_gmt":"2026-01-05T17:16:17","guid":{"rendered":"https:\/\/www.europesays.com\/pt\/216193\/"},"modified":"2026-01-05T17:16:17","modified_gmt":"2026-01-05T17:16:17","slug":"os-sete-filmes-brasileiros-mais-aguardados-de-2026-05-01-2026-thiago-stivaletti","status":"publish","type":"post","link":"https:\/\/www.europesays.com\/pt\/216193\/","title":{"rendered":"Os sete filmes brasileiros mais aguardados de 2026 &#8211; 05\/01\/2026 &#8211; Thiago Stivaletti"},"content":{"rendered":"<p>Surfando no sucesso de &#8220;<a href=\"https:\/\/www1.folha.uol.com.br\/folha-topicos\/ainda-estou-aqui\/\" rel=\"nofollow noopener\" target=\"_blank\">Ainda Estou Aqui<\/a>&#8221; e &#8220;<a href=\"https:\/\/www1.folha.uol.com.br\/folha-topicos\/o-agente-secreto\/\" rel=\"nofollow noopener\" target=\"_blank\">O Agente Secreto<\/a>&#8220;, o <a href=\"https:\/\/www1.folha.uol.com.br\/folha-topicos\/cinema\/\" rel=\"nofollow noopener\" target=\"_blank\">cinema<\/a> brasileiro reserva sua cota de filmes aguardados para 2026. &#8220;Se eu Fosse Voc\u00ea&#8221; e &#8220;Cabras da Peste&#8221; ganham sequ\u00eancias, assim como o megassucesso &#8220;Bruna Surfistinha&#8221; com <a href=\"https:\/\/www1.folha.uol.com.br\/folha-topicos\/deborah-secco\/\" rel=\"nofollow noopener\" target=\"_blank\">Deborah Secco<\/a> de volta ao papel da garota de programa mais famosa do pa\u00eds.<\/p>\n<p>  <a href=\"https:\/\/f5.folha.uol.com.br\/colunistas\/thiagostivaletti\/\" rel=\"nofollow noopener\" target=\"_blank\"><br \/>\n    <img decoding=\"async\" src=\"https:\/\/www.europesays.com\/pt\/wp-content\/uploads\/2025\/08\/171986525566830fa7f3371_1719865255_1x1_xs.jpg\" alt=\"Foto de Thiago Stivaletti\" class=\"img-responsive c-lazyload\"\/><\/p>\n<p>  <\/a><\/p>\n<p class=\"author__description\">\n    Thiago Stivaletti \u00e9 jornalista e cr\u00edtico de cinema, TV e streaming. Foi rep\u00f3rter na Folha de S.Paulo e colunista do UOL. Como roteirista, escreveu para o V\u00eddeo Show (Globo) e o TVZ (Multishow)\n  <\/p>\n","protected":false},"excerpt":{"rendered":"Surfando no sucesso de &#8220;Ainda Estou Aqui&#8221; e &#8220;O Agente Secreto&#8220;, o cinema brasileiro reserva sua cota de&hellip;\n","protected":false},"author":2,"featured_media":216194,"comment_status":"","ping_status":"","sticky":false,"template":"","format":"standard","meta":{"footnotes":""},"categories":[140],"tags":[207,219,3863,211,13515,470,223,114,115,224,225,1747,1746,147,148,226,2595,221,220,222,25088,26718,9555,146,2931,2158,32,33,1136,218,228,10206,227],"class_list":{"0":"post-216193","1":"post","2":"type-post","3":"status-publish","4":"format-standard","5":"has-post-thumbnail","7":"category-filmes","8":"tag-arte","9":"tag-bichos","10":"tag-bruna-marquezine","11":"tag-celebridades","12":"tag-central-do-brasil","13":"tag-cinema","14":"tag-colunistas","15":"tag-entertainment","16":"tag-entretenimento","17":"tag-estranho","18":"tag-eu-amo","19":"tag-fernanda-montenegro","20":"tag-fernanda-torres","21":"tag-film","22":"tag-filmes","23":"tag-fofices","24":"tag-hollywood","25":"tag-horoscopo","26":"tag-humanos","27":"tag-humor","28":"tag-ingrid-guimares","29":"tag-kleber-mendona-filho","30":"tag-lady-night","31":"tag-movies","32":"tag-novela","33":"tag-o-agente-secreto","34":"tag-portugal","35":"tag-pt","36":"tag-tata-werneck","37":"tag-televisao","38":"tag-tudo","39":"tag-vera-fischer","40":"tag-videos"},"share_on_mastodon":{"url":"https:\/\/pubeurope.com\/@pt\/115843628011429553","error":""},"_links":{"self":[{"href":"https:\/\/www.europesays.com\/pt\/wp-json\/wp\/v2\/posts\/216193","targetHints":{"allow":["GET"]}}],"collection":[{"href":"https:\/\/www.europesays.com\/pt\/wp-json\/wp\/v2\/posts"}],"about":[{"href":"https:\/\/www.europesays.com\/pt\/wp-json\/wp\/v2\/types\/post"}],"author":[{"embeddable":true,"href":"https:\/\/www.europesays.com\/pt\/wp-json\/wp\/v2\/users\/2"}],"replies":[{"embeddable":true,"href":"https:\/\/www.europesays.com\/pt\/wp-json\/wp\/v2\/comments?post=216193"}],"version-history":[{"count":0,"href":"https:\/\/www.europesays.com\/pt\/wp-json\/wp\/v2\/posts\/216193\/revisions"}],"wp:featuredmedia":[{"embeddable":true,"href":"https:\/\/www.europesays.com\/pt\/wp-json\/wp\/v2\/media\/216194"}],"wp:attachment":[{"href":"https:\/\/www.europesays.com\/pt\/wp-json\/wp\/v2\/media?parent=216193"}],"wp:term":[{"taxonomy":"category","embeddable":true,"href":"https:\/\/www.europesays.com\/pt\/wp-json\/wp\/v2\/categories?post=216193"},{"taxonomy":"post_tag","embeddable":true,"href":"https:\/\/www.europesays.com\/pt\/wp-json\/wp\/v2\/tags?post=216193"}],"curies":[{"name":"wp","href":"https:\/\/api.w.org\/{rel}","templated":true}]}}