{"id":216195,"date":"2026-01-05T17:17:13","date_gmt":"2026-01-05T17:17:13","guid":{"rendered":"https:\/\/www.europesays.com\/pt\/216195\/"},"modified":"2026-01-05T17:17:13","modified_gmt":"2026-01-05T17:17:13","slug":"benfica-negocia-com-napoles-e-quer-lorenzo-lucca-para-reforcar-ataque","status":"publish","type":"post","link":"https:\/\/www.europesays.com\/pt\/216195\/","title":{"rendered":"Benfica negocia com N\u00e1poles e quer Lorenzo Lucca para refor\u00e7ar ataque"},"content":{"rendered":"<p>&#13;<br \/>\nSegundo o Corriere dello Sport, os contatos entre os dois clubes evolu\u00edram nas \u00faltimas horas, depois de o jogador ter sido oferecido ao Benfica pelo N\u00e1poles.\u00a0&#13;\n<\/p>\n<p>&#13;<br \/>\nRui Costa procura incluir uma op\u00e7\u00e3o de compra no acordo, enquanto os napolitanos preferem uma venda definitiva por cerca de 30 milh\u00f5es de euros, valor que lhes permitir\u00e1 cumprir a obriga\u00e7\u00e3o de adquirir o passe \u00e0 Udinese por 26 milh\u00f5es.&#13;\n<\/p>\n<p>&#13;<br \/>\nCaso n\u00e3o seja poss\u00edvel fechar a transfer\u00eancia em definitivo, o N\u00e1poles admite a ced\u00eancia tempor\u00e1ria, mas exige uma taxa pelo empr\u00e9stimo.\u00a0&#13;\n<\/p>\n<p>&#13;<br \/>\nLorenzo Lucca \u00e9 visto como pe\u00e7a-chave para refor\u00e7ar o ataque encarnado neste mercado de inverno.&#13;<\/p>\n","protected":false},"excerpt":{"rendered":"&#13; Segundo o Corriere dello Sport, os contatos entre os dois clubes evolu\u00edram nas \u00faltimas horas, depois de&hellip;\n","protected":false},"author":2,"featured_media":216196,"comment_status":"","ping_status":"","sticky":false,"template":"","format":"standard","meta":{"footnotes":""},"categories":[87],"tags":[79,51,135,38563,2100,32,33,2551,134],"class_list":{"0":"post-216195","1":"post","2":"type-post","3":"status-publish","4":"format-standard","5":"has-post-thumbnail","7":"category-desporto","8":"tag-ataque","9":"tag-benfica","10":"tag-desporto","11":"tag-lorenzo-lucca","12":"tag-napoles","13":"tag-portugal","14":"tag-pt","15":"tag-reforco","16":"tag-sports"},"share_on_mastodon":{"url":"https:\/\/pubeurope.com\/@pt\/115843631960822776","error":""},"_links":{"self":[{"href":"https:\/\/www.europesays.com\/pt\/wp-json\/wp\/v2\/posts\/216195","targetHints":{"allow":["GET"]}}],"collection":[{"href":"https:\/\/www.europesays.com\/pt\/wp-json\/wp\/v2\/posts"}],"about":[{"href":"https:\/\/www.europesays.com\/pt\/wp-json\/wp\/v2\/types\/post"}],"author":[{"embeddable":true,"href":"https:\/\/www.europesays.com\/pt\/wp-json\/wp\/v2\/users\/2"}],"replies":[{"embeddable":true,"href":"https:\/\/www.europesays.com\/pt\/wp-json\/wp\/v2\/comments?post=216195"}],"version-history":[{"count":0,"href":"https:\/\/www.europesays.com\/pt\/wp-json\/wp\/v2\/posts\/216195\/revisions"}],"wp:featuredmedia":[{"embeddable":true,"href":"https:\/\/www.europesays.com\/pt\/wp-json\/wp\/v2\/media\/216196"}],"wp:attachment":[{"href":"https:\/\/www.europesays.com\/pt\/wp-json\/wp\/v2\/media?parent=216195"}],"wp:term":[{"taxonomy":"category","embeddable":true,"href":"https:\/\/www.europesays.com\/pt\/wp-json\/wp\/v2\/categories?post=216195"},{"taxonomy":"post_tag","embeddable":true,"href":"https:\/\/www.europesays.com\/pt\/wp-json\/wp\/v2\/tags?post=216195"}],"curies":[{"name":"wp","href":"https:\/\/api.w.org\/{rel}","templated":true}]}}