{"id":216213,"date":"2026-01-05T17:32:14","date_gmt":"2026-01-05T17:32:14","guid":{"rendered":"https:\/\/www.europesays.com\/pt\/216213\/"},"modified":"2026-01-05T17:32:14","modified_gmt":"2026-01-05T17:32:14","slug":"e-uma-declaracao-maldosa-e-que-demonstra-pessima-memoria-e-confusao-naquela-cabeca","status":"publish","type":"post","link":"https:\/\/www.europesays.com\/pt\/216213\/","title":{"rendered":"\u00ab\u00c9 uma declara\u00e7\u00e3o maldosa e que demonstra p\u00e9ssima mem\u00f3ria e confus\u00e3o naquela cabe\u00e7a\u00bb"},"content":{"rendered":"<p>&#8211; Advertisement &#8211;<\/p>\n<p><strong>Jos\u00e9 Mourinho deixou uma farpa a Oct\u00e1vio Machado na \u00faltima confer\u00eancia de imprensa do Benfica, na vit\u00f3ria contra o Estoril Praia, e teve agora resposta.<\/strong><\/p>\n<p>Oct\u00e1vio Machado marcou presen\u00e7a este domingo na CMTV, onde deixou uma resposta \u00e0s cr\u00edticas de Jos\u00e9 Mourinho, <a href=\"https:\/\/bolanarede.pt\/especial-bola-na-rede\/atualidade\/jose-mourinho-eu-quando-cheguei-ao-fc-porto-encontrei-uma-equipa-muito-mal-treinada-muito-fraca\/\" rel=\"nofollow noopener\" target=\"_blank\">que afirmou que o FC Porto era mal treinado antes da sua chegada<\/a>, em 2002\/03:<\/p>\n<p>\u00abTenho um grande respeito pelo pai dele e por isso n\u00e3o chamo Mourinho. Chamo Jos\u00e9 M\u00e1rio. \u00c9 uma declara\u00e7\u00e3o maldosa e que demonstra p\u00e9ssima mem\u00f3ria e confus\u00e3o naquela cabe\u00e7a. M\u00e1 mem\u00f3ria porque ele devia dizer que esteve dentro de um carro com um empres\u00e1rio, at\u00e9 porque o presidente do FC Porto fazia anos, \u00e0 espera que os convidados sa\u00edssem para ele entrar. N\u00e3o sei como se presta a isto [para suceder a Oct\u00e1vio Machado]. Como jogador, cal\u00e7ava os p\u00e9s ao contr\u00e1rio e estava muito longe daquilo que fui. Se tem inveja de ser como eu, \u00e9 outra coisa. Eu era t\u00e3o mau treinador que ele, efetivamente, n\u00e3o conseguiu fazer melhor. Tem mem\u00f3ria confusa, est\u00e1 muito perturbado. (\u2026) Gostava que Jos\u00e9 Mourinho, uma vez na vida, dissesse que o Apito Dourado \u00e9 mentira\u00bb, afirmou na CM TV.<\/p>\n<p>Oct\u00e1vio Machado continuou com as cr\u00edticas para Jos\u00e9 Mourinho:<\/p>\n<p>\u00ab[26 t\u00edtulos na carreira?] Esse estatuto devia dar-lhe responsabilidade. Devia ter respeito. Que jogue mais, que n\u00e3o seja vendedor de banha da cobra. H\u00e1 quantos anos n\u00e3o ganha um t\u00edtulo? Ele tem um curr\u00edculo invej\u00e1vel, mas foi o que foi mais vezes despedido e que ganhou mais indemniza\u00e7\u00f5es. Vale o que vale\u2026 Orgulho-me do meu passado, nunca tra\u00ed ningu\u00e9m. O senhor Z\u00e9, ao p\u00e9 de mim, n\u00e3o tem dignidade\u00bb.<\/p>\n<p>O antigo treinador atacou ainda o trabalho de Jos\u00e9 Mourinho no Benfica:<\/p>\n<p>\u00abEst\u00e1 a dez pontos. Trouxe com ele uma onde normal e natural de esperan\u00e7a na recupera\u00e7\u00e3o, \u00e9 normal. No FC Porto tinha feito a mesma coisa. Se fores a comparar com o final da \u00e9poca, melhorou zero. No Benfica est\u00e1 a ser igual\u00bb, afirmou.<\/p>\n","protected":false},"excerpt":{"rendered":"&#8211; Advertisement &#8211; Jos\u00e9 Mourinho deixou uma farpa a Oct\u00e1vio Machado na \u00faltima confer\u00eancia de imprensa do Benfica,&hellip;\n","protected":false},"author":2,"featured_media":177920,"comment_status":"","ping_status":"","sticky":false,"template":"","format":"standard","meta":{"footnotes":""},"categories":[87],"tags":[260,51,135,1385,42077,32,479,33,134],"class_list":{"0":"post-216213","1":"post","2":"type-post","3":"status-publish","4":"format-standard","5":"has-post-thumbnail","7":"category-desporto","8":"tag-atualidade","9":"tag-benfica","10":"tag-desporto","11":"tag-jose-mourinho","12":"tag-octavio-machado","13":"tag-portugal","14":"tag-primeira-liga","15":"tag-pt","16":"tag-sports"},"share_on_mastodon":{"url":"https:\/\/pubeurope.com\/@pt\/115843691032945913","error":""},"_links":{"self":[{"href":"https:\/\/www.europesays.com\/pt\/wp-json\/wp\/v2\/posts\/216213","targetHints":{"allow":["GET"]}}],"collection":[{"href":"https:\/\/www.europesays.com\/pt\/wp-json\/wp\/v2\/posts"}],"about":[{"href":"https:\/\/www.europesays.com\/pt\/wp-json\/wp\/v2\/types\/post"}],"author":[{"embeddable":true,"href":"https:\/\/www.europesays.com\/pt\/wp-json\/wp\/v2\/users\/2"}],"replies":[{"embeddable":true,"href":"https:\/\/www.europesays.com\/pt\/wp-json\/wp\/v2\/comments?post=216213"}],"version-history":[{"count":0,"href":"https:\/\/www.europesays.com\/pt\/wp-json\/wp\/v2\/posts\/216213\/revisions"}],"wp:featuredmedia":[{"embeddable":true,"href":"https:\/\/www.europesays.com\/pt\/wp-json\/wp\/v2\/media\/177920"}],"wp:attachment":[{"href":"https:\/\/www.europesays.com\/pt\/wp-json\/wp\/v2\/media?parent=216213"}],"wp:term":[{"taxonomy":"category","embeddable":true,"href":"https:\/\/www.europesays.com\/pt\/wp-json\/wp\/v2\/categories?post=216213"},{"taxonomy":"post_tag","embeddable":true,"href":"https:\/\/www.europesays.com\/pt\/wp-json\/wp\/v2\/tags?post=216213"}],"curies":[{"name":"wp","href":"https:\/\/api.w.org\/{rel}","templated":true}]}}