{"id":216224,"date":"2026-01-05T17:39:09","date_gmt":"2026-01-05T17:39:09","guid":{"rendered":"https:\/\/www.europesays.com\/pt\/216224\/"},"modified":"2026-01-05T17:39:09","modified_gmt":"2026-01-05T17:39:09","slug":"mais-um-reforco-a-vista-no-fc-porto-ha-principio-de-acordo-por-pietuszewski","status":"publish","type":"post","link":"https:\/\/www.europesays.com\/pt\/216224\/","title":{"rendered":"Mais um refor\u00e7o \u00e0 vista no FC Porto: h\u00e1 princ\u00edpio de acordo por Pietuszewski"},"content":{"rendered":"<p>Oskar Pietuszewski est\u00e1 muito perto de ser refor\u00e7o do FC Porto. <strong>A BOLA <\/strong>sabe que o clube azul e branco e o Jagiellonia j\u00e1 alcan\u00e7aram um princ\u00edpio de acordo pelo extremo polaco, de 17 anos, tendo a negocia\u00e7\u00e3o entrado na fase dos detalhes.<\/p>\n<p>Segundo a informa\u00e7\u00e3o recolhida pelo nosso jornal, os drag\u00f5es podem vir a desembolsar um valor a rondar os 10 milh\u00f5es de euros, embora ainda haja arestas a serem limadas. O contrato que vai ligar Pietuszewski ao <a class=\"autolink-enabled\" data-resource-id=\"451\" data-resource-type=\"team\" data-sport=\"football\" href=\"https:\/\/www.abola.pt\/futebol\/fc-porto-451\" rel=\"nofollow noopener\" target=\"_blank\">FC Porto<\/a> ser\u00e1 v\u00e1lido por tr\u00eas temporadas, uma vez que o atleta ainda \u00e9 menor de idade.<\/p>\n<p>Depois de ultimadas as derradeiras al\u00edneas entre as partes envolvidas, o internacional sub-21 pela Pol\u00f3nia vai realizar a indispens\u00e1vel bateria de exames m\u00e9dicos. Estando tudo bem, como \u00e9 de supor, Pietuszewski j\u00e1 poder\u00e1 juntar-se aos novos companheiros de equipa no est\u00e1gio a realizar em solo algarvio, de ter\u00e7a a sexta-feira.<\/p>\n","protected":false},"excerpt":{"rendered":"Oskar Pietuszewski est\u00e1 muito perto de ser refor\u00e7o do FC Porto. A BOLA sabe que o clube azul&hellip;\n","protected":false},"author":2,"featured_media":203177,"comment_status":"","ping_status":"","sticky":false,"template":"","format":"standard","meta":{"footnotes":""},"categories":[8],"tags":[27,28,15,16,14,25,26,21,22,12,13,19,20,32,23,24,33,17,18,29,30,31],"class_list":{"0":"post-216224","1":"post","2":"type-post","3":"status-publish","4":"format-standard","5":"has-post-thumbnail","7":"category-principais-noticias","8":"tag-breaking-news","9":"tag-breakingnews","10":"tag-featured-news","11":"tag-featurednews","12":"tag-headlines","13":"tag-latest-news","14":"tag-latestnews","15":"tag-main-news","16":"tag-mainnews","17":"tag-news","18":"tag-noticias","19":"tag-noticias-principais","20":"tag-noticiasprincipais","21":"tag-portugal","22":"tag-principais-noticias","23":"tag-principaisnoticias","24":"tag-pt","25":"tag-top-stories","26":"tag-topstories","27":"tag-ultimas","28":"tag-ultimas-noticias","29":"tag-ultimasnoticias"},"share_on_mastodon":{"url":"https:\/\/pubeurope.com\/@pt\/115843718770346772","error":""},"_links":{"self":[{"href":"https:\/\/www.europesays.com\/pt\/wp-json\/wp\/v2\/posts\/216224","targetHints":{"allow":["GET"]}}],"collection":[{"href":"https:\/\/www.europesays.com\/pt\/wp-json\/wp\/v2\/posts"}],"about":[{"href":"https:\/\/www.europesays.com\/pt\/wp-json\/wp\/v2\/types\/post"}],"author":[{"embeddable":true,"href":"https:\/\/www.europesays.com\/pt\/wp-json\/wp\/v2\/users\/2"}],"replies":[{"embeddable":true,"href":"https:\/\/www.europesays.com\/pt\/wp-json\/wp\/v2\/comments?post=216224"}],"version-history":[{"count":0,"href":"https:\/\/www.europesays.com\/pt\/wp-json\/wp\/v2\/posts\/216224\/revisions"}],"wp:featuredmedia":[{"embeddable":true,"href":"https:\/\/www.europesays.com\/pt\/wp-json\/wp\/v2\/media\/203177"}],"wp:attachment":[{"href":"https:\/\/www.europesays.com\/pt\/wp-json\/wp\/v2\/media?parent=216224"}],"wp:term":[{"taxonomy":"category","embeddable":true,"href":"https:\/\/www.europesays.com\/pt\/wp-json\/wp\/v2\/categories?post=216224"},{"taxonomy":"post_tag","embeddable":true,"href":"https:\/\/www.europesays.com\/pt\/wp-json\/wp\/v2\/tags?post=216224"}],"curies":[{"name":"wp","href":"https:\/\/api.w.org\/{rel}","templated":true}]}}