{"id":216231,"date":"2026-01-05T17:46:08","date_gmt":"2026-01-05T17:46:08","guid":{"rendered":"https:\/\/www.europesays.com\/pt\/216231\/"},"modified":"2026-01-05T17:46:08","modified_gmt":"2026-01-05T17:46:08","slug":"fc-porto-garante-oskar-pietuszewski-por-10-milhoes","status":"publish","type":"post","link":"https:\/\/www.europesays.com\/pt\/216231\/","title":{"rendered":"FC Porto garante Oskar Pietuszewski por 10 milh\u00f5es"},"content":{"rendered":"<p>O FC Porto tem um princ\u00edpio de acordo para contratar\u00a0Oskar Pietuszewski, apurou o <strong>Maisfutebol<\/strong>.<\/p>\n<p>Nesta altura, as partes acertam os detalhes para fechar a transfer\u00eancia do jovem de 17 anos, que pertence ao Jagiellonia, da Pol\u00f3nia, sendo que o essencial do neg\u00f3cio est\u00e1 feito.<\/p>\n<p>A transfer\u00eancia foi fechada por um valor total de 10 milh\u00f5es de euros, j\u00e1 com b\u00f3nus inclu\u00eddos, mais uma percentagem de uma futura venda para o Jagiellonia.<\/p>\n<p>S\u00e3o precisamente esses detalhes que ainda faltam acertar para fechar definitivamente o neg\u00f3cio, sendo que o jogador acertou contrato para assinar at\u00e9 2030.<\/p>\n<p>Recorde-se que as negocia\u00e7\u00f5es j\u00e1 come\u00e7aram h\u00e1 algumas semanas. O\u00a0Jagiellonia pediu inicialmente 10 milh\u00f5es de euros, mas o FC Porto estava a tentar baixar esse valor.<\/p>\n<p>Oskar Pietuszewski \u00e9 extremo e \u00e9 considerado o maior talento do futebol polaco nesta altura.\u00a0Estreou-se na equipa principal do Jagiellonia na temporada passada e, ao todo, tem 54 jogos, quatro golos e duas assist\u00eancias.<\/p>\n","protected":false},"excerpt":{"rendered":"O FC Porto tem um princ\u00edpio de acordo para contratar\u00a0Oskar Pietuszewski, apurou o Maisfutebol. Nesta altura, as partes&hellip;\n","protected":false},"author":2,"featured_media":203386,"comment_status":"","ping_status":"","sticky":false,"template":"","format":"standard","meta":{"footnotes":""},"categories":[87],"tags":[135,282,40500,46,40,42,41,40370,40369,32,33,47,2551,40371,134,35],"class_list":{"0":"post-216231","1":"post","2":"type-post","3":"status-publish","4":"format-standard","5":"has-post-thumbnail","7":"category-desporto","8":"tag-desporto","9":"tag-fc-porto","10":"tag-jagiellonia-bialystok","11":"tag-maisfutebol","12":"tag-maistransferencias","13":"tag-mercado","14":"tag-mercado-de-transferencias","15":"tag-oskar-pietuszewski","16":"tag-pietuszewski","17":"tag-portugal","18":"tag-pt","19":"tag-pura-paixao","20":"tag-reforco","21":"tag-reforco-fc-porto","22":"tag-sports","23":"tag-transferencias"},"share_on_mastodon":{"url":"https:\/\/pubeurope.com\/@pt\/115843745955214509","error":""},"_links":{"self":[{"href":"https:\/\/www.europesays.com\/pt\/wp-json\/wp\/v2\/posts\/216231","targetHints":{"allow":["GET"]}}],"collection":[{"href":"https:\/\/www.europesays.com\/pt\/wp-json\/wp\/v2\/posts"}],"about":[{"href":"https:\/\/www.europesays.com\/pt\/wp-json\/wp\/v2\/types\/post"}],"author":[{"embeddable":true,"href":"https:\/\/www.europesays.com\/pt\/wp-json\/wp\/v2\/users\/2"}],"replies":[{"embeddable":true,"href":"https:\/\/www.europesays.com\/pt\/wp-json\/wp\/v2\/comments?post=216231"}],"version-history":[{"count":0,"href":"https:\/\/www.europesays.com\/pt\/wp-json\/wp\/v2\/posts\/216231\/revisions"}],"wp:featuredmedia":[{"embeddable":true,"href":"https:\/\/www.europesays.com\/pt\/wp-json\/wp\/v2\/media\/203386"}],"wp:attachment":[{"href":"https:\/\/www.europesays.com\/pt\/wp-json\/wp\/v2\/media?parent=216231"}],"wp:term":[{"taxonomy":"category","embeddable":true,"href":"https:\/\/www.europesays.com\/pt\/wp-json\/wp\/v2\/categories?post=216231"},{"taxonomy":"post_tag","embeddable":true,"href":"https:\/\/www.europesays.com\/pt\/wp-json\/wp\/v2\/tags?post=216231"}],"curies":[{"name":"wp","href":"https:\/\/api.w.org\/{rel}","templated":true}]}}