{"id":216242,"date":"2026-01-05T17:53:18","date_gmt":"2026-01-05T17:53:18","guid":{"rendered":"https:\/\/www.europesays.com\/pt\/216242\/"},"modified":"2026-01-05T17:53:18","modified_gmt":"2026-01-05T17:53:18","slug":"gronelandia-nao-e-um-pedaco-de-terra-a-venda-ue-endurece-discurso-contra-pretensoes-americanas","status":"publish","type":"post","link":"https:\/\/www.europesays.com\/pt\/216242\/","title":{"rendered":"Gronel\u00e2ndia &#8220;n\u00e3o \u00e9 um peda\u00e7o de terra \u00e0 venda&#8221;: UE endurece discurso contra pretens\u00f5es americanas"},"content":{"rendered":"<p>A Uni\u00e3o Europeia (UE) avisou hoje que a Gronel\u00e2ndia n\u00e3o \u00e9 &#8220;um bocado de terra que esteja \u00e0 venda&#8221;, ap\u00f3s renovadas amea\u00e7as dos Estados Unidos sobre o territ\u00f3rio aut\u00f3nomo da Dinamarca.<\/p>\n<p>&#8220;Estamos em contacto com a Gronel\u00e2ndia e o seu primeiro-ministro, Jens Frederik Nielsen, e garantimos que o territ\u00f3rio n\u00e3o \u00e9 um peda\u00e7o de terra que esteja \u00e0 venda&#8221;, referiu na confer\u00eancia de imprensa di\u00e1ria a porta-voz do executivo comunit\u00e1rio, Paula Pinho.<\/p>\n<p>Por seu lado, a porta-voz para a Pol\u00edtica Externa Annitta Hipper reiterou que a UE &#8220;continuar\u00e1 a defender os princ\u00edpios de soberania nacional, de integridade territorial e da inviolabilidade das fronteiras&#8221;.<\/p>\n<p>&#8220;E ainda mais se a integridade territorial de um Estado-Membro da Uni\u00e3o Europeia for posta em causa&#8221;, acrescentou.<\/p>\n<p>A Gronel\u00e2ndia \u00e9 cobi\u00e7ada pelo Presidente norte-americano, Donald Trump, para grande desagrado da Dinamarca, e as tens\u00f5es entre os dois pa\u00edses foram reativadas pelo an\u00fancio, no final de dezembro, da Casa Branca, sobre a nomea\u00e7\u00e3o de um enviado especial para este vasto territ\u00f3rio aut\u00f3nomo dinamarqu\u00eas.<\/p>\n","protected":false},"excerpt":{"rendered":"A Uni\u00e3o Europeia (UE) avisou hoje que a Gronel\u00e2ndia n\u00e3o \u00e9 &#8220;um bocado de terra que esteja \u00e0&hellip;\n","protected":false},"author":2,"featured_media":199620,"comment_status":"","ping_status":"","sticky":false,"template":"","format":"standard","meta":{"footnotes":""},"categories":[8],"tags":[27,28,15,16,14,25,26,21,22,12,13,19,20,32,23,24,33,17,18,29,30,31],"class_list":{"0":"post-216242","1":"post","2":"type-post","3":"status-publish","4":"format-standard","5":"has-post-thumbnail","7":"category-principais-noticias","8":"tag-breaking-news","9":"tag-breakingnews","10":"tag-featured-news","11":"tag-featurednews","12":"tag-headlines","13":"tag-latest-news","14":"tag-latestnews","15":"tag-main-news","16":"tag-mainnews","17":"tag-news","18":"tag-noticias","19":"tag-noticias-principais","20":"tag-noticiasprincipais","21":"tag-portugal","22":"tag-principais-noticias","23":"tag-principaisnoticias","24":"tag-pt","25":"tag-top-stories","26":"tag-topstories","27":"tag-ultimas","28":"tag-ultimas-noticias","29":"tag-ultimasnoticias"},"share_on_mastodon":{"url":"https:\/\/pubeurope.com\/@pt\/115843773477163991","error":""},"_links":{"self":[{"href":"https:\/\/www.europesays.com\/pt\/wp-json\/wp\/v2\/posts\/216242","targetHints":{"allow":["GET"]}}],"collection":[{"href":"https:\/\/www.europesays.com\/pt\/wp-json\/wp\/v2\/posts"}],"about":[{"href":"https:\/\/www.europesays.com\/pt\/wp-json\/wp\/v2\/types\/post"}],"author":[{"embeddable":true,"href":"https:\/\/www.europesays.com\/pt\/wp-json\/wp\/v2\/users\/2"}],"replies":[{"embeddable":true,"href":"https:\/\/www.europesays.com\/pt\/wp-json\/wp\/v2\/comments?post=216242"}],"version-history":[{"count":0,"href":"https:\/\/www.europesays.com\/pt\/wp-json\/wp\/v2\/posts\/216242\/revisions"}],"wp:featuredmedia":[{"embeddable":true,"href":"https:\/\/www.europesays.com\/pt\/wp-json\/wp\/v2\/media\/199620"}],"wp:attachment":[{"href":"https:\/\/www.europesays.com\/pt\/wp-json\/wp\/v2\/media?parent=216242"}],"wp:term":[{"taxonomy":"category","embeddable":true,"href":"https:\/\/www.europesays.com\/pt\/wp-json\/wp\/v2\/categories?post=216242"},{"taxonomy":"post_tag","embeddable":true,"href":"https:\/\/www.europesays.com\/pt\/wp-json\/wp\/v2\/tags?post=216242"}],"curies":[{"name":"wp","href":"https:\/\/api.w.org\/{rel}","templated":true}]}}