{"id":216275,"date":"2026-01-05T18:21:12","date_gmt":"2026-01-05T18:21:12","guid":{"rendered":"https:\/\/www.europesays.com\/pt\/216275\/"},"modified":"2026-01-05T18:21:12","modified_gmt":"2026-01-05T18:21:12","slug":"fc-porto-dispara-na-lideranca","status":"publish","type":"post","link":"https:\/\/www.europesays.com\/pt\/216275\/","title":{"rendered":"FC Porto dispara na lideran\u00e7a"},"content":{"rendered":"<p itemprop=\"description\" class=\"article-lead\">\n      Os drag\u00f5es aumentaram a vantagem com que comandam a I Liga depois da vit\u00f3ria por 1-0 nos A\u00e7ores, fruto de um erro incr\u00edvel do guarda-redes do Santa Clara que Samu n\u00e3o perdoou. Completada a primeira volta, os campe\u00f5es de inverno disp\u00f5em agora de sete pontos de avan\u00e7o relativamente ao Sporting, que segue na segunda posi\u00e7\u00e3o, e dez para o Benfica, terceiro classificado.&#13;<\/p>\n<p itemprop=\"text\" class=\"article-body\">\n      O golo decisivo, que fez a diferen\u00e7a no encontro, aconteceu aos 50 minutos, na sequ\u00eancia de um erro clamoroso do guarda-redes brasileiro do Santa Clara, que, ao tentar servir um companheiro, entregou a bola ao avan\u00e7ado espanhol e este, com a baliza \u00e0 merc\u00ea, n\u00e3o desperdi\u00e7ou.<\/p>\n<p>Com o triunfo, o FC Porto fecha a primeira volta como l\u00edder imbat\u00edvel e solidifica o primeiro lugar com 49 pontos, mais sete do que o Sporting, que empatou com o Gil Vicente 1-1, na sexta-feira.<\/p>\n<p>Para este jogo, Francesco Farioli realizou uma altera\u00e7\u00e3o no &#8216;onze&#8217; face \u00e0 vit\u00f3ria frente ao AVS (2-0), ao promover Gabri Veiga \u00e0 titularidade no lugar de Rodrigo Mora.<\/p>\n<p>J\u00e1 Vasco Matos foi mais interventivo e promoveu quatro mudan\u00e7as em rela\u00e7\u00e3o ao empate com Arouca (0-0), ao colocar de in\u00edcio Paulo Victor, Lucas, Vinicius e Dj\u00e9 Tavares, experimentando uma nova din\u00e2mica ofensiva assente na dupla Gabriel e Vinicius, sem um homem fixo na frente.<\/p>\n<p>Ao longo dos primeiros 45 minutos, o FC Porto assumiu o dom\u00ednio da bola (chegou ao intervalo com 68% de posse), instalando-se no meio-campo contr\u00e1rio, enquanto o Santa Clara procurou manter a organiza\u00e7\u00e3o defensiva e sair em contra-ataque.<\/p>\n<p>Os a\u00e7orianos foram eficazes na conten\u00e7\u00e3o defensiva e obrigaram os \u2018azuis e brancos\u2019 a um jogo de \u2018paci\u00eancia\u2019, que esbarrou, muitas vezes, na dificuldade em penetrar no \u00faltimo ter\u00e7o do advers\u00e1rio.<\/p>\n<p>Numa primeira parte pouca intensa, a \u00fanica oportunidade de golo do primeiro tempo aconteceu aos 45+3, atrav\u00e9s de um contra-ataque do FC Porto, em que William Gomes aproveitou o espa\u00e7o concedido pelo advers\u00e1rio e rematou, mas viu o golo negado por uma defesa atenta de Gabriel Batista.<\/p>\n<p>A abrir a segunda parte chegou o golo dos \u2018drag\u00f5es\u2019 por via de uma \u2018oferta\u2019 de Gabriel Batista. O guardi\u00e3o brasileiro, com a bola nas m\u00e3os, ia sair a jogar, mas acabou por entregar o esf\u00e9rico a Samu, que s\u00f3 teve de encostar para o 1-0 (aos 50 minutos).<\/p>\n<p>A partida continuou a ser disputada sem grande intensidade, com os portistas a dominarem a posse de bola e o jogo a ficar muito concentrado na zona central do terreno.<\/p>\n<p>Na reta final, a forma\u00e7\u00e3o da casa pressionou alto e colocou mais elementos no processo ofensivo na tentativa de balancear a equipa para a frente, mas a defensiva portista conseguiu tapar os caminhos da baliza e assegurar o triunfo nos A\u00e7ores.<br \/>&#13;\n<\/p>\n<p>\u00a0<\/p>\n<p>O FC Porto terminou a primeira volta destacado na lideran\u00e7a, com 49 pontos (um novo recorde absoluto ap\u00f3s 17 jornadas, equivalente a 16 vit\u00f3rias e um empate), e tirou partido nesta ronda do empate registado pelo Sporting, segundo classificado, em casa do Gil Vicente para elevar para sete pontos a sua vantagem, enquanto os a\u00e7orianos ocupam o 14.\u00ba lugar, com 16 pontos, apenas mais dois do que o Arouca, 16.\u00ba e situado em zona de play-off de manuten\u00e7\u00e3o.<\/p>\n<p>&#13;<br \/>\nPorto de recordes&#13;\n<\/p>\n<p>&#13;<br \/>\nO FC Porto de Francesco Farioli fixou um novo marco hist\u00f3rico na I Liga ao somar 49 pontos em 17 jornadas, correspondentes a 16 vit\u00f3rias e um empate, superando o feito do Benfica, que, em 2019\/20, sob o comando de Bruno Lage, somou 48 pontos, por via de 16 triunfos e uma derrota.&#13;\n<\/p>\n<p>\nDesde que as vit\u00f3rias passaram a valer tr\u00eas pontos, e n\u00e3o apenas dois, o que aconteceu a partir de 1995\/96, o terceiro registo \u00e9 de tr\u00eas \u2018vers\u00f5es\u2019 do FC Porto, que somaram 47 pontos em 1996\/97, 2010\/11 e 2021\/22, em todas as ocasi\u00f5es com 15 vit\u00f3rias e dois empates.<\/p>\n<p>O novo recorde dos portistas foi conseguido com um percurso com apenas dois pontos perdidos, no empate a zero na rece\u00e7\u00e3o ao Benfica, \u00e0 oitava jornada, e com apenas quatro golos sofridos, o melhor registo em 17 jornadas desde o FC Porto de 1995\/96 (tr\u00eas).<\/p>\n<p>A forma\u00e7\u00e3o \u2018azul e branca\u2019 somou 16 embates, nove deles fora, entre os quais o 2-1 em Alvalade, face ao bicampe\u00e3o em t\u00edtulo Sporting, &#8216;selado&#8217; com tentos do neerland\u00eas Luuk de Jong e do brasileiro William Gomes.<\/p>\n<p>Em 2019\/20, os \u2018encarnados\u2019 apresentaram igualmente um trajeto perfeito em reduto alheio, com um 2-0 em Alvalade, e tamb\u00e9m s\u00f3 perderam pontos no cl\u00e1ssico caseiro, ao ca\u00edrem por 2-0 na rece\u00e7\u00e3o ao FC Porto, que se sagraria campe\u00e3o.<\/p>\n<p>Em termos absolutos, o melhor registo da hist\u00f3ria continua imbatido, j\u00e1 que, em 1972\/73, o Benfica, liderado por Jimmy Hagan, venceu os primeiros 23 jogos. Nessa temporada, a equipa da Luz acabaria com 28 vit\u00f3rias e dois empates (2-2 nas Antas e 0-0 na Tapadinha com o Atl\u00e9tico), ambos ap\u00f3s ter assegurado matematicamente o t\u00edtulo, \u00e0 23.\u00aa ronda.&#13;\n<\/p>\n<p>&#13;<br \/>\n(Com Lusa)&#13;<\/p>\n","protected":false},"excerpt":{"rendered":"Os drag\u00f5es aumentaram a vantagem com que comandam a I Liga depois da vit\u00f3ria por 1-0 nos A\u00e7ores,&hellip;\n","protected":false},"author":2,"featured_media":216276,"comment_status":"","ping_status":"","sticky":false,"template":"","format":"standard","meta":{"footnotes":""},"categories":[8],"tags":[27,28,15,16,14,25,26,21,22,12,13,19,20,32,23,24,33,420,421,17,18,29,30,31],"class_list":{"0":"post-216275","1":"post","2":"type-post","3":"status-publish","4":"format-standard","5":"has-post-thumbnail","7":"category-principais-noticias","8":"tag-breaking-news","9":"tag-breakingnews","10":"tag-featured-news","11":"tag-featurednews","12":"tag-headlines","13":"tag-latest-news","14":"tag-latestnews","15":"tag-main-news","16":"tag-mainnews","17":"tag-news","18":"tag-noticias","19":"tag-noticias-principais","20":"tag-noticiasprincipais","21":"tag-portugal","22":"tag-principais-noticias","23":"tag-principaisnoticias","24":"tag-pt","25":"tag-rtp","26":"tag-rtp-noticias","27":"tag-top-stories","28":"tag-topstories","29":"tag-ultimas","30":"tag-ultimas-noticias","31":"tag-ultimasnoticias"},"share_on_mastodon":{"url":"https:\/\/pubeurope.com\/@pt\/115843883565455239","error":""},"_links":{"self":[{"href":"https:\/\/www.europesays.com\/pt\/wp-json\/wp\/v2\/posts\/216275","targetHints":{"allow":["GET"]}}],"collection":[{"href":"https:\/\/www.europesays.com\/pt\/wp-json\/wp\/v2\/posts"}],"about":[{"href":"https:\/\/www.europesays.com\/pt\/wp-json\/wp\/v2\/types\/post"}],"author":[{"embeddable":true,"href":"https:\/\/www.europesays.com\/pt\/wp-json\/wp\/v2\/users\/2"}],"replies":[{"embeddable":true,"href":"https:\/\/www.europesays.com\/pt\/wp-json\/wp\/v2\/comments?post=216275"}],"version-history":[{"count":0,"href":"https:\/\/www.europesays.com\/pt\/wp-json\/wp\/v2\/posts\/216275\/revisions"}],"wp:featuredmedia":[{"embeddable":true,"href":"https:\/\/www.europesays.com\/pt\/wp-json\/wp\/v2\/media\/216276"}],"wp:attachment":[{"href":"https:\/\/www.europesays.com\/pt\/wp-json\/wp\/v2\/media?parent=216275"}],"wp:term":[{"taxonomy":"category","embeddable":true,"href":"https:\/\/www.europesays.com\/pt\/wp-json\/wp\/v2\/categories?post=216275"},{"taxonomy":"post_tag","embeddable":true,"href":"https:\/\/www.europesays.com\/pt\/wp-json\/wp\/v2\/tags?post=216275"}],"curies":[{"name":"wp","href":"https:\/\/api.w.org\/{rel}","templated":true}]}}