{"id":216350,"date":"2026-01-05T19:25:11","date_gmt":"2026-01-05T19:25:11","guid":{"rendered":"https:\/\/www.europesays.com\/pt\/216350\/"},"modified":"2026-01-05T19:25:11","modified_gmt":"2026-01-05T19:25:11","slug":"fiocruz-lanca-curso-sobre-saude-mental-do-trabalhador","status":"publish","type":"post","link":"https:\/\/www.europesays.com\/pt\/216350\/","title":{"rendered":"Fiocruz lan\u00e7a curso sobre sa\u00fade mental do trabalhador"},"content":{"rendered":"<p><img loading=\"lazy\" decoding=\"async\" class=\"align-left\" src=\"https:\/\/www.europesays.com\/pt\/wp-content\/uploads\/2026\/01\/curso_m.jpg\" data-entity-uuid=\"ad9ef2e8-99e1-45b0-be4a-99200a36e45d\" data-entity-type=\"file\" alt=\"Cartaz de curso do Campus Virtual Fiocruz.\" width=\"350\" height=\"350\"\/>Diante do aumento expressivo dos transtornos mentais relacionados ao trabalho no Brasil, um novo curso, intitulado <a href=\"https:\/\/cursosqualificacao.campusvirtual.fiocruz.br\/hotsite\/saudemental-trabalho\" rel=\"nofollow noopener\" target=\"_blank\"><strong>Sa\u00fade Mental do Trabalhador<\/strong><\/a>, foi desenvolvido com o objetivo de qualificar profissionais e estudantes para enfrentar esse desafio de forma cr\u00edtica, preventiva e integrada. Iniciativa do Observat\u00f3rio Nacional de Sa\u00fade Mental e Trabalho, a forma\u00e7\u00e3o lan\u00e7ada pelo <a href=\"https:\/\/campusvirtual.fiocruz.br\/portal\/\" rel=\"nofollow noopener\" target=\"_blank\"><strong>Campus Virtual Fiocruz<\/strong><\/a> prop\u00f5e uma abordagem abrangente sobre as rela\u00e7\u00f5es entre trabalho, sa\u00fade mental e pol\u00edticas p\u00fablicas, considerando os impactos da precariza\u00e7\u00e3o laboral, das viol\u00eancias institucionais e da organiza\u00e7\u00e3o do trabalho sobre a vida dos trabalhadores. <a href=\"https:\/\/cursosqualificacao.campusvirtual.fiocruz.br\/hotsite\/saudemental-trabalho\" rel=\"nofollow noopener\" target=\"_blank\"><strong>As inscri\u00e7\u00f5es est\u00e3o abertas<\/strong><\/a> e o curso \u00e9 online, gratuito e certifica os participantes.\u00a0<\/p>\n<p>O curso tem como objetivo central formar profissionais das \u00e1reas da sa\u00fade, do trabalho e da gest\u00e3o p\u00fablica para reconhecer, analisar e intervir nas din\u00e2micas que afetam a sa\u00fade mental no contexto laboral, promovendo ambientes mais saud\u00e1veis e pr\u00e1ticas institucionais voltadas \u00e0 preven\u00e7\u00e3o, \u00e0 vigil\u00e2ncia e ao cuidado psicossocial. A ideia \u00e9 promover uma compreens\u00e3o cr\u00edtica sobre os fatores sociais, organizacionais e institucionais que atravessam a sa\u00fade mental no trabalho, al\u00e9m de fomentar estrat\u00e9gias concretas de promo\u00e7\u00e3o da sa\u00fade, preven\u00e7\u00e3o de agravos e cuidado psicossocial nos diferentes contextos de atua\u00e7\u00e3o profissional. A proposta dialoga diretamente com a realidade vivenciada nos servi\u00e7os e territ\u00f3rios, buscando fortalecer a atua\u00e7\u00e3o das redes de aten\u00e7\u00e3o psicossocial (Raps), da Rede Nacional de Aten\u00e7\u00e3o Integral \u00e0 Sa\u00fade do Trabalhador (Renast) e dos Centros de Refer\u00eancia em Sa\u00fade do Trabalhador (Cerest).<\/p>\n<p>O curso nasceu da crescente incid\u00eancia de adoecimentos mentais associados ao trabalho, fen\u00f4meno agravado por v\u00ednculos laborais fragilizados, metas excessivas, ass\u00e9dio e pela aus\u00eancia de pol\u00edticas institucionais consistentes de cuidado. Nesse contexto, a forma\u00e7\u00e3o se apresenta como uma resposta estrat\u00e9gica para ampliar a capacidade de vigil\u00e2ncia, preven\u00e7\u00e3o e interven\u00e7\u00e3o no campo da sa\u00fade do trabalhador, contribuindo para pr\u00e1ticas de cuidado integrais, intersetoriais e alinhadas aos determinantes sociais da sa\u00fade.<\/p>\n<p>A coordenadora da nova forma\u00e7\u00e3o, Simone Oliveira, pesquisadora do Centro de Estudos em Sa\u00fade do Trabalhador e Ecologia Humana (Cesteh) da Escola Nacional de Sa\u00fade P\u00fablica Sergio Arouca (Ensp\/Fiocruz), explicou que a realiza\u00e7\u00e3o deste curso surge do encontro de pesquisadores de diferentes institui\u00e7\u00f5es universit\u00e1rias e profissionais da Renast a partir da composi\u00e7\u00e3o do Observat\u00f3rio de Sa\u00fade Mental e Trabalho. Segundo ela, o acirramento da competitividade, o isolamento e o individualismo cada vez mais intenso precisam ser encarados pela gest\u00e3o com acolhimento e escuta! &#8220;Apostamos que o processo reflexivo, aliado a espa\u00e7os de fala, afirmem que os problemas de sa\u00fade mental no trabalho s\u00e3o consequ\u00eancia da organiza\u00e7\u00e3o do trabalho, dos modelos de avalia\u00e7\u00e3o ancorados apenas em metas, sem valoriza\u00e7\u00e3o dos investimentos subjetivos dos trabalhadores e trabalhadoras para darem conta das tarefas. Nossa expectativa \u00e9 que o curso contribua com os processos de transforma\u00e7\u00e3o da realidade do trabalho, coletivamente, e escape da descri\u00e7\u00e3o que individualiza e culpabiliza o trabalhador e a trabalhadora pelo atual quadro de aumento do adoecimento em sa\u00fade mental, fruto da organiza\u00e7\u00e3o do trabalho&#8221;, disse Simone.<\/p>\n<p>Estruturado em quatro m\u00f3dulos e com carga hor\u00e1ria de 20h, o curso aborda desde os fundamentos da rela\u00e7\u00e3o entre sa\u00fade mental e trabalho at\u00e9 estrat\u00e9gias pr\u00e1ticas de interven\u00e7\u00e3o. Os conte\u00fados incluem: uma introdu\u00e7\u00e3o \u00e0 import\u00e2ncia da sa\u00fade mental nos ambientes laborais; a an\u00e1lise das din\u00e2micas de trabalho, da precariza\u00e7\u00e3o e das viol\u00eancias institucionais; a identifica\u00e7\u00e3o e o manejo de transtornos mentais relacionados ao trabalho; e, por fim, estrat\u00e9gias e pol\u00edticas de promo\u00e7\u00e3o de ambientes de trabalho saud\u00e1veis.<\/p>\n<p>Inserido nas \u00e1reas tem\u00e1ticas de Sa\u00fade do Trabalhador, Sa\u00fade Mental, Sa\u00fade Coletiva, Vigil\u00e2ncia em Sa\u00fade, Educa\u00e7\u00e3o e Trabalho e Pol\u00edticas P\u00fablicas, o curso se apresenta como uma iniciativa relevante para profissionais e gestores comprometidos com a constru\u00e7\u00e3o de pr\u00e1ticas institucionais mais humanas, protetivas e sustent\u00e1veis. Ao articular conhecimento t\u00e9cnico, reflex\u00e3o cr\u00edtica e a\u00e7\u00e3o nos territ\u00f3rios, a forma\u00e7\u00e3o refor\u00e7a a centralidade do trabalho como determinante da sa\u00fade e a urg\u00eancia de enfrentar o adoecimento mental como uma quest\u00e3o coletiva e de sa\u00fade p\u00fablica.<\/p>\n<p><a href=\"https:\/\/campusvirtual.fiocruz.br\/portal\/?q=noticia\/95977\" rel=\"nofollow noopener\" target=\"_blank\"><strong>Conhe\u00e7a a estrutura da nova forma\u00e7\u00e3o<\/strong><\/a>.<\/p>\n","protected":false},"excerpt":{"rendered":"Diante do aumento expressivo dos transtornos mentais relacionados ao trabalho no Brasil, um novo curso, intitulado Sa\u00fade Mental&hellip;\n","protected":false},"author":2,"featured_media":216351,"comment_status":"","ping_status":"","sticky":false,"template":"","format":"standard","meta":{"footnotes":""},"categories":[86],"tags":[42092,116,32,33,117,20038,42091,13998],"class_list":{"0":"post-216350","1":"post","2":"type-post","3":"status-publish","4":"format-standard","5":"has-post-thumbnail","7":"category-saude","8":"tag-campus-virtual-da-fiocruz","9":"tag-health","10":"tag-portugal","11":"tag-pt","12":"tag-saude","13":"tag-saude-coletiva","14":"tag-saude-mental-do-trabalhador","15":"tag-vigilancia-em-saude"},"share_on_mastodon":{"url":"https:\/\/pubeurope.com\/@pt\/115844135165442198","error":""},"_links":{"self":[{"href":"https:\/\/www.europesays.com\/pt\/wp-json\/wp\/v2\/posts\/216350","targetHints":{"allow":["GET"]}}],"collection":[{"href":"https:\/\/www.europesays.com\/pt\/wp-json\/wp\/v2\/posts"}],"about":[{"href":"https:\/\/www.europesays.com\/pt\/wp-json\/wp\/v2\/types\/post"}],"author":[{"embeddable":true,"href":"https:\/\/www.europesays.com\/pt\/wp-json\/wp\/v2\/users\/2"}],"replies":[{"embeddable":true,"href":"https:\/\/www.europesays.com\/pt\/wp-json\/wp\/v2\/comments?post=216350"}],"version-history":[{"count":0,"href":"https:\/\/www.europesays.com\/pt\/wp-json\/wp\/v2\/posts\/216350\/revisions"}],"wp:featuredmedia":[{"embeddable":true,"href":"https:\/\/www.europesays.com\/pt\/wp-json\/wp\/v2\/media\/216351"}],"wp:attachment":[{"href":"https:\/\/www.europesays.com\/pt\/wp-json\/wp\/v2\/media?parent=216350"}],"wp:term":[{"taxonomy":"category","embeddable":true,"href":"https:\/\/www.europesays.com\/pt\/wp-json\/wp\/v2\/categories?post=216350"},{"taxonomy":"post_tag","embeddable":true,"href":"https:\/\/www.europesays.com\/pt\/wp-json\/wp\/v2\/tags?post=216350"}],"curies":[{"name":"wp","href":"https:\/\/api.w.org\/{rel}","templated":true}]}}