{"id":216361,"date":"2026-01-05T19:35:10","date_gmt":"2026-01-05T19:35:10","guid":{"rendered":"https:\/\/www.europesays.com\/pt\/216361\/"},"modified":"2026-01-05T19:35:10","modified_gmt":"2026-01-05T19:35:10","slug":"sabe-quem-e-este-bebe-dica-esta-numa-relacao-com-uma-grande-apresentadora-da-tvi-secret-story","status":"publish","type":"post","link":"https:\/\/www.europesays.com\/pt\/216361\/","title":{"rendered":"Sabe quem \u00e9 este beb\u00e9? Dica: est\u00e1 numa rela\u00e7\u00e3o com uma grande apresentadora da TVI &#8211; Secret Story"},"content":{"rendered":"<p data-end=\"797\" data-start=\"511\">Cristina Ferreira recorreu ao <strong data-end=\"554\" data-start=\"541\">Instagram<\/strong>, este domingo, dia <strong data-end=\"590\" data-start=\"574\">4 de janeiro<\/strong>, para partilhar uma fotografia especial que despertou a curiosidade dos seguidores. Na imagem, surge um menino, acompanhado de uma legenda enigm\u00e1tica: \u00abUm gosto por cada resposta certa. Quem \u00e9 este rapaz?\u00bb.<\/p>\n<p data-end=\"797\" data-start=\"511\">Sabe quem \u00e9 o menino da foto acima? N\u00f3s dizemos-lhe!<\/p>\n<p data-end=\"1110\" data-start=\"799\">A publica\u00e7\u00e3o rapidamente gerou dezenas de coment\u00e1rios, com os f\u00e3s a tentarem adivinhar quem era a crian\u00e7a retratada. N\u00e3o demorou muito at\u00e9 que o mist\u00e9rio fosse desvendado, com v\u00e1rias respostas a apontarem na mesma dire\u00e7\u00e3o. \u00abO Jo\u00e3o\u00bb, escreveu um seguidor, enquanto outro acrescentou \u00abJo\u00e3o Monteiro, pelos olhos\u00bb.<\/p>\n<p data-end=\"1354\" data-start=\"1112\">A fotografia partilhada por Cristina Ferreira corresponde, afinal, a <strong data-end=\"1198\" data-start=\"1181\">Jo\u00e3o Monteiro<\/strong>, companheiro da apresentadora, em crian\u00e7a. A semelhan\u00e7a nos tra\u00e7os, em especial no olhar, foi o detalhe que levou os f\u00e3s a acertar rapidamente na resposta.<\/p>\n<p data-end=\"1566\" data-start=\"1356\">Recorde-se que <strong data-end=\"1425\" data-start=\"1371\">Jo\u00e3o Monteiro comemorou recentemente o anivers\u00e1rio<\/strong>, data que foi assinalada publicamente por Cristina Ferreira, tornando esta partilha ainda mais simb\u00f3lica e carregada de significado pessoal.<\/p>\n<p data-end=\"1781\" data-start=\"1568\"><a href=\"https:\/\/www.instagram.com\/p\/DTGbgUmDJFc\/\" rel=\"nofollow noopener\" target=\"_blank\">Veja aqui a publica\u00e7\u00e3o original.<\/a><\/p>\n<p>                        <script async src=\"\/\/www.instagram.com\/embed.js\"><\/script><\/p>\n","protected":false},"excerpt":{"rendered":"Cristina Ferreira recorreu ao Instagram, este domingo, dia 4 de janeiro, para partilhar uma fotografia especial que despertou&hellip;\n","protected":false},"author":2,"featured_media":216362,"comment_status":"","ping_status":"","sticky":false,"template":"","format":"standard","meta":{"footnotes":""},"categories":[142],"tags":[18706,114,115,18705,6470,32,33,151,18704],"class_list":{"0":"post-216361","1":"post","2":"type-post","3":"status-publish","4":"format-standard","5":"has-post-thumbnail","7":"category-tv","8":"tag-bastidores-secret-story","9":"tag-entertainment","10":"tag-entretenimento","11":"tag-entrevistas-concorrentes-tvi","12":"tag-joao-monteiro","13":"tag-portugal","14":"tag-pt","15":"tag-tv","16":"tag-vida-fora-da-casa"},"share_on_mastodon":{"url":"https:\/\/pubeurope.com\/@pt\/115844174488323786","error":""},"_links":{"self":[{"href":"https:\/\/www.europesays.com\/pt\/wp-json\/wp\/v2\/posts\/216361","targetHints":{"allow":["GET"]}}],"collection":[{"href":"https:\/\/www.europesays.com\/pt\/wp-json\/wp\/v2\/posts"}],"about":[{"href":"https:\/\/www.europesays.com\/pt\/wp-json\/wp\/v2\/types\/post"}],"author":[{"embeddable":true,"href":"https:\/\/www.europesays.com\/pt\/wp-json\/wp\/v2\/users\/2"}],"replies":[{"embeddable":true,"href":"https:\/\/www.europesays.com\/pt\/wp-json\/wp\/v2\/comments?post=216361"}],"version-history":[{"count":0,"href":"https:\/\/www.europesays.com\/pt\/wp-json\/wp\/v2\/posts\/216361\/revisions"}],"wp:featuredmedia":[{"embeddable":true,"href":"https:\/\/www.europesays.com\/pt\/wp-json\/wp\/v2\/media\/216362"}],"wp:attachment":[{"href":"https:\/\/www.europesays.com\/pt\/wp-json\/wp\/v2\/media?parent=216361"}],"wp:term":[{"taxonomy":"category","embeddable":true,"href":"https:\/\/www.europesays.com\/pt\/wp-json\/wp\/v2\/categories?post=216361"},{"taxonomy":"post_tag","embeddable":true,"href":"https:\/\/www.europesays.com\/pt\/wp-json\/wp\/v2\/tags?post=216361"}],"curies":[{"name":"wp","href":"https:\/\/api.w.org\/{rel}","templated":true}]}}