{"id":216373,"date":"2026-01-05T19:43:10","date_gmt":"2026-01-05T19:43:10","guid":{"rendered":"https:\/\/www.europesays.com\/pt\/216373\/"},"modified":"2026-01-05T19:43:10","modified_gmt":"2026-01-05T19:43:10","slug":"captura-de-maduro-intensifica-tensoes-diplomaticas","status":"publish","type":"post","link":"https:\/\/www.europesays.com\/pt\/216373\/","title":{"rendered":"Captura de Maduro intensifica tens\u00f5es diplom\u00e1ticas"},"content":{"rendered":"<p>O Conselho de Seguran\u00e7a das Na\u00e7\u00f5es Unidas transformou-se esta segunda-feira, 5 de janeiro, num palco confronta\u00e7\u00e3o diplom\u00e1tica na sequ\u00eancia da recente captura de Nicol\u00e1s Maduro e da sua mulher, Cilia Flores, por for\u00e7as norte-americanas. <\/p>\n<p>O enviado da R\u00fassia na ONU, Vasily Nebenzya, abriu as hostilidades ao classificar a interven\u00e7\u00e3o como um pren\u00fancio de um regresso \u00e0 era da anarquia e da domina\u00e7\u00e3o pela for\u00e7a, alertando que o &#8220;assalto&#8221; contra o l\u00edder venezuelano representa uma perigosa deriva em &#8220;dire\u00e7\u00e3o ao neocolonialismo&#8221;. Para o diplomata russo, as a\u00e7\u00f5es de Washington ignoram a soberania de um estado independente e demonstram a &#8220;hipocrisia das na\u00e7\u00f5es ocidentais que, noutros contextos, exigem o respeito pela Carta da ONU&#8221;, numa alus\u00e3o direta \u00e0s cr\u00edticas feitas \u00e0 R\u00fassia devido \u00e0 invas\u00e3o da Ucr\u00e2nia em 2022.<\/p>\n<p>Em resposta, o enviado dos Estados Unidos, Mike Waltz, rejeitou categoricamente a narrativa de ocupa\u00e7\u00e3o ou agress\u00e3o militar, definindo o epis\u00f3dio de s\u00e1bado como uma &#8220;opera\u00e7\u00e3o policial cir\u00fargica&#8221; destinada a deter &#8220;dois fugitivos da justi\u00e7a americana indiciados por narcoterrorismo&#8221;.<\/p>\n<p>Waltz justificou a medida perante o Conselho de Seguran\u00e7a afirmando que &#8220;Maduro \u00e9 o principal respons\u00e1vel pela desestabiliza\u00e7\u00e3o do hemisf\u00e9rio ocidental e pela repress\u00e3o ileg\u00edtima do seu pr\u00f3prio povo&#8221;. <\/p>\n<p>Segundo o representante norte-americano, o governo de Donald Trump deu todas as oportunidades \u00e0 diplomacia, mas o falhan\u00e7o de Caracas em responder a essas iniciativas obrigou a uma interven\u00e7\u00e3o que visa, em \u00faltima an\u00e1lise, garantir um futuro mais seguro e est\u00e1vel para a regi\u00e3o e para o mundo.<\/p>\n","protected":false},"excerpt":{"rendered":"O Conselho de Seguran\u00e7a das Na\u00e7\u00f5es Unidas transformou-se esta segunda-feira, 5 de janeiro, num palco confronta\u00e7\u00e3o diplom\u00e1tica na&hellip;\n","protected":false},"author":2,"featured_media":216374,"comment_status":"","ping_status":"","sticky":false,"template":"","format":"standard","meta":{"footnotes":""},"categories":[50],"tags":[27,28,413,15,16,14,25,26,21,22,62,12,13,19,20,910,23,24,839,17,18,29,30,31,3023,63,64,65],"class_list":{"0":"post-216373","1":"post","2":"type-post","3":"status-publish","4":"format-standard","5":"has-post-thumbnail","7":"category-mundo","8":"tag-breaking-news","9":"tag-breakingnews","10":"tag-eua","11":"tag-featured-news","12":"tag-featurednews","13":"tag-headlines","14":"tag-latest-news","15":"tag-latestnews","16":"tag-main-news","17":"tag-mainnews","18":"tag-mundo","19":"tag-news","20":"tag-noticias","21":"tag-noticias-principais","22":"tag-noticiasprincipais","23":"tag-onu","24":"tag-principais-noticias","25":"tag-principaisnoticias","26":"tag-russia","27":"tag-top-stories","28":"tag-topstories","29":"tag-ultimas","30":"tag-ultimas-noticias","31":"tag-ultimasnoticias","32":"tag-venezuela","33":"tag-world","34":"tag-world-news","35":"tag-worldnews"},"share_on_mastodon":{"url":"https:\/\/pubeurope.com\/@pt\/115844205991179844","error":""},"_links":{"self":[{"href":"https:\/\/www.europesays.com\/pt\/wp-json\/wp\/v2\/posts\/216373","targetHints":{"allow":["GET"]}}],"collection":[{"href":"https:\/\/www.europesays.com\/pt\/wp-json\/wp\/v2\/posts"}],"about":[{"href":"https:\/\/www.europesays.com\/pt\/wp-json\/wp\/v2\/types\/post"}],"author":[{"embeddable":true,"href":"https:\/\/www.europesays.com\/pt\/wp-json\/wp\/v2\/users\/2"}],"replies":[{"embeddable":true,"href":"https:\/\/www.europesays.com\/pt\/wp-json\/wp\/v2\/comments?post=216373"}],"version-history":[{"count":0,"href":"https:\/\/www.europesays.com\/pt\/wp-json\/wp\/v2\/posts\/216373\/revisions"}],"wp:featuredmedia":[{"embeddable":true,"href":"https:\/\/www.europesays.com\/pt\/wp-json\/wp\/v2\/media\/216374"}],"wp:attachment":[{"href":"https:\/\/www.europesays.com\/pt\/wp-json\/wp\/v2\/media?parent=216373"}],"wp:term":[{"taxonomy":"category","embeddable":true,"href":"https:\/\/www.europesays.com\/pt\/wp-json\/wp\/v2\/categories?post=216373"},{"taxonomy":"post_tag","embeddable":true,"href":"https:\/\/www.europesays.com\/pt\/wp-json\/wp\/v2\/tags?post=216373"}],"curies":[{"name":"wp","href":"https:\/\/api.w.org\/{rel}","templated":true}]}}