{"id":216410,"date":"2026-01-05T20:11:07","date_gmt":"2026-01-05T20:11:07","guid":{"rendered":"https:\/\/www.europesays.com\/pt\/216410\/"},"modified":"2026-01-05T20:11:07","modified_gmt":"2026-01-05T20:11:07","slug":"irao-khamenei-estara-a-planear-fugir-para-moscovo-observador","status":"publish","type":"post","link":"https:\/\/www.europesays.com\/pt\/216410\/","title":{"rendered":"Ir\u00e3o. Khamenei estar\u00e1 a planear fugir para Moscovo \u2013 Observador"},"content":{"rendered":"<p>O ayatollah\u00a0Ali Khamenei, l\u00edder supremo da Rep\u00fablica Isl\u00e2mica do Ir\u00e3o, ter\u00e1 um plano engendrado para fugir do pa\u00eds se as suas for\u00e7as de seguran\u00e7a n\u00e3o conseguirem reprimir os protestos, escreve a edi\u00e7\u00e3o desta segunda-feira do <a href=\"https:\/\/www.thetimes.com\/world\/middle-east\/article\/iran-ayatollah-khamenei-escape-moscow-protests-revealed-h5f95ctb5?fbclid=IwY2xjawPIa5dleHRuA2FlbQIxMABicmlkETE3OGZoSXBxV2h1a2FJT1lsc3J0YwZhcHBfaWQQMjIyMDM5MTc4ODIwMDg5MgABHv8CZxSmieYibcPh4XyTVlms-ciF6KvuExoLS8Is8pv6H4ipMUZJZX9gyCXT_aem_VkgeEoRVoMi63DxrftvEyQ\" rel=\"nofollow noopener\" target=\"_blank\">The Times<\/a>, citando um\u00a0relat\u00f3rio de intelig\u00eancia a que teve acesso.<\/p>\n<p>De acordo com o jornal brit\u00e2nico, o l\u00edder pol\u00edtico e religioso de 86 anos ter\u00e1 planeada a sa\u00edda do Ir\u00e3o em conjunto com o seu c\u00edrculo pr\u00f3ximo \u2014 composto por cerca de 20 assessores e familiares \u2014, na eventualidade de o ex\u00e9rcito e for\u00e7as policiais serem incapazes de <a href=\"https:\/\/observador.pt\/especiais\/morte-a-khamenei-regime-dos-ayatollahs-treme-com-manifestacoes-e-trump-ameaca-intervir-irao-pode-ter-nova-revolucao\/\" rel=\"nofollow noopener\" target=\"_blank\">conter os protestos<\/a> ou at\u00e9 de come\u00e7arem a desertar.<\/p>\n<p>O relat\u00f3rio d\u00e1 conta de que Khamenei continua a ter a maior parte dos militares do pa\u00eds do seu lado, visto que controla as nomea\u00e7\u00f5es em cargos de import\u00e2ncia pol\u00edtica e na \u00e1rea da seguran\u00e7a nacional desde que herdou o cargo de l\u00edder supremo do seu antecessor, Khomeini, em 1989.<\/p>\n<p>No entanto, o mesmo documento d\u00e1 conta de que Khamenei se encontra neste momento \u201cmais fraco, tanto mental quanto fisicamente\u201d desde a guerra de 12 dias com Israel no ano passado e que representou um duro golpe para o Ir\u00e3o. Durante esse conflito, a avalia\u00e7\u00e3o feita pelo relat\u00f3rio revela que o ayatollah\u00a0se manteve escondido num bunker, alimentando a sua \u201cobsess\u00e3o pela sobreviv\u00eancia\u201d.<\/p>\n<blockquote class=\"wp-embedded-content\" data-secret=\"ezdiKfkouJ\">\n<p><a href=\"https:\/\/observador.pt\/especiais\/morte-a-khamenei-regime-dos-ayatollahs-treme-com-manifestacoes-e-trump-ameaca-intervir-irao-pode-ter-nova-revolucao\/\" rel=\"nofollow noopener\" target=\"_blank\">\u201cMorte a Khamenei!\u201d Regime dos ayatollahs treme com manifesta\u00e7\u00f5es e Trump amea\u00e7a intervir: Ir\u00e3o pode ter nova revolu\u00e7\u00e3o?<\/a><\/p>\n<\/blockquote>\n<p>\u00c9 por essa \u201cparan\u00f3ia\u201d, como descreve o relat\u00f3rio citado pelo The Times, que Khamenei ter\u00e1 planeado a sua fuga. \u201cPor um lado, ele \u00e9 muito motivado ideologicamente, mas, por outro, \u00e9 pragm\u00e1tico no que v\u00ea: ele v\u00ea o compromisso t\u00e1tico como uma causa maior a longo prazo. Ele \u00e9 um pensador de longo prazo\u201d, refere-se.<\/p>\n<p>Uma das fontes entrevistadas pelo The Times, Beni Sabti, afirma que Moscovo \u00e9 o \u00fanico lugar para onde Khamenei e o seu s\u00e9quito podem fugir dada a alian\u00e7a que a R\u00fassia mant\u00e9m com o Ir\u00e3o, um ator regional extremamente poderoso no M\u00e9dio Oriente mas politicamente isolado no panorama internacional.<\/p>\n<p>De resto, este plano de fuga \u00e9 inspirado na opera\u00e7\u00e3o levada a cabo pelo seu aliado Bashar al-Assad. O ex-presidente da S\u00edria conseguiu fugir de\u00a0Damasco a bordo de um avi\u00e3o com destino a Moscovo para se juntar \u00e0 sua fam\u00edlia antes que as for\u00e7as da oposi\u00e7\u00e3o invadissem a capital em dezembro de 2024.<\/p>\n<p>\u201cEles tra\u00e7aram uma rota de sa\u00edda de Teer\u00e3o caso sintam a necessidade de fugir\u201d, afirmou uma fonte ao The Times, sendo que isso implica \u201creunir bens, propriedades no estrangeiro e dinheiro para facilitar a sua passagem segura\u201d. Khamenei, como a <a href=\"https:\/\/www.reuters.com\/investigates\/iran\/#article\/part1\" rel=\"nofollow noopener\" target=\"_blank\">Reuters<\/a> revelou numa investiga\u00e7\u00e3o datada de 2013, ter\u00e1 ao seu dispor uma enorme rede de ativos, com uma larga quantidade de propriedades e empresas de valor estimado em 95 mil milh\u00f5es de d\u00f3lares (aproximadamente 81 mil milh\u00f5es de euros).<\/p>\n<p>Os movimentos de protesto, inicialmente relacionados com o agravamento da situa\u00e7\u00e3o econ\u00f3mica no pa\u00eds, come\u00e7aram a 28 de dezembro do ano passado em Teer\u00e3o e alargaram-se a v\u00e1rias cidades do Ir\u00e3o para incluir outras reivindica\u00e7\u00f5es pol\u00edticas.<\/p>\n<p>Desde ent\u00e3o, os confrontos violentos entre as for\u00e7as de seguran\u00e7a e os manifestantes j\u00e1 causaram v\u00e1rios mortos. O grupo de direitos humanos Hengaw, de origem curda, informou a <a href=\"https:\/\/www.reuters.com\/world\/middle-east\/rights-group-says-least-16-dead-iran-during-week-protests-2026-01-04\/\" rel=\"nofollow noopener\" target=\"_blank\">Reuters<\/a> de que pelo menos 17 pessoas foram mortas desde o in\u00edcio dos protestos. J\u00e1 a HRANA, uma rede de ativistas de direitos humanos, fala em pelo menos 16 pessoas v\u00edtimas mortais, al\u00e9m de 582 deten\u00e7\u00f5es.<\/p>\n<p>Segundo a ag\u00eancia France-Presse, os protestos ocorreram em, pelo menos, 45 cidades, principalmente de pequena e m\u00e9dia dimens\u00e3o localizadas sobretudo no oeste do Ir\u00e3o. E, pelo menos, 25 das 31 prov\u00edncias do Ir\u00e3o foram afetadas pelos protestos.<\/p>\n<p>Esta segunda-feira, o chefe do poder judicial do Ir\u00e3o ordenou uma atua\u00e7\u00e3o firme contra os \u201cmanifestantes violentos\u201d, no nono dia de protestos no pa\u00eds, embora tenha reconhecido o direito leg\u00edtimo de manifesta\u00e7\u00e3o por reivindica\u00e7\u00f5es econ\u00f3micas.<\/p>\n<p>Gholamhossein Mohseni Ejei, citado pelas ag\u00eancias oficiais, ordenou ao Procurador-Geral que atue de acordo com a lei e com determina\u00e7\u00e3o contra aqueles que classificou como manifestantes violentos. O mesmo respons\u00e1vel acrescentou que os \u201carruaceiros violentos\u201d n\u00e3o devem ser confundidos com os manifestantes que se comportam no quadro da lei.<\/p>\n","protected":false},"excerpt":{"rendered":"O ayatollah\u00a0Ali Khamenei, l\u00edder supremo da Rep\u00fablica Isl\u00e2mica do Ir\u00e3o, ter\u00e1 um plano engendrado para fugir do pa\u00eds&hellip;\n","protected":false},"author":2,"featured_media":216411,"comment_status":"","ping_status":"","sticky":false,"template":"","format":"standard","meta":{"footnotes":""},"categories":[50],"tags":[27,28,15,16,14,11208,25,26,21,22,310,62,12,13,19,20,23,24,17,18,29,30,31,63,64,65],"class_list":{"0":"post-216410","1":"post","2":"type-post","3":"status-publish","4":"format-standard","5":"has-post-thumbnail","7":"category-mundo","8":"tag-breaking-news","9":"tag-breakingnews","10":"tag-featured-news","11":"tag-featurednews","12":"tag-headlines","13":"tag-iru00e3o","14":"tag-latest-news","15":"tag-latestnews","16":"tag-main-news","17":"tag-mainnews","18":"tag-mu00e9dio-oriente","19":"tag-mundo","20":"tag-news","21":"tag-noticias","22":"tag-noticias-principais","23":"tag-noticiasprincipais","24":"tag-principais-noticias","25":"tag-principaisnoticias","26":"tag-top-stories","27":"tag-topstories","28":"tag-ultimas","29":"tag-ultimas-noticias","30":"tag-ultimasnoticias","31":"tag-world","32":"tag-world-news","33":"tag-worldnews"},"share_on_mastodon":{"url":"https:\/\/pubeurope.com\/@pt\/115844316114898560","error":""},"_links":{"self":[{"href":"https:\/\/www.europesays.com\/pt\/wp-json\/wp\/v2\/posts\/216410","targetHints":{"allow":["GET"]}}],"collection":[{"href":"https:\/\/www.europesays.com\/pt\/wp-json\/wp\/v2\/posts"}],"about":[{"href":"https:\/\/www.europesays.com\/pt\/wp-json\/wp\/v2\/types\/post"}],"author":[{"embeddable":true,"href":"https:\/\/www.europesays.com\/pt\/wp-json\/wp\/v2\/users\/2"}],"replies":[{"embeddable":true,"href":"https:\/\/www.europesays.com\/pt\/wp-json\/wp\/v2\/comments?post=216410"}],"version-history":[{"count":0,"href":"https:\/\/www.europesays.com\/pt\/wp-json\/wp\/v2\/posts\/216410\/revisions"}],"wp:featuredmedia":[{"embeddable":true,"href":"https:\/\/www.europesays.com\/pt\/wp-json\/wp\/v2\/media\/216411"}],"wp:attachment":[{"href":"https:\/\/www.europesays.com\/pt\/wp-json\/wp\/v2\/media?parent=216410"}],"wp:term":[{"taxonomy":"category","embeddable":true,"href":"https:\/\/www.europesays.com\/pt\/wp-json\/wp\/v2\/categories?post=216410"},{"taxonomy":"post_tag","embeddable":true,"href":"https:\/\/www.europesays.com\/pt\/wp-json\/wp\/v2\/tags?post=216410"}],"curies":[{"name":"wp","href":"https:\/\/api.w.org\/{rel}","templated":true}]}}