{"id":216480,"date":"2026-01-05T21:11:10","date_gmt":"2026-01-05T21:11:10","guid":{"rendered":"https:\/\/www.europesays.com\/pt\/216480\/"},"modified":"2026-01-05T21:11:10","modified_gmt":"2026-01-05T21:11:10","slug":"tiago-teotonio-pereira-e-rita-patrocinio-vao-ser-novamente-pais-nao-ha-duas-sem-tres","status":"publish","type":"post","link":"https:\/\/www.europesays.com\/pt\/216480\/","title":{"rendered":"Tiago Teot\u00f3nio Pereira e Rita Patroc\u00ednio v\u00e3o ser novamente pais: &#8220;N\u00e3o h\u00e1 duas sem tr\u00eas&#8221;"},"content":{"rendered":"<p>O cl\u00e3 Patroc\u00ednio vai aumentar. Nesta segunda-feira, dia 5, Rita Patroc\u00ednio revelou que est\u00e1 gr\u00e1vida pela terceira vez, fruto do casamento com o ator <a href=\"https:\/\/selfie.iol.pt\/famosos\/tiago-teotonio-pereira\/tiago-teotonio-pereira-faz-revelacao-caricata-e-malta-com-muitos-problemas\/20240722\/669e64cfd34ebf9bbb40239c\" target=\"_blank\" rel=\"nofollow noopener\">Tiago Teot\u00f3nio Pereira<\/a>.<\/p>\n<p>&#8220;N\u00e3o h\u00e1 duas sem tr\u00eas&#8221;, pode ler-se, na legenda do v\u00eddeo atrav\u00e9s do qual \u00e9 feito o an\u00fancio.<\/p>\n<p>Na filmagem, as duas filhas do casal surgem a responder a perguntas. &#8220;Houve alguns segredos que voc\u00eas andaram a esconder&#8221;, come\u00e7a por dizer-se, questionando-se: &#8220;Que segredo \u00e9 esse?&#8221; &#8220;A minha m\u00e3e tem um beb\u00e9 na barriga&#8221;, confidencia a primog\u00e9nita, referindo que passar\u00e3o a ser &#8220;tr\u00eas&#8221; na respetiva casa. &#8220;Vamos ter mais um beb\u00e9&#8221;, diz.<\/p>\n<p>O beb\u00e9 vem, assim, juntar-se a Camila, de quatro anos, e J\u00falia, de um, tamb\u00e9m elas nascidas da rela\u00e7\u00e3o entre Rita Patroc\u00ednio e <a href=\"https:\/\/selfie.iol.pt\/famosos\/tiago-teotonio-pereira\/tiago-teotonio-pereira-faz-inusitada-revelacao-sobre-a-mulher-rita-patrocinio\/20240801\/66ab94a0d34e94b82903bb23\" target=\"_blank\" rel=\"nofollow noopener\">Tiago Teot\u00f3nio Pereira<\/a>.<\/p>\n<blockquote class=\"instagram-media\" data-instgrm-captioned=\"\" data-instgrm-permalink=\"https:\/\/www.instagram.com\/reel\/DTIhub4AojA\/?utm_source=ig_embed&amp;utm_campaign=loading\" data-instgrm-version=\"14\" style=\" background:#FFF; border:0; border-radius:3px; box-shadow:0 0 1px 0 rgba(0,0,0,0.5),0 1px 10px 0 rgba(0,0,0,0.15); margin: 1px; max-width:540px; min-width:326px; padding:0; width:99.375%; width:-webkit-calc(100% - 2px); width:calc(100% - 2px);\">\n<\/blockquote>\n<p>\u00a0<\/p>\n<p>                        <script async src=\"\/\/www.instagram.com\/embed.js\"><\/script><\/p>\n","protected":false},"excerpt":{"rendered":"O cl\u00e3 Patroc\u00ednio vai aumentar. Nesta segunda-feira, dia 5, Rita Patroc\u00ednio revelou que est\u00e1 gr\u00e1vida pela terceira vez,&hellip;\n","protected":false},"author":2,"featured_media":216481,"comment_status":"","ping_status":"","sticky":false,"template":"","format":"standard","meta":{"footnotes":""},"categories":[145],"tags":[1244,211,210,114,115,980,1127,3865,3435,1870,2611,1041,1015,8204,619,161,10562,602,32,33,42118,1012,163,162],"class_list":{"0":"post-216480","1":"post","2":"type-post","3":"status-publish","4":"format-standard","5":"has-post-thumbnail","7":"category-celebridades","8":"tag-ator","9":"tag-celebridades","10":"tag-celebrities","11":"tag-entertainment","12":"tag-entretenimento","13":"tag-famosos","14":"tag-filha","15":"tag-filhas","16":"tag-filho","17":"tag-filhos","18":"tag-gravida","19":"tag-gravidez","20":"tag-instagram","21":"tag-mae","22":"tag-nacional","23":"tag-novelas","24":"tag-pai","25":"tag-pais","26":"tag-portugal","27":"tag-pt","28":"tag-rita-patrocinio","29":"tag-selfie","30":"tag-tiago-teotonio-pereira","31":"tag-tvi"},"share_on_mastodon":{"url":"https:\/\/pubeurope.com\/@pt\/115844551988805281","error":""},"_links":{"self":[{"href":"https:\/\/www.europesays.com\/pt\/wp-json\/wp\/v2\/posts\/216480","targetHints":{"allow":["GET"]}}],"collection":[{"href":"https:\/\/www.europesays.com\/pt\/wp-json\/wp\/v2\/posts"}],"about":[{"href":"https:\/\/www.europesays.com\/pt\/wp-json\/wp\/v2\/types\/post"}],"author":[{"embeddable":true,"href":"https:\/\/www.europesays.com\/pt\/wp-json\/wp\/v2\/users\/2"}],"replies":[{"embeddable":true,"href":"https:\/\/www.europesays.com\/pt\/wp-json\/wp\/v2\/comments?post=216480"}],"version-history":[{"count":0,"href":"https:\/\/www.europesays.com\/pt\/wp-json\/wp\/v2\/posts\/216480\/revisions"}],"wp:featuredmedia":[{"embeddable":true,"href":"https:\/\/www.europesays.com\/pt\/wp-json\/wp\/v2\/media\/216481"}],"wp:attachment":[{"href":"https:\/\/www.europesays.com\/pt\/wp-json\/wp\/v2\/media?parent=216480"}],"wp:term":[{"taxonomy":"category","embeddable":true,"href":"https:\/\/www.europesays.com\/pt\/wp-json\/wp\/v2\/categories?post=216480"},{"taxonomy":"post_tag","embeddable":true,"href":"https:\/\/www.europesays.com\/pt\/wp-json\/wp\/v2\/tags?post=216480"}],"curies":[{"name":"wp","href":"https:\/\/api.w.org\/{rel}","templated":true}]}}