{"id":21651,"date":"2025-08-08T21:15:12","date_gmt":"2025-08-08T21:15:12","guid":{"rendered":"https:\/\/www.europesays.com\/pt\/21651\/"},"modified":"2025-08-08T21:15:12","modified_gmt":"2025-08-08T21:15:12","slug":"livro-de-pesquisador-da-udesc-faed-aborda-gas-natural-e-desenvolvimento-territorial","status":"publish","type":"post","link":"https:\/\/www.europesays.com\/pt\/21651\/","title":{"rendered":"Livro de pesquisador da Udesc Faed aborda g\u00e1s natural e desenvolvimento territorial"},"content":{"rendered":"<p>                        <img decoding=\"async\" src=\"https:\/\/www.europesays.com\/pt\/wp-content\/uploads\/2025\/08\/gas_natural.jpg\" alt=\"\" \/><br \/>\n                        Obra est\u00e1 dispon\u00edvel nas plataformas digitais da\u00a0<br \/>\n\tuniversidade de forma gratuita. Arte: Divulga\u00e7\u00e3o<\/p>\n<p>A Editora da Universidade do Estado de Santa Catarina (Udesc) lan\u00e7ou na \u00faltima semana o livro <strong><a href=\"https:\/\/repositorio.udesc.br\/entities\/publication\/e9e66d5d-0988-4e3a-906d-c22609d0abc3\" target=\"_blank\" rel=\"nofollow noopener\">&#8220;G\u00e1s natural: notas sobre um percurso&#8221;<\/a><\/strong>, de Leonardo Mosimann Estrella, pesquisador e doutorando do\u00a0<strong><a href=\"https:\/\/www.udesc.br\/faed\/ppgplan\" target=\"_blank\" rel=\"nofollow noopener\">Programa de P\u00f3s-Gradua\u00e7\u00e3o em Planejamento Territorial e Desenvolvimento Socioambiental (PPPGPlan)<\/a><\/strong>, do Centro de Ci\u00eancias Humanas e da Educa\u00e7\u00e3o (Faed).\u00a0<\/p>\n<p>A obra, dispon\u00edvel gratuitamente no <strong><a href=\"https:\/\/repositorio.udesc.br\/entities\/publication\/e9e66d5d-0988-4e3a-906d-c22609d0abc3\" target=\"_blank\" rel=\"nofollow noopener\">Reposit\u00f3rio Institucional da Udesc<\/a><\/strong>,\u00a0re\u00fane reflex\u00f5es cr\u00edticas sobre o setor de g\u00e1s natural no Brasil, com foco especial em Santa Catarina. Estrella analisa o tema como uma arena de disputa entre interesses p\u00fablicos e privados, com impactos diretos na competitividade industrial, na soberania energ\u00e9tica e na justi\u00e7a territorial.<\/p>\n<p>A publica\u00e7\u00e3o \u00e9 composta por textos escritos entre 2021 e 2025, que abordam o processo de privatiza\u00e7\u00e3o da cadeia do g\u00e1s, a retirada da Petrobras de elos estrat\u00e9gicos, o forte aumento das tarifas e o avan\u00e7o de conglomerados privados. O autor articula-se ao pensamento do economista Ignacio Rangel, evidenciando como o setor de g\u00e1s natural reflete as escolhas pol\u00edticas e econ\u00f4micas do pa\u00eds em momentos-chave. O livro tamb\u00e9m trata das desigualdades territoriais associadas \u00e0 infraestrutura e questiona o modelo de concess\u00e3o vigente no Brasil.<\/p>\n<p>A apresenta\u00e7\u00e3o da obra \u00e9 assinada por Jos\u00e9 Messias Bastos, professor da Universidade Federal de Santa Catarina (UFSC), que destaca o papel do livro no debate sobre a pol\u00edtica energ\u00e9tica. Para Bastos, a experi\u00eancia catarinense sintetiza as contradi\u00e7\u00f5es de um modelo que subordina o g\u00e1s natural \u00e0 l\u00f3gica da financeiriza\u00e7\u00e3o, em detrimento da industrializa\u00e7\u00e3o nacional e da regula\u00e7\u00e3o p\u00fablica. O posf\u00e1cio, por sua vez, amplia a discuss\u00e3o para os desafios institucionais de uma transi\u00e7\u00e3o energ\u00e9tica justa e a necessidade de resgatar o papel do Estado como planejador e indutor do desenvolvimento nacional.\u00a0<\/p>\n<p>De acordo com o autor, que tamb\u00e9m \u00e9 pesquisador do <strong><a href=\"https:\/\/www.institutorangel.org\/\" target=\"_blank\" rel=\"nofollow noopener\">Instituto Ign\u00e1cio Rangel<\/a><\/strong>,\u00a0trata-se de uma leitura fundamental para pesquisadores, gestores p\u00fablicos, sindicalistas e demais interessados nos rumos da pol\u00edtica energ\u00e9tica brasileira. &#8220;Ao mesmo tempo autobiogr\u00e1fico e anal\u00edtico, o livro combina experi\u00eancia emp\u00edrica, forma\u00e7\u00e3o acad\u00eamica e engajamento pol\u00edtico. \u00c9 o testemunho de quem acompanhou por dentro a evolu\u00e7\u00e3o do setor, mas tamb\u00e9m uma chamada \u00e0 a\u00e7\u00e3o coletiva: repensar o g\u00e1s natural como vetor de soberania, justi\u00e7a social e desenvolvimento territorial \u2014 e n\u00e3o como ativo financeiro a servi\u00e7o de poucos&#8221;, afirma Estrella.<\/p>\n<p>Em 2023, Estrella lan\u00e7ou G\u00e1s Natural em Santa Catarina: uma an\u00e1lise cr\u00edtica da concess\u00e3o do servi\u00e7o, pela Editora Ignacio Rangel, obra que inaugurou a edi\u00e7\u00e3o tem\u00e1tica Ensaios &amp; Teses, da S\u00e9rie Livros Geogr\u00e1ficos. Desde 2020, \u00e9 orientado pela professora e ge\u00f3grafa Isa de Oliveira Rocha, da Udesc Faed, coordenadora do <strong><a href=\"https:\/\/www.udesc.br\/faed\/labplan\" target=\"_blank\" rel=\"nofollow noopener\">Laborat\u00f3rio de Planejamento Urbano e Regional\u00a0(Labplan)<\/a><\/strong>, que celebrou 20 anos de atividades em 1\u00ba de agosto.\u00a0<\/p>\n<p><strong>Assessoria de Comunica\u00e7\u00e3o da Udesc Fae<\/strong>d<br \/>E-mail: comunicacao.faed@udesc.br<\/p>\n","protected":false},"excerpt":{"rendered":"Obra est\u00e1 dispon\u00edvel nas plataformas digitais da\u00a0 universidade de forma gratuita. Arte: Divulga\u00e7\u00e3o A Editora da Universidade do&hellip;\n","protected":false},"author":2,"featured_media":21652,"comment_status":"","ping_status":"","sticky":false,"template":"","format":"standard","meta":{"footnotes":""},"categories":[143],"tags":[169,114,115,170,32,33],"class_list":{"0":"post-21651","1":"post","2":"type-post","3":"status-publish","4":"format-standard","5":"has-post-thumbnail","7":"category-livros","8":"tag-books","9":"tag-entertainment","10":"tag-entretenimento","11":"tag-livros","12":"tag-portugal","13":"tag-pt"},"share_on_mastodon":{"url":"","error":""},"_links":{"self":[{"href":"https:\/\/www.europesays.com\/pt\/wp-json\/wp\/v2\/posts\/21651","targetHints":{"allow":["GET"]}}],"collection":[{"href":"https:\/\/www.europesays.com\/pt\/wp-json\/wp\/v2\/posts"}],"about":[{"href":"https:\/\/www.europesays.com\/pt\/wp-json\/wp\/v2\/types\/post"}],"author":[{"embeddable":true,"href":"https:\/\/www.europesays.com\/pt\/wp-json\/wp\/v2\/users\/2"}],"replies":[{"embeddable":true,"href":"https:\/\/www.europesays.com\/pt\/wp-json\/wp\/v2\/comments?post=21651"}],"version-history":[{"count":0,"href":"https:\/\/www.europesays.com\/pt\/wp-json\/wp\/v2\/posts\/21651\/revisions"}],"wp:featuredmedia":[{"embeddable":true,"href":"https:\/\/www.europesays.com\/pt\/wp-json\/wp\/v2\/media\/21652"}],"wp:attachment":[{"href":"https:\/\/www.europesays.com\/pt\/wp-json\/wp\/v2\/media?parent=21651"}],"wp:term":[{"taxonomy":"category","embeddable":true,"href":"https:\/\/www.europesays.com\/pt\/wp-json\/wp\/v2\/categories?post=21651"},{"taxonomy":"post_tag","embeddable":true,"href":"https:\/\/www.europesays.com\/pt\/wp-json\/wp\/v2\/tags?post=21651"}],"curies":[{"name":"wp","href":"https:\/\/api.w.org\/{rel}","templated":true}]}}