{"id":216510,"date":"2026-01-05T21:38:15","date_gmt":"2026-01-05T21:38:15","guid":{"rendered":"https:\/\/www.europesays.com\/pt\/216510\/"},"modified":"2026-01-05T21:38:15","modified_gmt":"2026-01-05T21:38:15","slug":"ii-liga-benfica-b-e-fc-porto-b-empatam-sob-olhar-atento-de-jose-mourinho","status":"publish","type":"post","link":"https:\/\/www.europesays.com\/pt\/216510\/","title":{"rendered":"II Liga: Benfica B e FC Porto B empatam sob olhar atento de Jos\u00e9 Mourinho"},"content":{"rendered":"<p>As equipas secund\u00e1rias de Benfica e FC Porto empataram no Seixal nesta segunda-feira, em duelo da 17.\u00aa jornada da II Liga portuguesa, <strong><a href=\"https:\/\/maisfutebol.iol.pt\/jogo\/benficab\/fcportob\/13827855\" rel=\"nofollow noopener\" target=\"_blank\">a uma bola.<\/a><\/strong> Um jogo com duas partes distintas, em que o nono classificado concedeu um ponto aos drag\u00f5es, que lutam para sair dos lugares de despromo\u00e7\u00e3o.<\/p>\n<p>Leandro Santos, <strong><a href=\"https:\/\/maisfutebol.iol.pt\/benfica\/vitoria-guimaraes\/benfica-leandro-santos-descarta-alverca-e-reforca-v-guimaraes\" rel=\"nofollow noopener\" target=\"_blank\">que deve rumar ao V. Guimar\u00e3es<\/a><\/strong>, n\u00e3o esteve na ficha de jogo do Benfica B. Os encarnados contaram com Jo\u00e3o Rego, Rodrigo R\u00eago e Diogo Prioste no onze. Daniel Banjaqui e Jos\u00e9 Neto foram titulares, sob o olhar atento de Jos\u00e9 Mourinho, que foi assistir ao jogo in loco juntamente com elementos da equipa t\u00e9cnica.<\/p>\n<p><img loading=\"lazy\" decoding=\"async\" alt=\"\" height=\"563\" src=\"https:\/\/www.europesays.com\/pt\/wp-content\/uploads\/2026\/01\/695c16ead34e3caad84d21ed.webp\" width=\"1000\"\/><\/p>\n<p>J\u00e1 o FC Porto B contou com Yann Karamoh no onze, tal como Jo\u00e3o Costa. Mateus Mide, campe\u00e3o mundial sub-17, jogou os primeiros minutos com a equipa B na segunda parte.<\/p>\n<p>Primeira parte com um ritmo baixo, mas com chances de golo s\u00e9rias para o Benfica B. Daniel Banjaqui era quase omnipresente nas ocasi\u00f5es de perigo encarnadas. Primeiro, com um remate de p\u00e9 esquerdo ap\u00f3s arrancada pela direita; depois, a fazer um t\u00fanel e cruzar para Miguel Figueiredo, que rematou pouco por cima da trave.<\/p>\n<p>Do lado esquerdo, era o lateral Jos\u00e9 Neto que dava profundidade e amea\u00e7ava a baliza do experiente Jo\u00e3o Costa. Obrigou-o a fazer uma defesa aos 31m e, aos 38m, o guardi\u00e3o ficou a olhar ao ver Neto rematar em jeito ao segundo poste, mas do lado errado do ferro. O FC Porto B tentava sobreviver.<\/p>\n<p><strong>O momento mais aceso da primeira parte foi mesmo quando o m\u00e9dio Jo\u00e3o Teixeira viu o cart\u00e3o vermelho direto<\/strong>, mas ap\u00f3s revis\u00e3o, o \u00e1rbitro David Silva anulou a decis\u00e3o e deu amarelo ao m\u00e9dio do FC Porto B, ap\u00f3s entrada sobre Diogo Prioste.<\/p>\n<p>Na segunda parte, j\u00e1 ap\u00f3s as sa\u00eddas de Prioste e de Jo\u00e3o Rego do lado do Benfica B, <strong>a equipa de N\u00e9lson Ver\u00edssimo chegou \u00e0 vantagem por interm\u00e9dio de uma grande penalidade<\/strong>. Na sequ\u00eancia de um canto, Jo\u00e3o Fonseca sofreu um pis\u00e3o e at\u00e9 ficou sem chuteira. Jelani Trevisan converteu com sucesso na cara de Jo\u00e3o Costa.<\/p>\n<p>Do lado benfiquista, nota ainda para um remate \u00e0 barra de Ol\u00edvio Tom\u00e9, que entrou bem na segunda parte. Por\u00e9m, no primeiro tiro enquadrado do FC Porto B, os visitantes chegaram ao golo. <strong>Gabriel Br\u00e1s subiu \u00e0 grande \u00e1rea contr\u00e1ria para cabecear a bola para dentro da baliza<\/strong>, saltando mais alto do que todos. 1-1.<\/p>\n<p>Assim, o Benfica B soma mais um ponto e continua no nono posto, com 22 pontos. J\u00e1 o FC Porto B ganha mais um ponto e soma 18, subindo provisoriamente ao 16.\u00ba posto.<\/p>\n","protected":false},"excerpt":{"rendered":"As equipas secund\u00e1rias de Benfica e FC Porto empataram no Seixal nesta segunda-feira, em duelo da 17.\u00aa jornada&hellip;\n","protected":false},"author":2,"featured_media":216511,"comment_status":"","ping_status":"","sticky":false,"template":"","format":"standard","meta":{"footnotes":""},"categories":[8],"tags":[51,8353,27,28,282,2421,15,16,20112,14,5919,29026,5433,1385,25,26,21,22,46,12,13,19,20,32,23,24,33,47,4219,5920,17,18,29,30,31],"class_list":{"0":"post-216510","1":"post","2":"type-post","3":"status-publish","4":"format-standard","5":"has-post-thumbnail","7":"category-principais-noticias","8":"tag-benfica","9":"tag-benfica-b","10":"tag-breaking-news","11":"tag-breakingnews","12":"tag-fc-porto","13":"tag-fc-porto-b","14":"tag-featured-news","15":"tag-featurednews","16":"tag-gabriel-bras","17":"tag-headlines","18":"tag-ii-liga","19":"tag-jelani-trevisan","20":"tag-jogos-hoje","21":"tag-jose-mourinho","22":"tag-latest-news","23":"tag-latestnews","24":"tag-main-news","25":"tag-mainnews","26":"tag-maisfutebol","27":"tag-news","28":"tag-noticias","29":"tag-noticias-principais","30":"tag-noticiasprincipais","31":"tag-portugal","32":"tag-principais-noticias","33":"tag-principaisnoticias","34":"tag-pt","35":"tag-pura-paixao","36":"tag-resultado-final","37":"tag-resultados-maisfutebol","38":"tag-top-stories","39":"tag-topstories","40":"tag-ultimas","41":"tag-ultimas-noticias","42":"tag-ultimasnoticias"},"share_on_mastodon":{"url":"","error":"Validation failed: Text character limit of 500 exceeded"},"_links":{"self":[{"href":"https:\/\/www.europesays.com\/pt\/wp-json\/wp\/v2\/posts\/216510","targetHints":{"allow":["GET"]}}],"collection":[{"href":"https:\/\/www.europesays.com\/pt\/wp-json\/wp\/v2\/posts"}],"about":[{"href":"https:\/\/www.europesays.com\/pt\/wp-json\/wp\/v2\/types\/post"}],"author":[{"embeddable":true,"href":"https:\/\/www.europesays.com\/pt\/wp-json\/wp\/v2\/users\/2"}],"replies":[{"embeddable":true,"href":"https:\/\/www.europesays.com\/pt\/wp-json\/wp\/v2\/comments?post=216510"}],"version-history":[{"count":0,"href":"https:\/\/www.europesays.com\/pt\/wp-json\/wp\/v2\/posts\/216510\/revisions"}],"wp:featuredmedia":[{"embeddable":true,"href":"https:\/\/www.europesays.com\/pt\/wp-json\/wp\/v2\/media\/216511"}],"wp:attachment":[{"href":"https:\/\/www.europesays.com\/pt\/wp-json\/wp\/v2\/media?parent=216510"}],"wp:term":[{"taxonomy":"category","embeddable":true,"href":"https:\/\/www.europesays.com\/pt\/wp-json\/wp\/v2\/categories?post=216510"},{"taxonomy":"post_tag","embeddable":true,"href":"https:\/\/www.europesays.com\/pt\/wp-json\/wp\/v2\/tags?post=216510"}],"curies":[{"name":"wp","href":"https:\/\/api.w.org\/{rel}","templated":true}]}}