{"id":216516,"date":"2026-01-05T21:42:10","date_gmt":"2026-01-05T21:42:10","guid":{"rendered":"https:\/\/www.europesays.com\/pt\/216516\/"},"modified":"2026-01-05T21:42:10","modified_gmt":"2026-01-05T21:42:10","slug":"10-series-do-prime-video-para-ficar-de-olho-em-2026","status":"publish","type":"post","link":"https:\/\/www.europesays.com\/pt\/216516\/","title":{"rendered":"10 s\u00e9ries do Prime Video para ficar de olho em 2026"},"content":{"rendered":"<p class=\"wp-block-yoast-seo-estimated-reading-time yoast-reading-time__wrapper\">Estimated reading time: 7 minutos<\/p>\n<p>De <a href=\"https:\/\/ovicio.com.br\/serie\/The-Boys\/\" target=\"_blank\" rel=\"noreferrer noopener nofollow\">The Boys<\/a> a <a href=\"https:\/\/ovicio.com.br\/tag\/Blade-Runner\/\" target=\"_blank\" rel=\"noreferrer noopener nofollow\">Blade Runner<\/a>, o <a href=\"https:\/\/ovicio.com.br\/tag\/Prime-Video\/\" target=\"_blank\" rel=\"noreferrer noopener nofollow\">Prime Video<\/a> talvez tenha o portf\u00f3lio de grandes franquias mais forte de 2026 quando o assunto s\u00e3o s\u00e9ries.<\/p>\n<p>Neste artigo, ent\u00e3o, te ajudo separando as 10 s\u00e9ries para ficar de olho, al\u00e9m de <strong>Os An\u00e9is de Poder<\/strong>, de <strong>O Senhor dos An\u00e9is<\/strong>, que retorna para a 3\u00aa temporada este ano.<\/p>\n<p>O Gerente da Noite &#8211; 2\u00aa temporada<img fetchpriority=\"high\" decoding=\"async\" width=\"1024\" height=\"588\" src=\"https:\/\/www.europesays.com\/pt\/wp-content\/uploads\/2026\/01\/20251107-image-6-1024x588.png\" alt=\"The Night Manager: 2\u00aa temporada ganha trailer e data de estreia no Prime Video\" class=\"lazyload wp-image-855432\"  data-\/>Reprodu\u00e7\u00e3o\/BBC<\/p>\n<p>Dez anos depois,\u00a0<strong>O Gerente da Noite<\/strong> est\u00e1 trazendo <strong>Jonathan Pine<\/strong>\u00a0est\u00e1 de volta. A sequ\u00eancia do aclamado thriller de espionagem expande a hist\u00f3ria para al\u00e9m do livro original de<strong>\u00a0John le Carr\u00e9<\/strong>.<\/p>\n<p>A estreia do novo ano acontece ainda esta semana, em 11 de janeiro.<\/p>\n<p>Jovem Sherlock<img loading=\"lazy\" decoding=\"async\" width=\"1024\" height=\"550\" src=\"https:\/\/www.europesays.com\/pt\/wp-content\/uploads\/2026\/01\/20251209-image-6-1024x550.png\" alt=\"Jovem Sherlock: S\u00e9rie de Guy Ritchie sobre a origem do detetive ganha imagens oficiais; Veja\" class=\"lazyload wp-image-871331\"  data-\/>Reprodu\u00e7\u00e3o\/Prime Video<\/p>\n<p>De <a href=\"https:\/\/ovicio.com.br\/tag\/Guy-Ritchie\/\" target=\"_blank\" rel=\"noreferrer noopener nofollow\">Guy Ritchie<\/a>, o mesmo diretor dos filmes com\u00a0<strong>Robert Downey Jr.<\/strong>\u00a0e\u00a0<strong>Jude Law<\/strong>,\u00a0a s\u00e9rie\u00a0<a href=\"https:\/\/ovicio.com.br\/tag\/Jovem-Sherlock\/\" target=\"_blank\" rel=\"noreferrer noopener nofollow\">Jovem Sherlock<\/a>\u00a0acompanha o famoso detetive aos 19 anos, em seu primeiro caso.<\/p>\n<p><strong>Jovem Sherlock<\/strong> estreia em 4 de mar\u00e7o.<\/p>\n<p>Deadloch &#8211; 2\u00aa temporada<img loading=\"lazy\" decoding=\"async\" width=\"1024\" height=\"576\" src=\"https:\/\/www.europesays.com\/pt\/wp-content\/uploads\/2026\/01\/20260105-image-13-1024x576.png\" alt=\"\" class=\"lazyload wp-image-887817\"  data-\/>Reprodu\u00e7\u00e3o\/Prime Video<\/p>\n<p>Dando sequ\u00eancia a uma das produ\u00e7\u00f5es mais divertidas do<strong> Prime Video<\/strong>, a 2\u00aa temporada de <strong>Deadloch <\/strong>deixa o frio da Tasm\u00e2nia e assume uma est\u00e9tica G\u00f3tico Tropical no norte da Austr\u00e1lia. <strong>Dulcie Collins<\/strong> (Kate Box) e <strong>Eddie Redcliffe <\/strong>(Madeleine Sami) viajam para Darwin para investigar a morte de um antigo parceiro de pol\u00edcia.<\/p>\n<p>A 2\u00aa temporada de <strong>Deadloch <\/strong>estreia em 20 de mar\u00e7o.<\/p>\n<p>Canga\u00e7o Novo &#8211; 2\u00aa temporada<img loading=\"lazy\" decoding=\"async\" width=\"888\" height=\"499\" src=\"https:\/\/www.europesays.com\/pt\/wp-content\/uploads\/2026\/01\/20260105-image-12.png\" alt=\"\" class=\"lazyload wp-image-887815\"  data-\/>Reprodu\u00e7\u00e3o\/Prime Video<\/p>\n<p>Com foco no matriarcado, a 2\u00aa temporada de<strong>\u00a0Canga\u00e7o Novo<\/strong>\u00a0promete ainda mais a\u00e7\u00e3o e um assalto de dimens\u00e3o catastr\u00f3fica. O bando dos Vaqueiros lidar\u00e1 com as consequ\u00eancias dos assaltos da 1\u00aa temporada e ainda ter\u00e1 que lidar com persegui\u00e7\u00e3o pol\u00edtica.<\/p>\n<p>O novo ano da aclamada s\u00e9rie brasileira estreia em abril.<\/p>\n<p>The Boys &#8211; 5\u00aa Temporada<img loading=\"lazy\" decoding=\"async\" width=\"1024\" height=\"576\" src=\"https:\/\/www.europesays.com\/pt\/wp-content\/uploads\/2026\/01\/20251223-billy-bruto-e-capitao-patria-em-the-boys-1024x576.webp.webp\" alt=\"Billy Bruto e Capit\u00e3o P\u00e1tria em The Boys\" class=\"lazyload wp-image-879165\"  data-\/>Reprodu\u00e7\u00e3o\/Prime Video<\/p>\n<p><strong>The Boys <\/strong>est\u00e1 chegando ao fim! Na \u00faltima temporada, o conflito entre\u00a0<strong>Billy Bruto<\/strong>\u00a0e\u00a0<strong>Capit\u00e3o P\u00e1tria<\/strong>\u00a0promete um desfecho sangrento e sem freios.<\/p>\n<p>A 5\u00aa temporada da s\u00e9rie criada por\u00a0<strong>Eric Kripke<\/strong> chega ao<strong> Prime Video<\/strong> em 8 de abril.<\/p>\n<p>Spider-Noir<img loading=\"lazy\" decoding=\"async\" width=\"1024\" height=\"576\" src=\"https:\/\/www.europesays.com\/pt\/wp-content\/uploads\/2026\/01\/20250512-homem-aranha-noir-serie-1024x576.webp.webp\" alt=\"Homem-Aranha Noir\" class=\"lazyload wp-image-737014\"  data-\/>Reprodu\u00e7\u00e3o\/Prime Video<\/p>\n<p>Na Nova York de 1930, um investigador particular envelhecido e azarado chamado<strong> Ben Reilly<\/strong> (Nicolas Cage), que j\u00e1 foi o her\u00f3i conhecido como <strong>Spider<\/strong>, \u00e9 for\u00e7ado a confrontar seu passado e os fantasmas de uma metr\u00f3pole consumida pela corrup\u00e7\u00e3o e pelo crime organizado.<\/p>\n<p>A s\u00e9rie criada por <strong>Oren Uziel<\/strong> (Anjos da Lei 2) e <strong>Steve Lightfoot<\/strong> (O Justiceiro) deve estrar depois do meio do ano.<\/p>\n<p>Blade Runner 2099<img loading=\"lazy\" decoding=\"async\" width=\"1024\" height=\"512\" src=\"https:\/\/www.europesays.com\/pt\/wp-content\/uploads\/2026\/01\/20240823-ovicio-blade-runner-2099-series-1024x512.webp.webp\" alt=\"Blade Runner 2099\" class=\"lazyload wp-image-658562\"  data-\/>Reprodu\u00e7\u00e3o\/<\/p>\n<p><strong>Blade Runner 2099<\/strong> se passa em Los Angeles, onde <strong>Cora <\/strong>(Hunter Schafer), uma camale\u00f4nica que viveu toda a vida fugindo, assume uma \u00faltima identidade e \u00e9 for\u00e7ada a se juntar \u00e0 veterana <strong>Blade Runner Olwen <\/strong>(Michelle Yeoh) para sobreviver a uma conspira\u00e7\u00e3o crescente.<\/p>\n<p>Produzida por <strong>Ridley Scott<\/strong> e<strong> Silka Luisa<\/strong>, a s\u00e9rie estreia no final de 2026.<\/p>\n<p>Carrie, a Estranha<img loading=\"lazy\" decoding=\"async\" width=\"1024\" height=\"576\" src=\"https:\/\/www.europesays.com\/pt\/wp-content\/uploads\/2026\/01\/20260105-image-11-1024x576.png\" alt=\"\" class=\"lazyload wp-image-887813\"  data-\/>Reprodu\u00e7\u00e3o\/<\/p>\n<p>A s\u00e9rie de <strong>Carrie, a Estranha<\/strong> ser\u00e1 uma releitura moderna do cl\u00e1ssico de<strong>\u00a0Stephen King<\/strong>, desta vez assinada por <strong>Mike Flanagan<\/strong> (Doutor Sono). A trama seguir\u00e1 a mesma base de <strong>Carrie<\/strong> como a garota que sofre bullying, e gera caos quando descobre seus poderes telecin\u00e9ticos.<\/p>\n<p>Por enquanto, n\u00e3o h\u00e1 uma data de estreia para a s\u00e9rie.<\/p>\n<p>Criminal<img loading=\"lazy\" decoding=\"async\" width=\"1024\" height=\"576\" src=\"https:\/\/www.europesays.com\/pt\/wp-content\/uploads\/2026\/01\/20260105-image-10-1024x576.png\" alt=\"\" class=\"lazyload wp-image-887812\"  data-\/>Reprodu\u00e7\u00e3o\/FX e Image<\/p>\n<p>Baseada na premiada HQ de\u00a0<strong>Ed Brubaker<\/strong>, <strong>Criminal <\/strong>cruza hist\u00f3rias de diferentes gera\u00e7\u00f5es de criminosos em um submundo do crime complexo. Se tiver metade da qualidade da HQ, esta ser\u00e1 uma s\u00e9rie geracional.<\/p>\n<p><strong>Ed Brubaker<\/strong> (Batman: Cruzado Encapuzado) e <strong>Jordan Harper <\/strong>(O Mentalista) s\u00e3o os criadores, e o elenco \u00e9 formado por <strong>Charlie Hunnam<\/strong>,<strong> Emilia Clarke <\/strong>e<strong> Adria Arjona<\/strong>. Por enquanto, n\u00e3o h\u00e1 data de estreia.<\/p>\n<p>Vought Rising<img loading=\"lazy\" decoding=\"async\" width=\"1024\" height=\"576\" src=\"https:\/\/www.europesays.com\/pt\/wp-content\/uploads\/2026\/01\/20250908-jensen-ackles-como-soldier-boy-em-vought-rising-1024x576.jpg\" alt=\"Jensen Ackles como Soldier Boy em Vought Rising\" class=\"lazyload wp-image-823918\"  data-\/>Reprodu\u00e7\u00e3o\/Prime Video<\/p>\n<p>Ambientada nos anos 50, <strong>Vought Rising<\/strong> \u00e9 descrita como um &#8220;<strong>mist\u00e9rio de assassinato distorcido<\/strong>&#8220;, que mergulha nas origens da empresa que domina o universo de <strong>The Boys<\/strong>. <strong>Jensen Ackles<\/strong>\u00a0e <strong>Aya Cash<\/strong>\u00a0s\u00e3o os protagonistas como <strong>Soldier Boy<\/strong> e <strong>Tempesta<\/strong>.<\/p>\n<p>Por enquanto, n\u00e3o h\u00e1 uma data de estreia definida, mas a expectativa \u00e9 de um lan\u00e7amento no segundo semestre.<\/p>\n<p>Leia tamb\u00e9m sobre o Prime Video<\/p>\n<p>E a\u00ed, qual dessas s\u00e9ries do<strong> Prime Video <\/strong>para 2026 voc\u00ea mais quer ver? Eu confesso que estou dividido entre<strong> Spider-Noir<\/strong>, <strong>Criminal <\/strong>e<strong> Blade Runner 2099<\/strong>. Fique \u00e0 vontade para deixar o seu coment\u00e1rio.<\/p>\n","protected":false},"excerpt":{"rendered":"Estimated reading time: 7 minutos De The Boys a Blade Runner, o Prime Video talvez tenha o portf\u00f3lio&hellip;\n","protected":false},"author":2,"featured_media":216517,"comment_status":"","ping_status":"","sticky":false,"template":"","format":"standard","meta":{"footnotes":""},"categories":[142],"tags":[30170,42120,42121,38586,42122,114,115,42123,30367,42124,40389,13537,42125,16700,32,1587,33,42126,19815,151,42127],"class_list":{"0":"post-216516","1":"post","2":"type-post","3":"status-publish","4":"format-standard","5":"has-post-thumbnail","7":"category-tv","8":"tag-blade-runner","9":"tag-blade-runner-2099","10":"tag-carrie-a-estranha","11":"tag-criminal","12":"tag-deadloch","13":"tag-entertainment","14":"tag-entretenimento","15":"tag-guy-richie","16":"tag-guy-ritchie","17":"tag-jovem-sherlock","18":"tag-o-gerente-da-noite","19":"tag-o-senhor-dos-aneis","20":"tag-o-senhor-dos-aneis-os-aneis-de-poder","21":"tag-os-aneis-de-poder","22":"tag-portugal","23":"tag-prime-video","24":"tag-pt","25":"tag-spider-noir","26":"tag-the-boys","27":"tag-tv","28":"tag-vought-rising"},"share_on_mastodon":{"url":"https:\/\/pubeurope.com\/@pt\/115844674011991650","error":""},"_links":{"self":[{"href":"https:\/\/www.europesays.com\/pt\/wp-json\/wp\/v2\/posts\/216516","targetHints":{"allow":["GET"]}}],"collection":[{"href":"https:\/\/www.europesays.com\/pt\/wp-json\/wp\/v2\/posts"}],"about":[{"href":"https:\/\/www.europesays.com\/pt\/wp-json\/wp\/v2\/types\/post"}],"author":[{"embeddable":true,"href":"https:\/\/www.europesays.com\/pt\/wp-json\/wp\/v2\/users\/2"}],"replies":[{"embeddable":true,"href":"https:\/\/www.europesays.com\/pt\/wp-json\/wp\/v2\/comments?post=216516"}],"version-history":[{"count":0,"href":"https:\/\/www.europesays.com\/pt\/wp-json\/wp\/v2\/posts\/216516\/revisions"}],"wp:featuredmedia":[{"embeddable":true,"href":"https:\/\/www.europesays.com\/pt\/wp-json\/wp\/v2\/media\/216517"}],"wp:attachment":[{"href":"https:\/\/www.europesays.com\/pt\/wp-json\/wp\/v2\/media?parent=216516"}],"wp:term":[{"taxonomy":"category","embeddable":true,"href":"https:\/\/www.europesays.com\/pt\/wp-json\/wp\/v2\/categories?post=216516"},{"taxonomy":"post_tag","embeddable":true,"href":"https:\/\/www.europesays.com\/pt\/wp-json\/wp\/v2\/tags?post=216516"}],"curies":[{"name":"wp","href":"https:\/\/api.w.org\/{rel}","templated":true}]}}