{"id":216542,"date":"2026-01-05T22:01:09","date_gmt":"2026-01-05T22:01:09","guid":{"rendered":"https:\/\/www.europesays.com\/pt\/216542\/"},"modified":"2026-01-05T22:01:09","modified_gmt":"2026-01-05T22:01:09","slug":"quem-repara-nas-unhas-de-dolores-aveiro-tira-notas-para-a-proxima-manicure","status":"publish","type":"post","link":"https:\/\/www.europesays.com\/pt\/216542\/","title":{"rendered":"Quem repara nas unhas de Dolores Aveiro&#8230; tira notas para a pr\u00f3xima manicure"},"content":{"rendered":"<p>J\u00e1 estamos em 2026, o <a href=\"https:\/\/versa.iol.pt\/pantone\/cor\/pantone-escolheu-a-cor-de-2026-e-a-polemica-instalou-se\/20251204\/69319e9bd34e2bd5c6d4bdf9\" rel=\"nofollow noopener\" target=\"_blank\">ano da cor Cloud Dancer<\/a>, um branco suave eleito pela Pantone. Este tom chega \u00e0s tend\u00eancias de beleza, mas nem por isso \u00e9 a \u00fanica op\u00e7\u00e3o para come\u00e7ar o ano em grande.\u00a0<\/p>\n<p>Quando olhamos para Dolores Aveiro, percebemos que h\u00e1 um cl\u00e1ssico infal\u00edvel que n\u00e3o dispensa, seja nas m\u00e3os ou nos p\u00e9s. Falamos do vermelho, uma cor forte, impactante e sempre elegante, que \u00e9 a cor que nunca se nega quando todas as outras j\u00e1 nos aborrecem.<\/p>\n<p>Ao manter-se fiel \u00e0 escolha dos tons vermelhos nas unhas, a matriarca da fam\u00edlia de Cristiano Ronaldo pode muito bem ser a tua refer\u00eancia para a tua pr\u00f3xima ida \u00e0 manicure. Afinal, cl\u00e1ssico nunca falha.<\/p>\n<p>Mostramos na galeria de imagens alguns exemplos de nail art\u00a0em vermelho que podes replicar.\u00a0<\/p>\n<blockquote class=\"instagram-media\" data-instgrm-captioned=\"\" data-instgrm-permalink=\"https:\/\/www.instagram.com\/p\/DTAlRL_DrOd\/?utm_source=ig_embed&amp;utm_campaign=loading\" data-instgrm-version=\"14\" style=\" background:#FFF; border:0; border-radius:3px; box-shadow:0 0 1px 0 rgba(0,0,0,0.5),0 1px 10px 0 rgba(0,0,0,0.15); margin: 1px; max-width:540px; min-width:326px; padding:0; width:99.375%; width:-webkit-calc(100% - 2px); width:calc(100% - 2px);\">\n<\/blockquote>\n<p>\u00a0<\/p>\n<p>\u00a0<\/p>\n<p>                            <script async src=\"\/\/www.instagram.com\/embed.js\"><\/script><\/p>\n","protected":false},"excerpt":{"rendered":"J\u00e1 estamos em 2026, o ano da cor Cloud Dancer, um branco suave eleito pela Pantone. Este tom&hellip;\n","protected":false},"author":2,"featured_media":216543,"comment_status":"","ping_status":"","sticky":false,"template":"","format":"standard","meta":{"footnotes":""},"categories":[85],"tags":[1081,667,204,23133,114,115,754,186,1079,32,33,4258,21511,1078,1080],"class_list":{"0":"post-216542","1":"post","2":"type-post","3":"status-publish","4":"format-standard","5":"has-post-thumbnail","7":"category-entretenimento","8":"tag-beleza","9":"tag-cristiano-ronaldo","10":"tag-design","11":"tag-dolores-aveiro","12":"tag-entertainment","13":"tag-entretenimento","14":"tag-gastronomia","15":"tag-lifestyle","16":"tag-moda","17":"tag-portugal","18":"tag-pt","19":"tag-unhas","20":"tag-vermelho","21":"tag-versa","22":"tag-viagens"},"share_on_mastodon":{"url":"https:\/\/pubeurope.com\/@pt\/115844748612679202","error":""},"_links":{"self":[{"href":"https:\/\/www.europesays.com\/pt\/wp-json\/wp\/v2\/posts\/216542","targetHints":{"allow":["GET"]}}],"collection":[{"href":"https:\/\/www.europesays.com\/pt\/wp-json\/wp\/v2\/posts"}],"about":[{"href":"https:\/\/www.europesays.com\/pt\/wp-json\/wp\/v2\/types\/post"}],"author":[{"embeddable":true,"href":"https:\/\/www.europesays.com\/pt\/wp-json\/wp\/v2\/users\/2"}],"replies":[{"embeddable":true,"href":"https:\/\/www.europesays.com\/pt\/wp-json\/wp\/v2\/comments?post=216542"}],"version-history":[{"count":0,"href":"https:\/\/www.europesays.com\/pt\/wp-json\/wp\/v2\/posts\/216542\/revisions"}],"wp:featuredmedia":[{"embeddable":true,"href":"https:\/\/www.europesays.com\/pt\/wp-json\/wp\/v2\/media\/216543"}],"wp:attachment":[{"href":"https:\/\/www.europesays.com\/pt\/wp-json\/wp\/v2\/media?parent=216542"}],"wp:term":[{"taxonomy":"category","embeddable":true,"href":"https:\/\/www.europesays.com\/pt\/wp-json\/wp\/v2\/categories?post=216542"},{"taxonomy":"post_tag","embeddable":true,"href":"https:\/\/www.europesays.com\/pt\/wp-json\/wp\/v2\/tags?post=216542"}],"curies":[{"name":"wp","href":"https:\/\/api.w.org\/{rel}","templated":true}]}}