{"id":216544,"date":"2026-01-05T22:02:25","date_gmt":"2026-01-05T22:02:25","guid":{"rendered":"https:\/\/www.europesays.com\/pt\/216544\/"},"modified":"2026-01-05T22:02:25","modified_gmt":"2026-01-05T22:02:25","slug":"acoes-de-fabricantes-de-chips-de-memoria-se-valorizam-com-escassez-de-oferta","status":"publish","type":"post","link":"https:\/\/www.europesays.com\/pt\/216544\/","title":{"rendered":"A\u00e7\u00f5es de fabricantes de chips de mem\u00f3ria se valorizam com escassez de oferta"},"content":{"rendered":"<p class=\"bullet mt-0\" data-v-232111b4=\"\">5 Jan (Reuters) &#8211; As a\u00e7\u00f5es dos principais fornecedores de chips de mem\u00f3ria do mundo subiram nesta segunda-feira, com \u200dos investidores apostando em novos \u200cavan\u00e7os devido a uma crise de oferta global impulsionada pela crescente demanda por infraestrutura de intelig\u00eancia artificial.<\/p>\n<p class=\"bullet\" data-v-232111b4=\"\">O co presidente-executivo da Samsung, \u200bTM Roh, descreveu \u200ba escassez \u2060como &#8220;sem precedentes&#8221; em uma entrevista \u00e0 Reuters, \u200dfazendo eco aos pares que \u2060alertaram que as restri\u00e7\u00f5es de oferta podem persistir por meses, se n\u00e3o anos, \u00e0 medida que \u2060a corrida para construir a infraestrutura de \u200bIA consome a produ\u00e7\u00e3o.<\/p>\n<p class=\"bullet\" data-v-232111b4=\"\">Essa demanda fez com que os fabricantes de chips de mem\u00f3ria desviassem a capacidade \u200cde fabrica\u00e7\u00e3o para a mem\u00f3ria de alta largura de banda para servidores de IA, reduzindo a oferta para quase todos os outros setores, como chips flash usados em unidades USB e smartphones.<\/p>\n","protected":false},"excerpt":{"rendered":"5 Jan (Reuters) &#8211; As a\u00e7\u00f5es dos principais fornecedores de chips de mem\u00f3ria do mundo subiram nesta segunda-feira,&hellip;\n","protected":false},"author":2,"featured_media":11354,"comment_status":"","ping_status":"","sticky":false,"template":"","format":"standard","meta":{"footnotes":""},"categories":[84],"tags":[109,107,108,32,33,105,103,104,106,110],"class_list":{"0":"post-216544","1":"post","2":"type-post","3":"status-publish","4":"format-standard","5":"has-post-thumbnail","7":"category-ciencia-e-tecnologia","8":"tag-ciencia","9":"tag-ciencia-e-tecnologia","10":"tag-cienciaetecnologia","11":"tag-portugal","12":"tag-pt","13":"tag-science","14":"tag-science-and-technology","15":"tag-scienceandtechnology","16":"tag-technology","17":"tag-tecnologia"},"share_on_mastodon":{"url":"https:\/\/pubeurope.com\/@pt\/115844752502094779","error":""},"_links":{"self":[{"href":"https:\/\/www.europesays.com\/pt\/wp-json\/wp\/v2\/posts\/216544","targetHints":{"allow":["GET"]}}],"collection":[{"href":"https:\/\/www.europesays.com\/pt\/wp-json\/wp\/v2\/posts"}],"about":[{"href":"https:\/\/www.europesays.com\/pt\/wp-json\/wp\/v2\/types\/post"}],"author":[{"embeddable":true,"href":"https:\/\/www.europesays.com\/pt\/wp-json\/wp\/v2\/users\/2"}],"replies":[{"embeddable":true,"href":"https:\/\/www.europesays.com\/pt\/wp-json\/wp\/v2\/comments?post=216544"}],"version-history":[{"count":0,"href":"https:\/\/www.europesays.com\/pt\/wp-json\/wp\/v2\/posts\/216544\/revisions"}],"wp:featuredmedia":[{"embeddable":true,"href":"https:\/\/www.europesays.com\/pt\/wp-json\/wp\/v2\/media\/11354"}],"wp:attachment":[{"href":"https:\/\/www.europesays.com\/pt\/wp-json\/wp\/v2\/media?parent=216544"}],"wp:term":[{"taxonomy":"category","embeddable":true,"href":"https:\/\/www.europesays.com\/pt\/wp-json\/wp\/v2\/categories?post=216544"},{"taxonomy":"post_tag","embeddable":true,"href":"https:\/\/www.europesays.com\/pt\/wp-json\/wp\/v2\/tags?post=216544"}],"curies":[{"name":"wp","href":"https:\/\/api.w.org\/{rel}","templated":true}]}}