{"id":216553,"date":"2026-01-05T22:10:15","date_gmt":"2026-01-05T22:10:15","guid":{"rendered":"https:\/\/www.europesays.com\/pt\/216553\/"},"modified":"2026-01-05T22:10:15","modified_gmt":"2026-01-05T22:10:15","slug":"ruben-e-tatiana-boa-nova-vivem-momentos-de-puro-amor-em-familia-e-as-imagens-sao-de-derreter-o-coracao-primeira-companhia","status":"publish","type":"post","link":"https:\/\/www.europesays.com\/pt\/216553\/","title":{"rendered":"Ruben e Tatiana Boa Nova vivem momentos de puro amor em fam\u00edlia. E as imagens s\u00e3o de derreter o cora\u00e7\u00e3o &#8211; Primeira Companhia"},"content":{"rendered":"<p data-end=\"68\" data-start=\"0\">Ruben Boa Nova e Tatiana vivem uma fase de grande felicidade. <a href=\"https:\/\/tvi.iol.pt\/secretstory\/ruben-boa-nova\/tatiana-boa-nova\/ruben-boa-nova-revela-novos-detalhes-do-parto-e-emociona-os-seguidores\" rel=\"nofollow noopener\" target=\"_blank\">O casal deu as boas-vindas ao segundo filho<\/a>, Rodrigo, no passado dia 3 de dezembro de 2025.<\/p>\n<p data-end=\"471\" data-start=\"215\">Nas redes sociais, os ex concorrentes do Secret Story 3\u00a0festejaram o primeiro m\u00eas de vida do filho Rodrigo, junto do filho mais velho, Louren\u00e7o. A publica\u00e7\u00e3o foi acompanhada de uma mensagem emotiva: \u00abComo posso reclamar de 2025 se ele permitiu-me viver isto.\u00a0\u2764\ufe0f\ud83d\ude4f Primeiro m\u00eas do meu pequeno <a href=\"https:\/\/www.instagram.com\/rodrigomboanova\/?hl=en\" role=\"link\" tabindex=\"0\" rel=\"nofollow noopener\" target=\"_blank\">@rodrigomboanova<\/a>\u00bb.<\/p>\n<p data-end=\"471\" data-start=\"215\">Rodrigo Boa Nova nasceu no passado dia 3 de dezembro.\u00a0<\/p>\n<p data-end=\"643\" data-start=\"623\">Veja a publica\u00e7\u00e3o:<\/p>\n<blockquote class=\"instagram-media\" data-instgrm-captioned=\"\" data-instgrm-permalink=\"https:\/\/www.instagram.com\/p\/DTD8KzrDIwV\/?utm_source=ig_embed&amp;utm_campaign=loading\" data-instgrm-version=\"14\" style=\" background:#FFF; border:0; border-radius:3px; box-shadow:0 0 1px 0 rgba(0,0,0,0.5),0 1px 10px 0 rgba(0,0,0,0.15); margin: 1px; max-width:540px; min-width:326px; padding:0; width:99.375%; width:-webkit-calc(100% - 2px); width:calc(100% - 2px);\">\n<\/blockquote>\n<p>                        <script async src=\"\/\/www.instagram.com\/embed.js\"><\/script><\/p>\n","protected":false},"excerpt":{"rendered":"Ruben Boa Nova e Tatiana vivem uma fase de grande felicidade. O casal deu as boas-vindas ao segundo&hellip;\n","protected":false},"author":2,"featured_media":216554,"comment_status":"","ping_status":"","sticky":false,"template":"","format":"standard","meta":{"footnotes":""},"categories":[142],"tags":[41536,114,115,18705,42133,32,33,36660,2631,2630,151,41535],"class_list":{"0":"post-216553","1":"post","2":"type-post","3":"status-publish","4":"format-standard","5":"has-post-thumbnail","7":"category-tv","8":"tag-bastidores-da-recruta","9":"tag-entertainment","10":"tag-entretenimento","11":"tag-entrevistas-concorrentes-tvi","12":"tag-lourenco-boa-nova","13":"tag-portugal","14":"tag-pt","15":"tag-rodrigo-boa-nova","16":"tag-ruben-boa-nova","17":"tag-tatiana-boa-nova","18":"tag-tv","19":"tag-vida-fora-da-base"},"share_on_mastodon":{"url":"https:\/\/pubeurope.com\/@pt\/115844783980942252","error":""},"_links":{"self":[{"href":"https:\/\/www.europesays.com\/pt\/wp-json\/wp\/v2\/posts\/216553","targetHints":{"allow":["GET"]}}],"collection":[{"href":"https:\/\/www.europesays.com\/pt\/wp-json\/wp\/v2\/posts"}],"about":[{"href":"https:\/\/www.europesays.com\/pt\/wp-json\/wp\/v2\/types\/post"}],"author":[{"embeddable":true,"href":"https:\/\/www.europesays.com\/pt\/wp-json\/wp\/v2\/users\/2"}],"replies":[{"embeddable":true,"href":"https:\/\/www.europesays.com\/pt\/wp-json\/wp\/v2\/comments?post=216553"}],"version-history":[{"count":0,"href":"https:\/\/www.europesays.com\/pt\/wp-json\/wp\/v2\/posts\/216553\/revisions"}],"wp:featuredmedia":[{"embeddable":true,"href":"https:\/\/www.europesays.com\/pt\/wp-json\/wp\/v2\/media\/216554"}],"wp:attachment":[{"href":"https:\/\/www.europesays.com\/pt\/wp-json\/wp\/v2\/media?parent=216553"}],"wp:term":[{"taxonomy":"category","embeddable":true,"href":"https:\/\/www.europesays.com\/pt\/wp-json\/wp\/v2\/categories?post=216553"},{"taxonomy":"post_tag","embeddable":true,"href":"https:\/\/www.europesays.com\/pt\/wp-json\/wp\/v2\/tags?post=216553"}],"curies":[{"name":"wp","href":"https:\/\/api.w.org\/{rel}","templated":true}]}}