{"id":216580,"date":"2026-01-05T22:30:09","date_gmt":"2026-01-05T22:30:09","guid":{"rendered":"https:\/\/www.europesays.com\/pt\/216580\/"},"modified":"2026-01-05T22:30:09","modified_gmt":"2026-01-05T22:30:09","slug":"a-tiara-que-reforca-o-vinculo-dinamarques-a-gronelandia-observador","status":"publish","type":"post","link":"https:\/\/www.europesays.com\/pt\/216580\/","title":{"rendered":"A tiara que refor\u00e7a o v\u00ednculo dinamarqu\u00eas \u00e0 Gronel\u00e2ndia \u2013 Observador"},"content":{"rendered":"<p>\u00c9 uma pe\u00e7a moderna,\u00a0feita de ouro amarelo brilhante, e projetada com v\u00e1rios motivos florais. A <strong>tiara Naasut<\/strong> foi oferecida em 2012 \u00e0 rainha Margarida pelo povo da Gronel\u00e2ndia, para assinalar os 40 da monarca no trono dinamarqu\u00eas. 14 anos depois, a soberana j\u00e1 passou o testemunho ao filho Frederik X, depois de abdicar em janeiro de 2024, mas conserva um lugar especial para esta pe\u00e7a no seu guarda-joias \u2014 e nas apari\u00e7\u00f5es p\u00fablicas e simb\u00f3licas. Num cen\u00e1rio de instabilidade, <a href=\"https:\/\/observador.pt\/2026\/01\/05\/trump-avisa-delcy-rodriguez-que-vai-pagar-preco-muito-alto-e-insiste-que-gronelandia-e-essencial-aos-eua\/\" rel=\"nofollow noopener\" target=\"_blank\">com Trump a amea\u00e7ar que \u201cprecisa\u201d daquele territ\u00f3rio dinamarqu\u00eas,<\/a> o ano novo foi o momento mais recente para Margarida desempoeirar este acess\u00f3rio e, segundo as leituras mais atentas \u2014 para deixar uma mensagem pol\u00edtica.<\/p>\n<p>Para o banquete de rece\u00e7\u00e3o a 2026, no pal\u00e1cio de Amalienborg, a antiga monarca surgiu mais uma vez com a Naasut, cujo material resulta de moedas derretidas, que haviam sido cunhadas para o Ano Polar Internacional, com o ouro extra\u00eddo das minas Kirkespidalen.\u00a0O conjunto, onde se inclui ainda um par de brincos,\u00a0foi criado pelo ourives\u00a0<strong>Nicolai Appel<\/strong>. Este pequeno modelo demi parure\u00a0destaca-se ainda pelos\u00a0diamantes e rubis espalhados entre as flores que comp\u00f5em a pe\u00e7a. O nome da tiara, Naasut, em Kalaallisut, a l\u00edngua oficial da Gronel\u00e2ndia,\u00a0traduz-se ali\u00e1s por \u201cflores da Gronel\u00e2ndia\u201d, um efeito para uma rainha tamb\u00e9m ela florida, original nas suas escolhas de estilo.<\/p>\n<p>        <img src=\"https:\/\/www.europesays.com\/pt\/wp-content\/uploads\/2026\/01\/gettyimages-158857073.jpg\" alt=\"GettyImages-158857073\" loading=\"lazy\" decoding=\"async\" class=\"aligncenter\" onload=\"this.parentElement.classList.remove('spinner')\" onerror=\"this.parentElement.classList.remove('spinner')\" width=\"1130\" height=\"846\"\/><br \/>\n    Getty Images<\/p>\n<p>Encantada com a oferta, em cuja confe\u00e7\u00e3o ela pr\u00f3pria ter\u00e1 intervindo, a Rainha estreou\u00a0a tiara no evento de ano novo que reuniu a corte dinamarquesa no ano seguinte, interrompendo o h\u00e1bito de usar outras cria\u00e7\u00f5es, como a tiara\u00a0Pearl Poir\u00e9. A pe\u00e7a tem ainda outra particularidade: pode ser desmontada e dividida em cinco pregadeiras e ganchos de cabelo. Quanto ao look eleito, tamb\u00e9m uma repeti\u00e7\u00e3o, Margarida escolheu um vestido encarnado da designer dinamarquesa Birgitte Thaulow. Ao peito, destaque ainda para o colar da ordem do Elefante.<\/p>\n<p>Dedicado ao trabalho com o ouro desde 1989, Nicolai Appel \u00e9 natural de Copenhaga e formado em design pelo\u00a0Instituto de Metais Preciosos. Fixou-se\u00a0em nome pr\u00f3prio em 1996, na capital dinamarquesa, e segundo o seu site\u00a0deixou-se cativar pelo ouro da Gronel\u00e2ndia em 2004, quando o casal de pr\u00edncipes herdeiros do trono teve as suas alian\u00e7as de casamento feitas com esta proveni\u00eancia. Appel passou a defender que este material nobre deveria estar ao alcance de todos, apostando assim em cole\u00e7\u00f5es mais democr\u00e1ticas.<\/p>\n<p>Tamb\u00e9m conhecida como a Greenland Gold Tiara, esta joia, que p\u00f5e em evid\u00eancia 17 flores diferentes, \u00e9 uma das que a antiga soberana p\u00f4de conservar depois da abdica\u00e7\u00e3o, com a maior parte da cole\u00e7\u00e3o a ter passado para as m\u00e3os da sua nora, a rainha Mary. No seu acervo pessoal destacam-se cria\u00e7\u00f5es como a tiara Floral Aigrette mas a Naasut\u00a0ser\u00e1 uma das mais significativas em termos de tamanho. Margarida usou-a\u00a0no banquete de Estado que ofereceu em Amalienborg ao chefe\u00a0de estado island\u00eas em 2017. No ano seguinte, voltou a preferir esta pe\u00e7a para o jantar de gala que celebrou os 50 anos do seu filho, o pr\u00edncipe Frederik, em Christianborg, e a conjug\u00e1-la com a pregadeira diamantes de Josefina\u00a0da Su\u00e9cia e Noruega, uma joia herdada pela sua neta, a princesa Lovisa da Su\u00e9cia, e que passaria para a Fam\u00edlia Real Dinamarquesa.<\/p>\n<p>        <img src=\"https:\/\/www.europesays.com\/pt\/wp-content\/uploads\/2026\/01\/captura-de-ecra-2026-01-05-as-143415.jpg\" alt=\"\" loading=\"lazy\" decoding=\"async\" class=\"aligncenter\" onload=\"this.parentElement.classList.remove('spinner')\" onerror=\"this.parentElement.classList.remove('spinner')\"\/>    <\/p>\n<p>Em 21 de junho de 2023, a rainha dinamarquesa participou da abertura da exposi\u00e7\u00e3o \u201cKalaalit Nunaat Rocks \u2013 Pedras da\u00a0Gronel\u00e2ndia\u201d no Museu do Design em Copenhaga.\u00a0A exposi\u00e7\u00e3o, inaugurada no dia nacional da Gronel\u00e2ndia, celebrado nesse dia do ano, contou entre os destaques com esta tiara.<\/p>\n<p>Ao longo do seu reinado de meio s\u00e9culo, n\u00e3o faltaram interven\u00e7\u00f5es mais contundentes em tempos cr\u00edticos. Em mar\u00e7o de 2022, a\u00a0Casa Real Dinamarquesa divulgava um comunicado em nome da Rainha onde se lia: \u201cH\u00e1 guerra na Europa novamente. Fico imensamente triste por testemunhar o que est\u00e1 agora a acontecer na Ucr\u00e2nia. O progresso e a esperan\u00e7a que floresceram na Europa ap\u00f3s a queda do Muro de Berlim desfaz-se agora perante os nossos olhos\u201d. A mensagem terminou com a linha, \u201cque esta guerra sem sentido seja levada ao fim o mais r\u00e1pido poss\u00edvel\u201d. A\u00a0fam\u00edlia real dinamarquesa doava ainda um milh\u00e3o de coroas dinamarquesas \u00e0s v\u00edtimas ucranianas do conflito, proveniente da Funda\u00e7\u00e3o da Rainha Margarida e do Pr\u00edncipe Henrik e da Funda\u00e7\u00e3o do Pr\u00edncipe Frederik e da Princesa Mary. Margarida tinha cinco anos\u00a0quando a Dinamarca foi libertada da ocupa\u00e7\u00e3o nazi em 1945. Em 2020, partilhou mem\u00f3rias da noite em que o seu pa\u00eds foi finalmente libertado dos militares alem\u00e3es.<\/p>\n<p>Embora os monarcas n\u00e3o interfiram diretamente nos assuntos pol\u00edticos, alguns t\u00f3picos da atualidade foram dominando as interven\u00e7\u00f5es de ano novo, um dos momentos marcantes do calend\u00e1rio, quando o soberano se dirige diretamente ao povo dinamarqu\u00eas. A tradi\u00e7\u00e3o da mensagem foi encetada no final do s\u00e9culo XIX, ent\u00e3o apenas dirigida ao c\u00edrculo restrito da corte, passou a ser transmitida na r\u00e1dio em 1941, e chegou \u00e0 TV em 1958. Em 2023, o discurso de Margarida acabaria por viralizar no pa\u00eds, desde logo pelo an\u00fancio da sua retirada mas tamb\u00e9m pelos temas aflorados. Na despedida, a monarca aludiu \u00e0\u00a0crise clim\u00e1tica, aos perigos da intelig\u00eancia artificial, e tamb\u00e9m deixou um apelo a prop\u00f3sito do conflito no M\u00e9dio Oriente. \u201cA guerra est\u00e1 a fazer o anti-semitismo espalhar-se novamente. \u00c9 lament\u00e1vel e vergonhoso. Esta noite farei um apelo inequ\u00edvoco para que todos n\u00f3s, na Dinamarca, nos tratemos mutuamente com respeito. Temos de nos aproximar uns dos outros, n\u00e3o nos distanciarmos uns dos outros. Devemos lembrar que somos todos humanos. Isto aplica-se tanto aos judeus como aos palestinianos.\u201d<\/p>\n<p>Chegados \u00e0 entrada de 2026, a segunda mensagem de ano novo do reinado\u00a0e Frederik X exprimiu o contraste de sentimentos numa \u00e9poca especialmente turbulenta e de desfecho imprevis\u00edvel.\u00a0\u201cA alegria e a tristeza andam de m\u00e3os dadas. Alguns dias se sentem pesados e se arrastam, outros se sentem leves e f\u00e1ceis e passaram, quase antes de come\u00e7arem. A natureza e o ritmo da vida flutuam para cima e para baixo. A mudan\u00e7a da vida \u00e9 o destino da vida. Todos n\u00f3s experimentamos isso com o passar do tempo \u2013 tamb\u00e9m este ano.\u201d, afirmou o Rei, que lembrou o crescimento dos filhos, o desafio da paternidade, e ainda a guerra entre R\u00fassia e Ucr\u00e2nia. \u201cA caminho do mundo. <strong>Um mundo de oportunidades \u2013 mas tamb\u00e9m de desafios. Alguns s\u00e3o maiores do que gostamos<\/strong>.\u201d<\/p>\n","protected":false},"excerpt":{"rendered":"\u00c9 uma pe\u00e7a moderna,\u00a0feita de ouro amarelo brilhante, e projetada com v\u00e1rios motivos florais. A tiara Naasut foi&hellip;\n","protected":false},"author":2,"featured_media":216581,"comment_status":"","ping_status":"","sticky":false,"template":"","format":"standard","meta":{"footnotes":""},"categories":[85],"tags":[6516,211,114,115,186,32,33],"class_list":{"0":"post-216580","1":"post","2":"type-post","3":"status-publish","4":"format-standard","5":"has-post-thumbnail","7":"category-entretenimento","8":"tag-casas-reais","9":"tag-celebridades","10":"tag-entertainment","11":"tag-entretenimento","12":"tag-lifestyle","13":"tag-portugal","14":"tag-pt"},"share_on_mastodon":{"url":"https:\/\/pubeurope.com\/@pt\/115844862767411713","error":""},"_links":{"self":[{"href":"https:\/\/www.europesays.com\/pt\/wp-json\/wp\/v2\/posts\/216580","targetHints":{"allow":["GET"]}}],"collection":[{"href":"https:\/\/www.europesays.com\/pt\/wp-json\/wp\/v2\/posts"}],"about":[{"href":"https:\/\/www.europesays.com\/pt\/wp-json\/wp\/v2\/types\/post"}],"author":[{"embeddable":true,"href":"https:\/\/www.europesays.com\/pt\/wp-json\/wp\/v2\/users\/2"}],"replies":[{"embeddable":true,"href":"https:\/\/www.europesays.com\/pt\/wp-json\/wp\/v2\/comments?post=216580"}],"version-history":[{"count":0,"href":"https:\/\/www.europesays.com\/pt\/wp-json\/wp\/v2\/posts\/216580\/revisions"}],"wp:featuredmedia":[{"embeddable":true,"href":"https:\/\/www.europesays.com\/pt\/wp-json\/wp\/v2\/media\/216581"}],"wp:attachment":[{"href":"https:\/\/www.europesays.com\/pt\/wp-json\/wp\/v2\/media?parent=216580"}],"wp:term":[{"taxonomy":"category","embeddable":true,"href":"https:\/\/www.europesays.com\/pt\/wp-json\/wp\/v2\/categories?post=216580"},{"taxonomy":"post_tag","embeddable":true,"href":"https:\/\/www.europesays.com\/pt\/wp-json\/wp\/v2\/tags?post=216580"}],"curies":[{"name":"wp","href":"https:\/\/api.w.org\/{rel}","templated":true}]}}