{"id":216603,"date":"2026-01-05T22:47:12","date_gmt":"2026-01-05T22:47:12","guid":{"rendered":"https:\/\/www.europesays.com\/pt\/216603\/"},"modified":"2026-01-05T22:47:12","modified_gmt":"2026-01-05T22:47:12","slug":"primeiro-ministro-da-gronelandia-recusa-ceder-ao-panico-pela-possivel-anexacao-dos-eua","status":"publish","type":"post","link":"https:\/\/www.europesays.com\/pt\/216603\/","title":{"rendered":"Primeiro-ministro da Gronel\u00e2ndia recusa ceder ao &#8220;p\u00e2nico&#8221; pela poss\u00edvel anexa\u00e7\u00e3o dos EUA"},"content":{"rendered":"<p>                &#8220;<b>A situa\u00e7\u00e3o n\u00e3o \u00e9 de modos que os Estados Unidos possam conquistar a Gronel\u00e2ndia. <\/b>N\u00e3o \u00e9 esse o caso. Por isso,<b> n\u00e3o devemos entrar em p\u00e2nico<\/b>. Devemos restabelecer a boa coopera\u00e7\u00e3o que t\u00ednhamos&#8221;, disse Nielsen.<\/p>\n<p>Apesar da proposta, o primeiro-ministro prometeu firmeza na coopera\u00e7\u00e3o.<\/p>\n<p>O seu governo &#8220;adoptar\u00e1 agora uma postura mais firme, porque n\u00e3o estamos satisfeitos com a situa\u00e7\u00e3o em que nos encontramos&#8221;, disse. &#8220;Basta que a comunica\u00e7\u00e3o seja feita pelos media e por diversos meios indiretos&#8221;, acrescentou. Numa primeira mensagem nas redes sociais, este domingo, Nielsen j\u00e1 tinha criticado a forma como o presidente dos EUA, Donald Trump divulga as suas pretens\u00f5es e opini\u00f5es, atrav\u00e9s das redes sociais e das televis\u00f5es.<br \/>&#13;<br \/>\n<br \/>&#13;<br \/>\nDepois da opera\u00e7\u00e3o norte-americana para capturar Nicol\u00e1s Maduro na Velezuela, na madrugada de s\u00e1bado, debate-se abertamente a eventualidade de um ataque semelhante contra a Gronel\u00e2ndia.<\/p>\n<p>\u200bJens-Frederik Nielsen fez notar esta noite que a situa\u00e7\u00e3o \u00e9 muito diferente.<\/p>\n<p>&#8220;<b>O nosso pa\u00eds n\u00e3o se compara \u00e0 Venezuela. Somos um pa\u00eds democr\u00e1tico. E temos sido assim h\u00e1 muitos e muitos anos<\/b>&#8220;, insistiu.<\/p>\n<p>A primeira-ministra da Dinamarca, pa\u00eds a que pertence a ilha do \u00c1rtico, com estatuto aut\u00f3nomo, reagiu igualmente \u00e0 hip\u00f3tese armada.<\/p>\n<p>&#8220;<b>Se os Estados Unidos optarem por atacar militarmente outro pa\u00eds da NATO, <a href=\"https:\/\/www.rtp.pt\/noticias\/mundo\/gronelandia-ataque-dos-eua-a-um-parceiro-da-nato-sera-o-fim-de-tudo_n1708034\" target=\"_blank\" rel=\"nofollow noopener\">ser\u00e1 o fim de tudo<\/a><\/b>. Incluindo da nossa NATO e, por conseguinte, da seguran\u00e7a implementada desde o final da Segunda Guerra Mundial&#8221;, declarou Mette Frederiksen, \u00e0 esta\u00e7\u00e3o TV2. A Gronel\u00e2ndia \u00e9 uma ilha enorme na \u00e1rea do c\u00edrculo polar \u00c1rtico e tem uma popula\u00e7\u00e3o de apenas 57.000 habitantes. Al\u00e9m da sua localiza\u00e7\u00e3o estrat\u00e9gica, mais pr\u00f3xima de Nova Iorque do que de Copenhaga, possui recursos minerais significativos, a maioria dos quais ainda inexplorados. <br \/>&#13;<br \/>\nOs Estados Unidos mant\u00eam ainda na ilha uma pequena base militar e operaram ali cerca de outras dez durante a Guerra Fria. <\/p>\n<p>Donald Trump afirma que a anexa\u00e7\u00e3o da ilha \u00e9 vital para a &#8220;seguran\u00e7a nacional&#8221; dos EUA e <b>acusa a Dinamarca de n\u00e3o ter meios para garantir a seguran\u00e7a ou para a defender<\/b>. O presidente norte-americano afirma ainda que o local est\u00e1 &#8220;cheio de navios russos e chineses&#8221;.<\/p>\n<p>A chefe do Governo dinamarqu\u00eas respondeu esta tarde a Trump, contrariando esta vers\u00e3o.<\/p>\n<p>&#13;<br \/>\n&#8220;Discordo da afirma\u00e7\u00e3o de que a seguran\u00e7a no \u00c1rtico n\u00e3o est\u00e1 garantida&#8221;, afirmo, sublinhando que a Dinamarca destinou cerca de 90 mil milh\u00f5es de coroas dinamarquesas (1,2 mil milh\u00f5es de euros) para a seguran\u00e7a na regi\u00e3o at\u00e9 2025.&#13;\n<\/p>\n<p>&#13;<br \/>\nA UE j\u00e1 se solidarizou com os Governos de Copenhaga e de Nuuk, frisando a necessidade de serem respeitadas a unidade territorial e a legisla\u00e7\u00e3o internacional.&#13;\n<\/p>\n<p>&#13;<br \/>\nApesar dos gronelandeses j\u00e1 terem rejeitado a anexa\u00e7\u00e3o dos Estados Unidos como pretende Trump, querem tamb\u00e9m ser independentes da Dinamarca. Essa poder\u00e1 ser eventualmente um fator de negocia\u00e7\u00e3o para Washington.\u00a0&#13;<\/p>\n","protected":false},"excerpt":{"rendered":"&#8220;A situa\u00e7\u00e3o n\u00e3o \u00e9 de modos que os Estados Unidos possam conquistar a Gronel\u00e2ndia. N\u00e3o \u00e9 esse o&hellip;\n","protected":false},"author":2,"featured_media":216604,"comment_status":"","ping_status":"","sticky":false,"template":"","format":"standard","meta":{"footnotes":""},"categories":[50],"tags":[27,28,14840,4639,15,16,13033,14,39789,25,26,21,22,62,12,13,19,20,13034,23,24,17,18,29,30,31,63,64,65],"class_list":{"0":"post-216603","1":"post","2":"type-post","3":"status-publish","4":"format-standard","5":"has-post-thumbnail","7":"category-mundo","8":"tag-breaking-news","9":"tag-breakingnews","10":"tag-copenhaga","11":"tag-dinamarca","12":"tag-featured-news","13":"tag-featurednews","14":"tag-gronelandia","15":"tag-headlines","16":"tag-jens-frederik-nielsen","17":"tag-latest-news","18":"tag-latestnews","19":"tag-main-news","20":"tag-mainnews","21":"tag-mundo","22":"tag-news","23":"tag-noticias","24":"tag-noticias-principais","25":"tag-noticiasprincipais","26":"tag-nuuk","27":"tag-principais-noticias","28":"tag-principaisnoticias","29":"tag-top-stories","30":"tag-topstories","31":"tag-ultimas","32":"tag-ultimas-noticias","33":"tag-ultimasnoticias","34":"tag-world","35":"tag-world-news","36":"tag-worldnews"},"share_on_mastodon":{"url":"https:\/\/pubeurope.com\/@pt\/115844929501251441","error":""},"_links":{"self":[{"href":"https:\/\/www.europesays.com\/pt\/wp-json\/wp\/v2\/posts\/216603","targetHints":{"allow":["GET"]}}],"collection":[{"href":"https:\/\/www.europesays.com\/pt\/wp-json\/wp\/v2\/posts"}],"about":[{"href":"https:\/\/www.europesays.com\/pt\/wp-json\/wp\/v2\/types\/post"}],"author":[{"embeddable":true,"href":"https:\/\/www.europesays.com\/pt\/wp-json\/wp\/v2\/users\/2"}],"replies":[{"embeddable":true,"href":"https:\/\/www.europesays.com\/pt\/wp-json\/wp\/v2\/comments?post=216603"}],"version-history":[{"count":0,"href":"https:\/\/www.europesays.com\/pt\/wp-json\/wp\/v2\/posts\/216603\/revisions"}],"wp:featuredmedia":[{"embeddable":true,"href":"https:\/\/www.europesays.com\/pt\/wp-json\/wp\/v2\/media\/216604"}],"wp:attachment":[{"href":"https:\/\/www.europesays.com\/pt\/wp-json\/wp\/v2\/media?parent=216603"}],"wp:term":[{"taxonomy":"category","embeddable":true,"href":"https:\/\/www.europesays.com\/pt\/wp-json\/wp\/v2\/categories?post=216603"},{"taxonomy":"post_tag","embeddable":true,"href":"https:\/\/www.europesays.com\/pt\/wp-json\/wp\/v2\/tags?post=216603"}],"curies":[{"name":"wp","href":"https:\/\/api.w.org\/{rel}","templated":true}]}}