{"id":21661,"date":"2025-08-08T21:21:51","date_gmt":"2025-08-08T21:21:51","guid":{"rendered":"https:\/\/www.europesays.com\/pt\/21661\/"},"modified":"2025-08-08T21:21:51","modified_gmt":"2025-08-08T21:21:51","slug":"marisa-liz-revelado-o-problema-de-saude-que-obrigou-a-cantora-a-cancelar-os-concertos-os-medicos","status":"publish","type":"post","link":"https:\/\/www.europesays.com\/pt\/21661\/","title":{"rendered":"Marisa Liz &#8211; Revelado o problema de sa\u00fade que obrigou a cantora a cancelar os concertos: \u201cOs m\u00e9dicos&#8230;\u201d"},"content":{"rendered":"<p><strong>Marisa Liz<\/strong> anunciou ontem, 6 de agosto, que iria fazer uma <a href=\"https:\/\/www.novagente.pt\/marisa-liz-afasta-se-dos-palcos-apos-problema-de-saude-daquelas-paragens-obrigatorias\" rel=\"nofollow noopener\" target=\"_blank\">pausa tempor\u00e1ria<\/a> por motivos de sa\u00fade e consequentemente cancelou todos os seus concertos agendados at\u00e9 ao dia 18 de agosto.<\/p>\n<p>No programa da <strong>CMTV Noite das Estrelas<\/strong>, <strong>Teresa Guilherme<\/strong> acabou por revelar que problema de sa\u00fade afetou a cantora.<\/p>\n<p><strong>\u201cEla tem uma inflama\u00e7\u00e3o nas cordas vocais\u201d<\/strong>, come\u00e7ou por dizer. <strong>\u201cDaquilo que sei, e os m\u00e9dicos n\u00e3o querem saber se a pessoa tem concertos marcados ou n\u00e3o, h\u00e3o de lhe ter dito: \u2018Agora tens de ficar caladita durante suas semanas, porque as cordas vocais n\u00e3o aguentam\u2019\u201d<\/strong>, acrescentou.<\/p>\n<p>A apresentadora referiu ainda que \u00e9 preciso mesmo esta paragem porque as m\u00fasicas da artista n\u00e3o s\u00e3o f\u00e1ceis.<\/p>\n<p>\u201cTodas as m\u00fasicas da Marisa puxam pela voz, ela n\u00e3o mia, ela canta m\u00fasica muito exigentes e o ver\u00e3o \u00e9 cheio de espet\u00e1culos, chega uma altura em que cede\u201d, finalizou.<\/p>\n<p>\u00a0<\/p>\n<p>Texto: Carolina Charrua; Fotos: Impala<\/p>\n<p class=\"intagram-text\">Siga a Nova Gente no Instagram<\/p>\n<p>                        <a href=\"https:\/\/www.instagram.com\/revistanovagente\/\" target=\"_blank\" aria-label=\"instagram\" rel=\"noopener nofollow\"><img decoding=\"async\" style=\"display: block; margin-left: auto; margin-right: auto; width: 250px; height: 83px;\" src=\"https:\/\/www.europesays.com\/pt\/wp-content\/uploads\/2025\/08\/Instagram_NG.png\" alt=\"instagram\"\/><\/a><br \/>\n                    <script async src=\"\/\/www.instagram.com\/embed.js\"><\/script><\/p>\n","protected":false},"excerpt":{"rendered":"Marisa Liz anunciou ontem, 6 de agosto, que iria fazer uma pausa tempor\u00e1ria por motivos de sa\u00fade e&hellip;\n","protected":false},"author":2,"featured_media":21662,"comment_status":"","ping_status":"","sticky":false,"template":"","format":"standard","meta":{"footnotes":""},"categories":[85],"tags":[1195,114,115,7817,150,7818,7819,32,33,117],"class_list":{"0":"post-21661","1":"post","2":"type-post","3":"status-publish","4":"format-standard","5":"has-post-thumbnail","7":"category-entretenimento","8":"tag-concerto","9":"tag-entertainment","10":"tag-entretenimento","11":"tag-marisa-liz","12":"tag-musica","13":"tag-palco","14":"tag-pausa","15":"tag-portugal","16":"tag-pt","17":"tag-saude"},"share_on_mastodon":{"url":"","error":""},"_links":{"self":[{"href":"https:\/\/www.europesays.com\/pt\/wp-json\/wp\/v2\/posts\/21661","targetHints":{"allow":["GET"]}}],"collection":[{"href":"https:\/\/www.europesays.com\/pt\/wp-json\/wp\/v2\/posts"}],"about":[{"href":"https:\/\/www.europesays.com\/pt\/wp-json\/wp\/v2\/types\/post"}],"author":[{"embeddable":true,"href":"https:\/\/www.europesays.com\/pt\/wp-json\/wp\/v2\/users\/2"}],"replies":[{"embeddable":true,"href":"https:\/\/www.europesays.com\/pt\/wp-json\/wp\/v2\/comments?post=21661"}],"version-history":[{"count":0,"href":"https:\/\/www.europesays.com\/pt\/wp-json\/wp\/v2\/posts\/21661\/revisions"}],"wp:featuredmedia":[{"embeddable":true,"href":"https:\/\/www.europesays.com\/pt\/wp-json\/wp\/v2\/media\/21662"}],"wp:attachment":[{"href":"https:\/\/www.europesays.com\/pt\/wp-json\/wp\/v2\/media?parent=21661"}],"wp:term":[{"taxonomy":"category","embeddable":true,"href":"https:\/\/www.europesays.com\/pt\/wp-json\/wp\/v2\/categories?post=21661"},{"taxonomy":"post_tag","embeddable":true,"href":"https:\/\/www.europesays.com\/pt\/wp-json\/wp\/v2\/tags?post=21661"}],"curies":[{"name":"wp","href":"https:\/\/api.w.org\/{rel}","templated":true}]}}