{"id":216610,"date":"2026-01-05T22:56:11","date_gmt":"2026-01-05T22:56:11","guid":{"rendered":"https:\/\/www.europesays.com\/pt\/216610\/"},"modified":"2026-01-05T22:56:11","modified_gmt":"2026-01-05T22:56:11","slug":"terca-na-tv-debates-intervalos-outlander-e-seus-pais-televisao","status":"publish","type":"post","link":"https:\/\/www.europesays.com\/pt\/216610\/","title":{"rendered":"Ter\u00e7a na TV: debates, intervalos, Outlander e seus pais | Televis\u00e3o"},"content":{"rendered":"<p>CINEMA<\/p>\n<p dir=\"ltr\"><strong><a href=\"https:\/\/www.cinecartaz.publico.pt\/Filme\/18113\" rel=\"nofollow noopener\" target=\"_blank\">Melhor \u00c9 Imposs\u00edvel<\/a><\/strong><br \/><strong>AXN Movies, 23h13<\/strong><\/p>\n<p dir=\"ltr\">Jack Nicholson e Helen Hunt em interpreta\u00e7\u00f5es oscarizadas, num filme de James L. Brooks. O primeiro \u00e9 Melvin Udall, um escritor de l\u00edngua afiada que sofre de transtorno obsessivo-compulsivo e que se orgulha da sua capacidade de afrontar, ofender, provocar repulsa e magoar os outros. Ela \u00e9 Carol Connelly, a empregada do caf\u00e9 que vai aturando as tiradas sarc\u00e1sticas dele. Simon Nye (Greg Kinnear) \u00e9 o infeliz vizinho de Melvin. As suas vidas cruzam-se por causa de uma quarta personagem: um c\u00e3o feio e esquel\u00e9tico chamado Verdell.<\/p>\n<p dir=\"ltr\"><strong><a href=\"https:\/\/cinecartaz.publico.pt\/Filme\/60998_o-ultimo-dos-moicanos\" rel=\"nofollow noopener\" target=\"_blank\">O \u00daltimo dos Moicanos<\/a><\/strong><br \/><strong>AXN, 00h21<\/strong><\/p>\n<p dir=\"ltr\">Michael Mann realizou, em 1992, esta adapta\u00e7\u00e3o do romance de James Fenimore Cooper, em que Daniel Day-Lewis \u00e9 Hawkeye, um colono americano criado por moicanos. Oscarizado pelo som, o filme capta a crueza da \u00e9poca e adiciona-lhe o romance entre Hawkeye e a filha de um oficial brit\u00e2nico (Madeleine Stowe).<\/p>\n<p dir=\"ltr\"><strong><a href=\"https:\/\/cinecartaz.publico.pt\/Filme\/359525_estrada-47\" rel=\"nofollow noopener\" target=\"_blank\">Estrada 47<\/a><\/strong><br \/><strong>RTP1, 00h34<\/strong><\/p>\n<p dir=\"ltr\">Mais de 25 mil soldados da For\u00e7a Expedicion\u00e1ria Brasileira s\u00e3o enviados para combater na II Guerra Mundial. Entre eles est\u00e3o Guimar\u00e3es, Tenente, Piau\u00ed e Laurindo. Ap\u00f3s um ataque de p\u00e2nico numa batalha, resolvem fugir. Agora, s\u00f3 t\u00eam duas hip\u00f3teses: voltar para o batalh\u00e3o e enfrentar a corte marcial por deser\u00e7\u00e3o ou regressar \u00e0 posi\u00e7\u00e3o anterior, correndo o risco de encarar um ataque inimigo. Com realiza\u00e7\u00e3o e argumento de Vicente Ferraz \u2013 que recorreu a di\u00e1rios, cartas e entrevistas a veteranos \u2013, Estrada 47 conta com actua\u00e7\u00f5es de Sergio Rubini, Daniel de Oliveira, Thogun, Francisco Gaspar, J\u00falio Andrade, Richard Sammel e Ivo Canelas.<\/p>\n<p>S\u00c9RIE<\/p>\n<p dir=\"ltr\"><strong>Outlander: Blood of My Blood<\/strong><br \/><strong>AXN, 22h<\/strong><\/p>\n<p dir=\"ltr\">Estreia-se no AXN, com epis\u00f3dio duplo, a prequela da saga de \u00e9poca(s) que Ronald D. Moore criou a partir da colec\u00e7\u00e3o de livros de Diana Gabaldon. Esta, de Matthew B. Roberts, foca-se na \u00e1rvore geneal\u00f3gica do par rom\u00e2ntico de Outlander: \u00e9 altura de conhecer a hist\u00f3ria dos pais de Jamie Fraser e Claire Moriston, na Esc\u00f3cia do s\u00e9culo XVIII e na I Guerra Mundial, respectivamente.<\/p>\n<p>        &#13;<\/p>\n<p>&#13;<br \/>\n                &#13;\n            <\/p>\n<p>&#13;<\/p>\n<p>DOCUMENT\u00c1RIOS<\/p>\n<p dir=\"ltr\"><strong>As Coisas em Volta &#8211; A Misteriosa Vida dos Objectos<\/strong><br \/><strong>RTP2, 13h24<\/strong><\/p>\n<p dir=\"ltr\">O espelho, a faca, o preservativo, o candeeiro de rua, o comprimido, a m\u00e1scara, o sapato, a cama, o caix\u00e3o, a chave, o teclado e a retrete s\u00e3o os alvos da s\u00e9rie realizada por Andr\u00e9 Godinho e Joana Cunha Ferreira, que se dedica a explicar a origem, fun\u00e7\u00e3o e evolu\u00e7\u00e3o de objectos que fazem parte do nosso quotidiano mas que, como alerta a sinopse, \u201cnem sempre tiveram a mesma forma ou foram utilizados da mesma maneira\u201d. Regressa ao segundo canal em reposi\u00e7\u00e3o semanal.<\/p>\n<p dir=\"ltr\"><strong>Intervalo para Publicidade<\/strong><br \/><strong>RTP2, 21h04<\/strong><\/p>\n<p dir=\"ltr\">Estreia. Os primeiros an\u00fancios est\u00e3o em foco no epis\u00f3dio inaugural de uma s\u00e9rie que recorre aos arquivos da RTP e a testemunhos de especialistas da \u00e1rea para fazer uma revis\u00e3o da hist\u00f3ria da publicidade em Portugal enquanto \u201cforma privilegiada de espelhar e influenciar a sociedade\u201d. Realizada por Miguel Cardoso Faria, a partir de um gui\u00e3o de Patr\u00edcia Castanheira, desenvolve-se em seis epis\u00f3dios, debitados semanalmente, que v\u00e3o dos preg\u00f5es originais at\u00e9 aos desafios da intelig\u00eancia artificial, passando pelos diferentes contextos e transi\u00e7\u00f5es que o pa\u00eds foi atravessando \u2014 e respectivas press\u00f5es sobre a criatividade de quem tem de encontrar formas de disputar a aten\u00e7\u00e3o e cativar o interesse.<\/p>\n<p>        &#13;<\/p>\n<p>&#13;<br \/>\n                &#13;\n            <\/p>\n<p>&#13;<\/p>\n<p dir=\"ltr\"><strong>A Comida Que Mudou o Mundo<\/strong><br \/><strong>Hist\u00f3ria, 22h15<\/strong><\/p>\n<p dir=\"ltr\">\u00c9 servida a quinta temporada da s\u00e9rie que desvenda a hist\u00f3ria de alguns dos sabores e petiscos favoritos dos americanos. Estreia-se com dose dupla de epis\u00f3dios: primeiro, uma Marinara \u00e0 americana; depois, Uma revolu\u00e7\u00e3o nos gelados.<\/p>\n<p>INFORMA\u00c7\u00c3O<\/p>\n<p dir=\"ltr\"><strong>Presidenciais 2026 &#8211; Debate<\/strong><br \/><strong>RTP1, 22h<\/strong><\/p>\n<p dir=\"ltr\">Em directo, o debate que re\u00fane todos os candidatos \u00e0s <a href=\"https:\/\/www.publico.pt\/presidenciais-2026\" rel=\"nofollow noopener\" target=\"_blank\">elei\u00e7\u00f5es presidenciais<\/a> marcadas para 18 de Janeiro: Andr\u00e9 Pestana, Andr\u00e9 Ventura, Ant\u00f3nio Filipe, Ant\u00f3nio Jos\u00e9 Seguro, Catarina Martins, Henrique Gouveia e Melo, Humberto Correia, Jo\u00e3o Cotrim de Figueiredo, Jorge Pinto, Lu\u00eds Marques Mendes e Manuel Jo\u00e3o Vieira. A troca de argumentos tem dura\u00e7\u00e3o prevista de 2h30 e modera\u00e7\u00e3o de Carlos Daniel.<\/p>\n<p>        &#13;<\/p>\n<p>&#13;<br \/>\n                &#13;\n            <\/p>\n<p>&#13;<\/p>\n","protected":false},"excerpt":{"rendered":"CINEMA Melhor \u00c9 Imposs\u00edvelAXN Movies, 23h13 Jack Nicholson e Helen Hunt em interpreta\u00e7\u00f5es oscarizadas, num filme de James&hellip;\n","protected":false},"author":2,"featured_media":216611,"comment_status":"","ping_status":"","sticky":false,"template":"","format":"standard","meta":{"footnotes":""},"categories":[142],"tags":[470,1413,1414,114,115,294,32,1076,33,291,941,218,151],"class_list":{"0":"post-216610","1":"post","2":"type-post","3":"status-publish","4":"format-standard","5":"has-post-thumbnail","7":"category-tv","8":"tag-cinema","9":"tag-cultura-ipsilon","10":"tag-documentario","11":"tag-entertainment","12":"tag-entretenimento","13":"tag-lazer","14":"tag-portugal","15":"tag-presidenciais-2026","16":"tag-pt","17":"tag-relaxar","18":"tag-series","19":"tag-televisao","20":"tag-tv"},"share_on_mastodon":{"url":"https:\/\/pubeurope.com\/@pt\/115844965083242738","error":""},"_links":{"self":[{"href":"https:\/\/www.europesays.com\/pt\/wp-json\/wp\/v2\/posts\/216610","targetHints":{"allow":["GET"]}}],"collection":[{"href":"https:\/\/www.europesays.com\/pt\/wp-json\/wp\/v2\/posts"}],"about":[{"href":"https:\/\/www.europesays.com\/pt\/wp-json\/wp\/v2\/types\/post"}],"author":[{"embeddable":true,"href":"https:\/\/www.europesays.com\/pt\/wp-json\/wp\/v2\/users\/2"}],"replies":[{"embeddable":true,"href":"https:\/\/www.europesays.com\/pt\/wp-json\/wp\/v2\/comments?post=216610"}],"version-history":[{"count":0,"href":"https:\/\/www.europesays.com\/pt\/wp-json\/wp\/v2\/posts\/216610\/revisions"}],"wp:featuredmedia":[{"embeddable":true,"href":"https:\/\/www.europesays.com\/pt\/wp-json\/wp\/v2\/media\/216611"}],"wp:attachment":[{"href":"https:\/\/www.europesays.com\/pt\/wp-json\/wp\/v2\/media?parent=216610"}],"wp:term":[{"taxonomy":"category","embeddable":true,"href":"https:\/\/www.europesays.com\/pt\/wp-json\/wp\/v2\/categories?post=216610"},{"taxonomy":"post_tag","embeddable":true,"href":"https:\/\/www.europesays.com\/pt\/wp-json\/wp\/v2\/tags?post=216610"}],"curies":[{"name":"wp","href":"https:\/\/api.w.org\/{rel}","templated":true}]}}