{"id":216624,"date":"2026-01-05T23:06:08","date_gmt":"2026-01-05T23:06:08","guid":{"rendered":"https:\/\/www.europesays.com\/pt\/216624\/"},"modified":"2026-01-05T23:06:08","modified_gmt":"2026-01-05T23:06:08","slug":"sondagem-seguro-em-primeiro-e-mendes-cai-para-quinto-observador","status":"publish","type":"post","link":"https:\/\/www.europesays.com\/pt\/216624\/","title":{"rendered":"Sondagem. Seguro em primeiro e Mendes cai para quinto \u2013 Observador"},"content":{"rendered":"<p>Ant\u00f3nio Jos\u00e9 Seguro surge \u00e0 frente de todos os outros candidatos na nova sondagem realizada pela Pitag\u00f3rica para a <a href=\"https:\/\/cnnportugal.iol.pt\/tracking-poll\/sondagem-presidenciais\/tracking-poll-cnn-grande-empate-a-cinco-liderado-por-seguro-e-gouveia-e-melo-mendes-cai-para-tras-de-cotrim\/20260105\/695c1566d34e3caad84d21e7\" rel=\"nofollow noopener\" target=\"_blank\">CNN Portugal, TVI, JN e TSF<\/a>. No inqu\u00e9rito divulgado esta noite, o candidato apoiado pelo PS surge com 19,3% das inten\u00e7\u00f5es de voto, seguido por Gouveia e Melo (19,2%) e Andr\u00e9 Ventura (18,9%).<\/p>\n<p>A grande surpresa \u00e9 o quinto lugar de Lu\u00eds Marques Mendes (15,4%), que tem sempre aparecido entre os tr\u00eas primeiros lugares nesta primeira volta das elei\u00e7\u00f5es presidenciais de 18 de janeiro. Jo\u00e3o Cotrim de Figueiredo sobe para o quarto lugar, estando agora a poucas d\u00e9cimas da segunda volta.<\/p>\n<ol>\n<li>Ant\u00f3nio Jos\u00e9 Seguro (19,3%)<\/li>\n<li>Henrique Gouveia e Melo (19,2%)<\/li>\n<li>Andr\u00e9 Ventura (18,9%)<\/li>\n<li>Jo\u00e3o Cotrim de Figueiredo (18,0%)<\/li>\n<li>Lu\u00eds Marques Mendes (15,4%)<\/li>\n<li>Catarina Martins (2,9%)<\/li>\n<li>Ant\u00f3nio Filipe (2,8%)<\/li>\n<li>Jorge Pinto (1,8%)<\/li>\n<li>Manuel Jo\u00e3o Vieira (1,5%)<\/li>\n<\/ol>\n<p>Catarina Martins (2,9%) continua a ser a candidata mais apoiada \u00e0 esquerda de Ant\u00f3nio Jos\u00e9 Seguro, mas com apenas uma d\u00e9cima a separ\u00e1-la de Ant\u00f3nio Filipe (2,8%). O candidato apoiado pelo Livre recebeu 1,8% das inten\u00e7\u00f5es de voto e Manuel Jo\u00e3o Vieira, com 1,5%, aparece pela primeira vez nas sondagens.<\/p>\n<p>Para os resultados que conhecidos esta segunda-feira, foi recolhida uma amostra de 608 entrevistas durante os dias 2, 3 e 4 de janeiro de 2026, com um grau de confian\u00e7a de 95,5%, o que corresponde a uma margem de erro m\u00e1xima de \u00b14,06%.<\/p>\n","protected":false},"excerpt":{"rendered":"Ant\u00f3nio Jos\u00e9 Seguro surge \u00e0 frente de todos os outros candidatos na nova sondagem realizada pela Pitag\u00f3rica para&hellip;\n","protected":false},"author":2,"featured_media":216625,"comment_status":"","ping_status":"","sticky":false,"template":"","format":"standard","meta":{"footnotes":""},"categories":[8],"tags":[27,28,1077,15,16,14,25,26,21,22,12,13,19,20,302,32,1076,23,24,33,58,7585,17,18,29,30,31],"class_list":{"0":"post-216624","1":"post","2":"type-post","3":"status-publish","4":"format-standard","5":"has-post-thumbnail","7":"category-principais-noticias","8":"tag-breaking-news","9":"tag-breakingnews","10":"tag-eleiu00e7u00f5es","11":"tag-featured-news","12":"tag-featurednews","13":"tag-headlines","14":"tag-latest-news","15":"tag-latestnews","16":"tag-main-news","17":"tag-mainnews","18":"tag-news","19":"tag-noticias","20":"tag-noticias-principais","21":"tag-noticiasprincipais","22":"tag-polu00edtica","23":"tag-portugal","24":"tag-presidenciais-2026","25":"tag-principais-noticias","26":"tag-principaisnoticias","27":"tag-pt","28":"tag-sociedade","29":"tag-sondagens","30":"tag-top-stories","31":"tag-topstories","32":"tag-ultimas","33":"tag-ultimas-noticias","34":"tag-ultimasnoticias"},"share_on_mastodon":{"url":"https:\/\/pubeurope.com\/@pt\/115845004283571838","error":""},"_links":{"self":[{"href":"https:\/\/www.europesays.com\/pt\/wp-json\/wp\/v2\/posts\/216624","targetHints":{"allow":["GET"]}}],"collection":[{"href":"https:\/\/www.europesays.com\/pt\/wp-json\/wp\/v2\/posts"}],"about":[{"href":"https:\/\/www.europesays.com\/pt\/wp-json\/wp\/v2\/types\/post"}],"author":[{"embeddable":true,"href":"https:\/\/www.europesays.com\/pt\/wp-json\/wp\/v2\/users\/2"}],"replies":[{"embeddable":true,"href":"https:\/\/www.europesays.com\/pt\/wp-json\/wp\/v2\/comments?post=216624"}],"version-history":[{"count":0,"href":"https:\/\/www.europesays.com\/pt\/wp-json\/wp\/v2\/posts\/216624\/revisions"}],"wp:featuredmedia":[{"embeddable":true,"href":"https:\/\/www.europesays.com\/pt\/wp-json\/wp\/v2\/media\/216625"}],"wp:attachment":[{"href":"https:\/\/www.europesays.com\/pt\/wp-json\/wp\/v2\/media?parent=216624"}],"wp:term":[{"taxonomy":"category","embeddable":true,"href":"https:\/\/www.europesays.com\/pt\/wp-json\/wp\/v2\/categories?post=216624"},{"taxonomy":"post_tag","embeddable":true,"href":"https:\/\/www.europesays.com\/pt\/wp-json\/wp\/v2\/tags?post=216624"}],"curies":[{"name":"wp","href":"https:\/\/api.w.org\/{rel}","templated":true}]}}