{"id":216634,"date":"2026-01-05T23:14:08","date_gmt":"2026-01-05T23:14:08","guid":{"rendered":"https:\/\/www.europesays.com\/pt\/216634\/"},"modified":"2026-01-05T23:14:08","modified_gmt":"2026-01-05T23:14:08","slug":"eua-reduzem-recomendacao-de-vacinas-infantis-em-mudanca-historica","status":"publish","type":"post","link":"https:\/\/www.europesays.com\/pt\/216634\/","title":{"rendered":"EUA reduzem recomenda\u00e7\u00e3o de vacinas infantis em mudan\u00e7a hist\u00f3rica"},"content":{"rendered":"<p>O governo Trump reformulou nesta segunda-feira o calend\u00e1rio federal de vacina\u00e7\u00e3o pedi\u00e1trica dos Estados Unidos, revertendo anos de recomenda\u00e7\u00f5es cient\u00edficas que reduziram doen\u00e7as por meio da aplica\u00e7\u00e3o rotineira de vacinas.<\/p>\n<p>A mudan\u00e7a dr\u00e1stica \u2014 anunciada pelo Departamento de Sa\u00fade dos EUA, comandado pelo c\u00e9tico em rela\u00e7\u00e3o \u00e0s vacinas Robert F. Kennedy Jr. \u2014 significa que o pa\u00eds deixar\u00e1 de recomendar que todas as crian\u00e7as recebam imuniza\u00e7\u00f5es contra seis doen\u00e7as, entre elas rotav\u00edrus, influenza (gripe), meningite meningoc\u00f3cica e hepatite A.<\/p>\n<p>A cobertura para 11 doen\u00e7as consideradas mais graves, como sarampo, poliomielite e catapora, permanece na lista principal de imuniza\u00e7\u00f5es recomendadas para todas as crian\u00e7as. A revis\u00e3o inclui ainda a recomenda\u00e7\u00e3o de uma dose \u00fanica da vacina contra HPV, em vez das duas anteriores.<\/p>\n<p>\t\t\t\t\t\t\t\t\t\tAproveite a alta da Bolsa!\n\t\t\t\t\t\t\t\t\t\t\t\t\t\t\t<\/p>\n<p>\t\t\t\t\t\t<img decoding=\"async\" class=\"w-full h-full object-cover\" src=\"https:\/\/www.europesays.com\/pt\/wp-content\/uploads\/2026\/01\/CIA-com-texto-900x300-1.png\" alt=\"\"\/><\/p>\n<p>A medida gerou forte debate entre profissionais de sa\u00fade, que alertam sobre potenciais impactos negativos caso a ades\u00e3o \u00e0 vacina\u00e7\u00e3o diminua. Cr\u00edticos afirmam que a redu\u00e7\u00e3o nas recomenda\u00e7\u00f5es pode minar a confian\u00e7a em vacinas essenciais e contribuir para o retorno de doen\u00e7as preven\u00edveis, especialmente em um momento em que o pa\u00eds enfrenta surtos de sarampo e outros agravos.<\/p>\n<p>\u201cVacinas salvam vidas, permitindo que indiv\u00edduos, fam\u00edlias, comunidades, economias e na\u00e7\u00f5es prosperem\u201d, disse o Dr. Tedros Adhanom Ghebreyesus, diretor-geral da OMS ao Fundo das Na\u00e7\u00f5es Unidas para a Inf\u00e2ncia (Unicef), ao divulgar dados que apontavam um progresso cont\u00ednuo dos pa\u00edses em proteger as crian\u00e7as, mesmo diante de desafios crescentes.<\/p>\n<p>O relat\u00f3rio apontou, em julho do ano passado, que apesar da amplia\u00e7\u00e3o de cobertura vacinal, quase 20 milh\u00f5es de crian\u00e7as n\u00e3o tomaram alguma das doses necess\u00e1rias da vacina DTP (contra difteria, t\u00e9tano e coqueluche) em 2023. Isso inclui 14,3 milh\u00f5es de crian\u00e7as \u201czero-dose\u201d, que nunca receberam nenhuma dose de qualquer vacina \u2013 4 milh\u00f5es a mais do que a meta de 2024 necess\u00e1ria para manter o ritmo com os objetivos da Agenda de Imuniza\u00e7\u00e3o 2030, e 1,4 milh\u00e3o a mais do que em 2019, o ano base para medir o progresso.<\/p>\n","protected":false},"excerpt":{"rendered":"O governo Trump reformulou nesta segunda-feira o calend\u00e1rio federal de vacina\u00e7\u00e3o pedi\u00e1trica dos Estados Unidos, revertendo anos de&hellip;\n","protected":false},"author":2,"featured_media":216635,"comment_status":"","ping_status":"","sticky":false,"template":"","format":"standard","meta":{"footnotes":""},"categories":[86],"tags":[413,319,116,32,33,117,2820],"class_list":{"0":"post-216634","1":"post","2":"type-post","3":"status-publish","4":"format-standard","5":"has-post-thumbnail","7":"category-saude","8":"tag-eua","9":"tag-hard-news","10":"tag-health","11":"tag-portugal","12":"tag-pt","13":"tag-saude","14":"tag-vacinacao"},"share_on_mastodon":{"url":"https:\/\/pubeurope.com\/@pt\/115845035673089888","error":""},"_links":{"self":[{"href":"https:\/\/www.europesays.com\/pt\/wp-json\/wp\/v2\/posts\/216634","targetHints":{"allow":["GET"]}}],"collection":[{"href":"https:\/\/www.europesays.com\/pt\/wp-json\/wp\/v2\/posts"}],"about":[{"href":"https:\/\/www.europesays.com\/pt\/wp-json\/wp\/v2\/types\/post"}],"author":[{"embeddable":true,"href":"https:\/\/www.europesays.com\/pt\/wp-json\/wp\/v2\/users\/2"}],"replies":[{"embeddable":true,"href":"https:\/\/www.europesays.com\/pt\/wp-json\/wp\/v2\/comments?post=216634"}],"version-history":[{"count":0,"href":"https:\/\/www.europesays.com\/pt\/wp-json\/wp\/v2\/posts\/216634\/revisions"}],"wp:featuredmedia":[{"embeddable":true,"href":"https:\/\/www.europesays.com\/pt\/wp-json\/wp\/v2\/media\/216635"}],"wp:attachment":[{"href":"https:\/\/www.europesays.com\/pt\/wp-json\/wp\/v2\/media?parent=216634"}],"wp:term":[{"taxonomy":"category","embeddable":true,"href":"https:\/\/www.europesays.com\/pt\/wp-json\/wp\/v2\/categories?post=216634"},{"taxonomy":"post_tag","embeddable":true,"href":"https:\/\/www.europesays.com\/pt\/wp-json\/wp\/v2\/tags?post=216634"}],"curies":[{"name":"wp","href":"https:\/\/api.w.org\/{rel}","templated":true}]}}