{"id":216661,"date":"2026-01-05T23:33:10","date_gmt":"2026-01-05T23:33:10","guid":{"rendered":"https:\/\/www.europesays.com\/pt\/216661\/"},"modified":"2026-01-05T23:33:10","modified_gmt":"2026-01-05T23:33:10","slug":"quando-maduro-chavez-e-a-venezuela-eram-bons-amigos-de-portugal-politica","status":"publish","type":"post","link":"https:\/\/www.europesays.com\/pt\/216661\/","title":{"rendered":"Quando Maduro, Ch\u00e1vez e a Venezuela eram &#8220;bons amigos&#8221; de Portugal &#8211; Pol\u00edtica"},"content":{"rendered":"<p class=\"\">&#13;<br \/>\n        Dados do Instituto Nacional de Estat\u00edsticas (INE), relativos a 2024, d\u00e3o conta de apenas 10 milh\u00f5es de euros e 165 empresas a exportar para a Venezuela em 2024. Mas nem sempre foi assim. O pa\u00eds da Am\u00e9rica Latina j\u00e1 foi um &#8220;bom amigo&#8221; de Portugal \u2013 com elogios \u00e0 amizade a serem feitos de ambos os lados ao longo dos anos \u2013, sobretudo a partir de 2008, quando foram celebrados v\u00e1rios acordos entre as duas na\u00e7\u00f5es. Em 2013, ano de elei\u00e7\u00e3o de Maduro, as <a href=\"https:\/\/www.jornaldenegocios.pt\/empresas\/detalhe\/aep-preocupada-com-impacto-da-instabilidade-na-venezuela-nas-empresas-nao-vai-ajudar\" target=\"_self\" rel=\"tag nofollow noopener\">exporta\u00e7\u00f5es portuguesas chegaram a atingir os 190 milh\u00f5es de euros, envolvendo 238 empresas<\/a>.&#13;\n    <\/p>\n<p class=\"\">&#13;<br \/>\n        Um dos projetos que melhor ilustra este per\u00edodo de proximidade entre a Venezuela e Portugal \u00e9 o dos computadores port\u00e1teis Magalh\u00e3es, criado quando Jos\u00e9 S\u00f3crates era primeiro-ministro de Portugal. Pensados para o programa e-escolinhas, para aumentar a digitaliza\u00e7\u00e3o do ensino em Portugal, estes port\u00e1teis de baixo custo foram criados tamb\u00e9m tendo a exporta\u00e7\u00e3o em vista. A Venezuela acabou por ser um dos principais clientes internacionais, onde os computadores receberam a denomina\u00e7\u00e3o de Canaima. Em 2016 j\u00e1 tinham sido distribu\u00eddos mais de cinco milh\u00f5es computadores pelos estudantes venezuelanos.&#13;\n    <\/p>\n<p class=\"\">&#13;<br \/>\n        \u00c0 <a href=\"https:\/\/www.jornaldenegocios.pt\/economia\/mundo\/americas\/detalhe\/maduro-ja-deixou-centro-de-detencao-em-brooklyn-lider-venezuelano-responde-a-tarde-em-tribunal\" target=\"_self\" rel=\"tag nofollow noopener\">luz da captura e julgamento do Presidente venezuelano, Nicol\u00e1s Maduro, neste fim de semana<\/a>, ap\u00f3s um ataque dos EUA ao pa\u00eds, o Neg\u00f3cios recupera imagens de arquivo de alguns dos momentos em que o pr\u00f3prio Maduro, na altura ministro dos Neg\u00f3cios Estrangeiros da Venezuela, o ent\u00e3o Presidente venezuelano, Hugo Ch\u00e1vez, e outros representantes pol\u00edticos de Caracas assinalaram diferentes acordos e iniciativas com os pol\u00edticos portugueses da \u00e9poca.&#13;\n    <\/p>\n","protected":false},"excerpt":{"rendered":"&#13; Dados do Instituto Nacional de Estat\u00edsticas (INE), relativos a 2024, d\u00e3o conta de apenas 10 milh\u00f5es de&hellip;\n","protected":false},"author":2,"featured_media":216662,"comment_status":"","ping_status":"","sticky":false,"template":"","format":"standard","meta":{"footnotes":""},"categories":[10],"tags":[27,28,8376,15,16,14,3024,1962,25,26,21,22,12,3025,13,19,20,52,32,23,24,33,17,18,29,30,31,3023],"class_list":{"0":"post-216661","1":"post","2":"type-post","3":"status-publish","4":"format-standard","5":"has-post-thumbnail","7":"category-portugal","8":"tag-breaking-news","9":"tag-breakingnews","10":"tag-exportacoes","11":"tag-featured-news","12":"tag-featurednews","13":"tag-headlines","14":"tag-hugo-chavez","15":"tag-instituto-nacional-de-estatistica","16":"tag-latest-news","17":"tag-latestnews","18":"tag-main-news","19":"tag-mainnews","20":"tag-news","21":"tag-nicolas-maduro","22":"tag-noticias","23":"tag-noticias-principais","24":"tag-noticiasprincipais","25":"tag-politica","26":"tag-portugal","27":"tag-principais-noticias","28":"tag-principaisnoticias","29":"tag-pt","30":"tag-top-stories","31":"tag-topstories","32":"tag-ultimas","33":"tag-ultimas-noticias","34":"tag-ultimasnoticias","35":"tag-venezuela"},"share_on_mastodon":{"url":"https:\/\/pubeurope.com\/@pt\/115845110508567698","error":""},"_links":{"self":[{"href":"https:\/\/www.europesays.com\/pt\/wp-json\/wp\/v2\/posts\/216661","targetHints":{"allow":["GET"]}}],"collection":[{"href":"https:\/\/www.europesays.com\/pt\/wp-json\/wp\/v2\/posts"}],"about":[{"href":"https:\/\/www.europesays.com\/pt\/wp-json\/wp\/v2\/types\/post"}],"author":[{"embeddable":true,"href":"https:\/\/www.europesays.com\/pt\/wp-json\/wp\/v2\/users\/2"}],"replies":[{"embeddable":true,"href":"https:\/\/www.europesays.com\/pt\/wp-json\/wp\/v2\/comments?post=216661"}],"version-history":[{"count":0,"href":"https:\/\/www.europesays.com\/pt\/wp-json\/wp\/v2\/posts\/216661\/revisions"}],"wp:featuredmedia":[{"embeddable":true,"href":"https:\/\/www.europesays.com\/pt\/wp-json\/wp\/v2\/media\/216662"}],"wp:attachment":[{"href":"https:\/\/www.europesays.com\/pt\/wp-json\/wp\/v2\/media?parent=216661"}],"wp:term":[{"taxonomy":"category","embeddable":true,"href":"https:\/\/www.europesays.com\/pt\/wp-json\/wp\/v2\/categories?post=216661"},{"taxonomy":"post_tag","embeddable":true,"href":"https:\/\/www.europesays.com\/pt\/wp-json\/wp\/v2\/tags?post=216661"}],"curies":[{"name":"wp","href":"https:\/\/api.w.org\/{rel}","templated":true}]}}