{"id":216663,"date":"2026-01-05T23:34:26","date_gmt":"2026-01-05T23:34:26","guid":{"rendered":"https:\/\/www.europesays.com\/pt\/216663\/"},"modified":"2026-01-05T23:34:26","modified_gmt":"2026-01-05T23:34:26","slug":"ricardo-horta-antecipa-benfica-queremos-ganhar-a-taca-da-liga","status":"publish","type":"post","link":"https:\/\/www.europesays.com\/pt\/216663\/","title":{"rendered":"Ricardo Horta antecipa Benfica: \u00abQueremos ganhar a Ta\u00e7a da Liga\u00bb"},"content":{"rendered":"<p>O <a class=\"autolink-enabled\" data-resource-id=\"457\" data-resource-type=\"team\" data-sport=\"football\" href=\"https:\/\/www.abola.pt\/futebol\/sc-braga-457\" rel=\"nofollow noopener\" target=\"_blank\">SC Braga<\/a> j\u00e1 conquistou a Ta\u00e7a da Liga por tr\u00eas vezes e o sonho no Minho \u00e9 que esta temporada o museu do clube contar\u00e1 com mais um trof\u00e9u. A confian\u00e7a \u00e9 assumida por <a class=\"autolink-enabled\" data-resource-id=\"3942\" data-resource-type=\"player\" data-sport=\"football\" href=\"https:\/\/www.abola.pt\/futebol\/jogador\/ricardo-horta-3942\" rel=\"nofollow noopener\" target=\"_blank\">Ricardo Horta<\/a>, hist\u00f3rico capit\u00e3o dos arsenalistas que, esta segunda-feira, deu o mote para a final four. O <a class=\"autolink-enabled\" data-resource-id=\"450\" data-resource-type=\"team\" data-sport=\"football\" href=\"https:\/\/www.abola.pt\/futebol\/benfica-450\" rel=\"nofollow noopener\" target=\"_blank\">Benfica<\/a> \u00e9 o advers\u00e1rio nas meias-finais, num duelo que est\u00e1 agendado para as 20 horas de quarta-feira, o internacional portugu\u00eas respeita as \u00e1guias, mas deixa bem claro que o objetivo passa por vencer este desafio&#8230; e o do pr\u00f3ximo s\u00e1bado, por ocasi\u00e3o da grande final.<\/p>\n<p>\u00abVai ser um jogo muito competitivo, uma meia-final contra uma grande equipa como \u00e9 o <a class=\"autolink-enabled\" data-resource-id=\"450\" data-resource-type=\"team\" data-sport=\"football\" href=\"https:\/\/www.abola.pt\/futebol\/benfica-450\" rel=\"nofollow noopener\" target=\"_blank\">Benfica<\/a>. Tivemos a oportunidade de os defrontar h\u00e1 pouco tempo, sabendo que \u00e9 uma competi\u00e7\u00e3o diferente e que j\u00e1 os conhecemos bem, vamos entrar na meia-final com o objetivo de chegar \u00e0 final. Queremos ganhar esta competi\u00e7\u00e3o com muita hist\u00f3ria para o nosso clube, por isso assumimos que queremos estar na final e ganh\u00e1-la. Sendo uma competi\u00e7\u00e3o eliminar, acho que essa express\u00e3o se pode utilizar, porque \u00e9 uma competi\u00e7\u00e3o curta, em que ap\u00f3s dois jogos podemos levantar uma ta\u00e7a. Enquanto clube queremos ganhar trof\u00e9us e vamos entrar nestes jogos para matar. Queremos vencer esta competi\u00e7\u00e3o, que \u00e9 muito especial para n\u00f3s, onde j\u00e1 vencemos tr\u00eas vezes, a \u00faltima vez h\u00e1 dois anos, e queremos voltar a repetir esse feito, porque o clube merece trof\u00e9us e merece estar nas decis\u00f5es. Voltar a erguer a ta\u00e7a? Era bom sinal, era sinal de que ter\u00edamos mais um trof\u00e9u. Uma curiosidade dessas duas ta\u00e7as \u00e9 que fui pai nos dois anos em que as vencemos, este ano n\u00e3o vou ser, mas at\u00e9 pode ser um bom pronuncio\u2026 queremos adicionar trof\u00e9us ao clube\u00bb, assumiu, em declara\u00e7\u00f5es reproduzidas pela Liga TV.<\/p>\n<p>Os minhotos empataram recentemente com o <a class=\"autolink-enabled\" data-resource-id=\"450\" data-resource-type=\"team\" data-sport=\"football\" href=\"https:\/\/www.abola.pt\/futebol\/benfica-450\" rel=\"nofollow noopener\" target=\"_blank\">Benfica<\/a> (2-2), para o campeonato, e as duas equipas est\u00e3o perfeitamente identicadas uma com a outra. A grande diferen\u00e7a \u00e9 que no duelo de quarta-feira n\u00e3o pode haver&#8230; empate: \u00abS\u00e3o jogos com muita proximidade. J\u00e1 os conhecemos bem, sabemos o que vamos encontrar. Sendo uma competi\u00e7\u00e3o diferente, com jogos a eliminar, vamos com muita ambi\u00e7\u00e3o, a querer o jogo e, como disse, assumir desde j\u00e1 que queremos ganhar.\u00bb<\/p>\n<p><a class=\"autolink-enabled\" data-resource-id=\"3942\" data-resource-type=\"player\" data-sport=\"football\" href=\"https:\/\/www.abola.pt\/futebol\/jogador\/ricardo-horta-3942\" rel=\"nofollow noopener\" target=\"_blank\">Ricardo Horta<\/a> refor\u00e7ou a expectativa que reina no seio dos bracarenses e n\u00e3o deixou de deixar um apelo aos adeptos, vincando que a for\u00e7a vinda das bancadas pode ser absolutamente decisiva para o sucesso pretendido pelo <a class=\"autolink-enabled\" data-resource-id=\"457\" data-resource-type=\"team\" data-sport=\"football\" href=\"https:\/\/www.abola.pt\/futebol\/sc-braga-457\" rel=\"nofollow noopener\" target=\"_blank\">SC Braga<\/a> (tamb\u00e9m) nesta <a class=\"autolink-enabled\" data-resource-id=\"113\" data-resource-type=\"competition\" data-sport=\"football\" href=\"https:\/\/www.abola.pt\/futebol\/competicao\/allianz-cup-113\" rel=\"nofollow noopener\" target=\"_blank\">Allianz Cup<\/a>.<\/p>\n<p>\u00abQueremos come\u00e7ar 2026 muito bem e, tendo aqui uma competi\u00e7\u00e3o j\u00e1 \u00e0 porta, claro que vamos entrar nela com o objetivo de a vencer. Tal como os adeptos, tamb\u00e9m queremos ganhar trof\u00e9us. Queremos que o clube esteja em festa, e claro, que, se pudermos proporcionar isso aos nossos adeptos e simpatizantes, ficar\u00edamos muito satisfeitos e muito motivados para o que resta da \u00e9poca. Contamos com todos eles para esta meia-final, pois s\u00e3o um grande apoio para n\u00f3s. Todos juntos vamos tentar chegar \u00e0 final e, depois, sentir o apoio deles tamb\u00e9m para vencer esta competi\u00e7\u00e3o\u00bb, concluiu o hist\u00f3rico camisola 21 dos guerreiros do Minho.<\/p>\n","protected":false},"excerpt":{"rendered":"O SC Braga j\u00e1 conquistou a Ta\u00e7a da Liga por tr\u00eas vezes e o sonho no Minho \u00e9&hellip;\n","protected":false},"author":2,"featured_media":216664,"comment_status":"","ping_status":"","sticky":false,"template":"","format":"standard","meta":{"footnotes":""},"categories":[8],"tags":[27,28,15,16,14,25,26,21,22,12,13,19,20,32,23,24,33,17,18,29,30,31],"class_list":{"0":"post-216663","1":"post","2":"type-post","3":"status-publish","4":"format-standard","5":"has-post-thumbnail","7":"category-principais-noticias","8":"tag-breaking-news","9":"tag-breakingnews","10":"tag-featured-news","11":"tag-featurednews","12":"tag-headlines","13":"tag-latest-news","14":"tag-latestnews","15":"tag-main-news","16":"tag-mainnews","17":"tag-news","18":"tag-noticias","19":"tag-noticias-principais","20":"tag-noticiasprincipais","21":"tag-portugal","22":"tag-principais-noticias","23":"tag-principaisnoticias","24":"tag-pt","25":"tag-top-stories","26":"tag-topstories","27":"tag-ultimas","28":"tag-ultimas-noticias","29":"tag-ultimasnoticias"},"share_on_mastodon":{"url":"https:\/\/pubeurope.com\/@pt\/115845114507470747","error":""},"_links":{"self":[{"href":"https:\/\/www.europesays.com\/pt\/wp-json\/wp\/v2\/posts\/216663","targetHints":{"allow":["GET"]}}],"collection":[{"href":"https:\/\/www.europesays.com\/pt\/wp-json\/wp\/v2\/posts"}],"about":[{"href":"https:\/\/www.europesays.com\/pt\/wp-json\/wp\/v2\/types\/post"}],"author":[{"embeddable":true,"href":"https:\/\/www.europesays.com\/pt\/wp-json\/wp\/v2\/users\/2"}],"replies":[{"embeddable":true,"href":"https:\/\/www.europesays.com\/pt\/wp-json\/wp\/v2\/comments?post=216663"}],"version-history":[{"count":0,"href":"https:\/\/www.europesays.com\/pt\/wp-json\/wp\/v2\/posts\/216663\/revisions"}],"wp:featuredmedia":[{"embeddable":true,"href":"https:\/\/www.europesays.com\/pt\/wp-json\/wp\/v2\/media\/216664"}],"wp:attachment":[{"href":"https:\/\/www.europesays.com\/pt\/wp-json\/wp\/v2\/media?parent=216663"}],"wp:term":[{"taxonomy":"category","embeddable":true,"href":"https:\/\/www.europesays.com\/pt\/wp-json\/wp\/v2\/categories?post=216663"},{"taxonomy":"post_tag","embeddable":true,"href":"https:\/\/www.europesays.com\/pt\/wp-json\/wp\/v2\/tags?post=216663"}],"curies":[{"name":"wp","href":"https:\/\/api.w.org\/{rel}","templated":true}]}}