{"id":216695,"date":"2026-01-06T00:01:14","date_gmt":"2026-01-06T00:01:14","guid":{"rendered":"https:\/\/www.europesays.com\/pt\/216695\/"},"modified":"2026-01-06T00:01:14","modified_gmt":"2026-01-06T00:01:14","slug":"depois-de-maduro-putin-deixa-medvedev-fantasiar-com-rapto-do-chanceler-merz","status":"publish","type":"post","link":"https:\/\/www.europesays.com\/pt\/216695\/","title":{"rendered":"Depois de Maduro: Putin deixa Medvedev fantasiar com rapto do chanceler Merz"},"content":{"rendered":"<p>\n  De&amp;nbsp<b>Euronews<\/b>&amp;nbspcom&amp;nbsp<b>AP<\/b>\n<\/p>\n<p>\n         Publicado a<br \/>\n            05\/01\/2026 &#8211; 9:53 GMT+1\n            <\/p>\n<p>O antigo presidente da R\u00fassia, <strong>Dmitry Medvedev, continua a atrair as aten\u00e7\u00f5es com as suas declara\u00e7\u00f5es extremadas.<\/strong> Embora o confidente do chefe de Estado Vladimir Putin, agora com 60 anos, n\u00e3o ocupe um alto cargo no Kremlin h\u00e1 anos, o vice-chefe do Conselho de Seguran\u00e7a Nacional da Federa\u00e7\u00e3o Russa \u00e9 considerado o porta-voz do presidente. Devido \u00e0 guerra de agress\u00e3o da R\u00fassia contra a Ucr\u00e2nia, ele est\u00e1 <strong>na lista de san\u00e7\u00f5es da UE e dos EUA desde abril de 2022.<\/strong><\/p>\n<p>Enquanto Medvedev critica a opera\u00e7\u00e3o militar dos EUA contra Nicol\u00e1s Maduro na Venezuela, tamb\u00e9m brincou com a ideia de que a R\u00fassia poderia realizar uma a\u00e7\u00e3o semelhante e <strong>sequestrar o chanceler alem\u00e3o Friedrich Merz.<\/strong><\/p>\n<p>Sobre a opera\u00e7\u00e3o dos EUA na Venezuela, Medvedev escreve em ingl\u00eas, no X: <strong>&#8220;A equipa de Trump age de forma dura e c\u00ednica na defesa dos interesses do seu pa\u00eds.<\/strong> A destitui\u00e7\u00e3o de Maduro n\u00e3o teve nada a ver com drogas \u2013 apenas com petr\u00f3leo, e eles admitem isso abertamente. Lex fortissimum [a lei do mais forte] \u00e9 claramente mais imponente do que a justi\u00e7a comum, mas se eles podem governar a Venezuela \u00e0 dist\u00e2ncia, essa \u00e9 uma grande quest\u00e3o.&#8221;<\/p>\n<p>Medvedev chama &#8220;neonazi&#8221; a Merz<\/p>\n<p>Numa entrevista \u00e0 ag\u00eancia de not\u00edcias estatal russa Tass, Medvedev defende Maduro, mas tamb\u00e9m diz que a R\u00fassia &#8211; tal como os EUA &#8211; poderia raptar outros chefes de Estado e de governo. O confidente de Putin menciona apenas um pol\u00edtico pelo nome: <strong>o chanceler alem\u00e3o Friedrich Merz.<\/strong> Este \u00faltimo <a href=\"https:\/\/pt.euronews.com\/my-europe\/2026\/01\/05\/ue-apela-ao-respeito-pelo-direito-internacional-com-trump-a-manter-se-vago-sobre-plano-de-\" rel=\"nofollow noopener\" target=\"_blank\"><strong>tinha criticado apenas de forma cautelosa<\/strong><\/a> a opera\u00e7\u00e3o militar dos EUA na Venezuela.<\/p>\n<p>&#8220;O rapto do neonazi Merz poderia ser uma excelente reviravolta nesta s\u00e9rie carnavalesca&#8221;, explica Medvedev, que <strong>descreve o sequestro do chanceler como um cen\u00e1rio muito realista<\/strong>. &#8220;At\u00e9 h\u00e1 raz\u00f5es para o processar na Alemanha, por isso n\u00e3o seria uma perda, especialmente porque os cidad\u00e3os est\u00e3o a sofrer em v\u00e3o.&#8221;<\/p>\n<p>O presidente russo Putin e os seus apoiantes est\u00e3o a legitimar a guerra de agress\u00e3o em grande escala contra a Ucr\u00e2nia e o governo de Volodymyr Zelenskyy em Kiev <strong>com a acusa\u00e7\u00e3o de que est\u00e3o a tomar medidas contra os &#8220;neonazis&#8221;.<\/strong><\/p>\n<p>Nas \u00faltimas semanas, Friedrich Merz colocou-se muito claramente do lado da Ucr\u00e2nia e pronunciou-se a favor do financiamento dos empr\u00e9stimos destinados a Kiev com recurso aos ativos estatais russos congelados na UE.<a href=\"https:\/\/de.euronews.com\/my-europe\/2025\/12\/23\/exklusiv-90-milliarden-ukraine-darlehen\" rel=\"nofollow noopener\" target=\"_blank\">No entanto,<a href=\"https:\/\/de.euronews.com\/my-europe\/2025\/12\/23\/exklusiv-90-milliarden-ukraine-darlehen\" rel=\"nofollow noopener\" target=\"_blank\"><a href=\"https:\/\/pt.euronews.com\/my-europe\/2025\/12\/23\/exclusivo-como-foi-selado-o-acordo-que-permitiu-a-ucrania-obter-o-emprestimo-de-90-mil-mil\" rel=\"nofollow noopener\" target=\"_blank\"><strong>na cimeira da UE de dezembro passado<\/strong><\/a>, o chanceler n\u00e3o conseguiu impor a sua posi\u00e7\u00e3o.<\/p>\n","protected":false},"excerpt":{"rendered":"De&amp;nbspEuronews&amp;nbspcom&amp;nbspAP Publicado a 05\/01\/2026 &#8211; 9:53 GMT+1 O antigo presidente da R\u00fassia, Dmitry Medvedev, continua a atrair as&hellip;\n","protected":false},"author":2,"featured_media":216696,"comment_status":"","ping_status":"","sticky":false,"template":"","format":"standard","meta":{"footnotes":""},"categories":[50],"tags":[27,28,42141,92,15,16,8307,889,14,25,26,21,22,62,12,3025,13,19,20,23,24,839,17,18,29,30,31,63,64,65],"class_list":{"0":"post-216695","1":"post","2":"type-post","3":"status-publish","4":"format-standard","5":"has-post-thumbnail","7":"category-mundo","8":"tag-breaking-news","9":"tag-breakingnews","10":"tag-dmitri-medvedev","11":"tag-donald-trump","12":"tag-featured-news","13":"tag-featurednews","14":"tag-friedrich-merz","15":"tag-guerra-na-ucrania","16":"tag-headlines","17":"tag-latest-news","18":"tag-latestnews","19":"tag-main-news","20":"tag-mainnews","21":"tag-mundo","22":"tag-news","23":"tag-nicolas-maduro","24":"tag-noticias","25":"tag-noticias-principais","26":"tag-noticiasprincipais","27":"tag-principais-noticias","28":"tag-principaisnoticias","29":"tag-russia","30":"tag-top-stories","31":"tag-topstories","32":"tag-ultimas","33":"tag-ultimas-noticias","34":"tag-ultimasnoticias","35":"tag-world","36":"tag-world-news","37":"tag-worldnews"},"share_on_mastodon":{"url":"https:\/\/pubeurope.com\/@pt\/115845220765320812","error":""},"_links":{"self":[{"href":"https:\/\/www.europesays.com\/pt\/wp-json\/wp\/v2\/posts\/216695","targetHints":{"allow":["GET"]}}],"collection":[{"href":"https:\/\/www.europesays.com\/pt\/wp-json\/wp\/v2\/posts"}],"about":[{"href":"https:\/\/www.europesays.com\/pt\/wp-json\/wp\/v2\/types\/post"}],"author":[{"embeddable":true,"href":"https:\/\/www.europesays.com\/pt\/wp-json\/wp\/v2\/users\/2"}],"replies":[{"embeddable":true,"href":"https:\/\/www.europesays.com\/pt\/wp-json\/wp\/v2\/comments?post=216695"}],"version-history":[{"count":0,"href":"https:\/\/www.europesays.com\/pt\/wp-json\/wp\/v2\/posts\/216695\/revisions"}],"wp:featuredmedia":[{"embeddable":true,"href":"https:\/\/www.europesays.com\/pt\/wp-json\/wp\/v2\/media\/216696"}],"wp:attachment":[{"href":"https:\/\/www.europesays.com\/pt\/wp-json\/wp\/v2\/media?parent=216695"}],"wp:term":[{"taxonomy":"category","embeddable":true,"href":"https:\/\/www.europesays.com\/pt\/wp-json\/wp\/v2\/categories?post=216695"},{"taxonomy":"post_tag","embeddable":true,"href":"https:\/\/www.europesays.com\/pt\/wp-json\/wp\/v2\/tags?post=216695"}],"curies":[{"name":"wp","href":"https:\/\/api.w.org\/{rel}","templated":true}]}}