{"id":216703,"date":"2026-01-06T00:07:27","date_gmt":"2026-01-06T00:07:27","guid":{"rendered":"https:\/\/www.europesays.com\/pt\/216703\/"},"modified":"2026-01-06T00:07:27","modified_gmt":"2026-01-06T00:07:27","slug":"dona-de-mim-jaques-coloca-fogo-na-boaz-deixa-sofia-em-perigo-e-planeja-nova-vinganca","status":"publish","type":"post","link":"https:\/\/www.europesays.com\/pt\/216703\/","title":{"rendered":"Dona de Mim: Jaques coloca fogo na Boaz, deixa Sofia em perigo e planeja nova vingan\u00e7a"},"content":{"rendered":"<p>                        <img width=\"944\" height=\"531\" src=\"https:\/\/www.europesays.com\/pt\/wp-content\/uploads\/2026\/01\/jaques-em-dona-de-mim-2-944x531.jpg\" class=\"attachment-custom-large size-custom-large article-featured-image\" alt=\"jaques em dona de mim\" fetchpriority=\"high\" decoding=\"async\"  \/><\/p>\n<p>Na reta final de \u2018Dona de Mim\u2019, Jaques (Marcello Novaes) decide se vingar da fam\u00edlia Boaz e coloca em pr\u00e1tica um plano devastador. (Fotos: Divulga\u00e7\u00e3o, Globo)<\/p>\n<p>Jaques (Marcello Novaes) vai se vingar da fam\u00edlia Boaz em Dona de Mim. Ele vai come\u00e7ar incendiando a f\u00e1brica da Boaz e deixando Filipa (Claudia Abreu) e Sofia (Elis Cabral) correndo risco. Apesar do inc\u00eandio n\u00e3o deixar feridos, Jaques n\u00e3o vai parar por a\u00ed.<\/p>\n<p>Continua depois da publicidade<\/p>\n<p>Como Jaques vai fazer para incendiar a F\u00e1brica da Boaz em Dona de Mim<\/p>\n<p>Segundo os resumos divulgados pela Globo, o pilantra entra escondido na f\u00e1brica. As cenas est\u00e3o previstas para serem exibidas no cap\u00edtulo de quarta-feira, 7 de janeiro de 2025, em Dona de Mim. Para entrar na f\u00e1brica, ele vai se disfar\u00e7ar de funcion\u00e1rio em um dia de entrega.<\/p>\n<p>Jaques invadir\u00e1 a f\u00e1brica pelos fundos e, em seguida, se esconde no dep\u00f3sito da Boaz. Quando o expediente terminar, ele come\u00e7a a agir colocando fogo na f\u00e1brica. O fogo vai come\u00e7ar a se espalhar, o alarme de inc\u00eandio tocar\u00e1 e logo depois a fuma\u00e7a se espalha pela f\u00e1brica, deixando todos em perigo.<\/p>\n<p><img loading=\"lazy\" decoding=\"async\" width=\"1200\" height=\"675\" src=\"https:\/\/www.europesays.com\/pt\/wp-content\/uploads\/2026\/01\/jaques-em-dona-de-mim-1.jpg\" alt=\"jaques em dona de mim\" class=\"wp-image-7772104\"  \/>Jaques coloca fogo na f\u00e1brica da Boaz na reta final de \u201cDona de Mim\u201d. (Foto: Divulga\u00e7\u00e3o, TV Globo)Jaques n\u00e3o desiste da vingan\u00e7a<\/p>\n<p>Com o inc\u00eandio controlado e ningu\u00e9m ferido, Leo (Clara Moneke) resolve usar a situa\u00e7\u00e3o a seu favor. Mesmo com as pe\u00e7as de lingerie queimadas, ela faz um desfile com as pe\u00e7as em um ato de resist\u00eancia e resili\u00eancia.<\/p>\n<p>Continua depois da publicidade<\/p>\n<p>O evento vai reunir muita gente que vai aplaudir a ideia de Leo. O problema \u00e9 que Jaques n\u00e3o vai desistir t\u00e3o f\u00e1cil assim da sua vingan\u00e7a. Ele invade o desfile organizado por Leo e estar\u00e1 armado. J\u00e1 foragido e responsabilizado pelo inc\u00eandio, Jaques n\u00e3o tem mais nada a perder.<\/p>\n<p><img loading=\"lazy\" decoding=\"async\" width=\"1200\" height=\"675\" src=\"https:\/\/www.europesays.com\/pt\/wp-content\/uploads\/2026\/01\/jaques-em-dona-de-mim.jpg\" alt=\"Jaques deixa todos em perigo\" class=\"wp-image-7772105\"  \/>Jaques invade desfile de Leo armado (Foto: Divulga\u00e7\u00e3o, TV Globo)<\/p>\n<p>Dona de Mim termina na sexta-feira (9), quando a TV Globo exibe o \u00faltimo cap\u00edtulo da novela de Rosane Svartman. Na segunda-feira (12) estreia a nova novela das sete, Cora\u00e7\u00e3o Acelerado.<\/p>\n<p>Como \u00e9 a casa do ator Marcello Novaes, o Jaques de Dona de Mim1<\/p>\n<p>VoltarAvan\u00e7ar<\/p>\n<p><img loading=\"lazy\" decoding=\"async\" width=\"1200\" height=\"675\" data-id=\"7734136\" src=\"https:\/\/www.europesays.com\/pt\/wp-content\/uploads\/2025\/11\/casa-de-marcello-novaes-jaques-dona-de-mim.jpg\" alt=\"casa de marcello novaes jaques dona de mim\" class=\"wp-image-7734136\"  \/><\/p>\n<p>Marcello Novaes em seu s\u00edtio (Foto: Reprodu\u00e7\u00e3o, gshow)<\/p>\n<p><img loading=\"lazy\" decoding=\"async\" width=\"1200\" height=\"675\" data-id=\"7734116\" src=\"https:\/\/www.europesays.com\/pt\/wp-content\/uploads\/2025\/11\/casa-de-marcello-novaes-jaques-dona-de-mim-13.jpg\" alt=\"\" class=\"wp-image-7734116\"  \/><\/p>\n<p>Im\u00f3vel fica em Teres\u00f3polis, na regi\u00e3o serrana do Rio de Janeiro (Foto: Reprodu\u00e7\u00e3o, gshow)<\/p>\n<p><img loading=\"lazy\" decoding=\"async\" width=\"1200\" height=\"675\" data-id=\"7734117\" src=\"https:\/\/www.europesays.com\/pt\/wp-content\/uploads\/2025\/11\/casa-de-marcello-novaes-jaques-dona-de-mim-14.jpg\" alt=\"casa de marcello novaes jaques dona de mim\" class=\"wp-image-7734117\"  \/><\/p>\n<p>Local fica afastado (Foto: Reprodu\u00e7\u00e3o, gshow)<\/p>\n<p><img loading=\"lazy\" decoding=\"async\" width=\"1200\" height=\"675\" data-id=\"7734118\" src=\"https:\/\/www.europesays.com\/pt\/wp-content\/uploads\/2025\/11\/casa-de-marcello-novaes-jaques-dona-de-mim-15.jpg\" alt=\"\" class=\"wp-image-7734118\"  \/><\/p>\n<p>Ator j\u00e1 frequentava o local na adolesc\u00eancia (Foto: Reprodu\u00e7\u00e3o, gshow)<\/p>\n<p><img loading=\"lazy\" decoding=\"async\" width=\"1200\" height=\"675\" data-id=\"7734119\" src=\"https:\/\/www.europesays.com\/pt\/wp-content\/uploads\/2025\/11\/casa-de-marcello-novaes-jaques-dona-de-mim-16.jpg\" alt=\"casa de marcello novaes jaques dona de mim\" class=\"wp-image-7734119\"  \/><\/p>\n<p>Oficina do ator para trabalhos manuais (Foto: Reprodu\u00e7\u00e3o, gshow)<\/p>\n<p><img loading=\"lazy\" decoding=\"async\" width=\"1200\" height=\"675\" data-id=\"7734120\" src=\"https:\/\/www.europesays.com\/pt\/wp-content\/uploads\/2025\/11\/casa-de-marcello-novaes-jaques-dona-de-mim-17.jpg\" alt=\"\" class=\"wp-image-7734120\"  \/><\/p>\n<p>Marcello fica em contato com a natureza (Foto: Reprodu\u00e7\u00e3o, gshow)<\/p>\n<p><img loading=\"lazy\" decoding=\"async\" width=\"1200\" height=\"675\" data-id=\"7734121\" src=\"https:\/\/www.europesays.com\/pt\/wp-content\/uploads\/2025\/11\/casa-de-marcello-novaes-jaques-dona-de-mim-18.jpg\" alt=\"casa de marcello novaes jaques dona de mim\" class=\"wp-image-7734121\"  \/><\/p>\n<p>C\u00f3rrego do local (Foto: Reprodu\u00e7\u00e3o, gshow)<\/p>\n<p><img loading=\"lazy\" decoding=\"async\" width=\"1200\" height=\"675\" data-id=\"7734122\" src=\"https:\/\/www.europesays.com\/pt\/wp-content\/uploads\/2025\/11\/casa-de-marcello-novaes-jaques-dona-de-mim-19.jpg\" alt=\"\" class=\"wp-image-7734122\"  \/><\/p>\n<p>Lareira do local (Foto: Reprodu\u00e7\u00e3o, gshow)<\/p>\n<p><img loading=\"lazy\" decoding=\"async\" width=\"1200\" height=\"675\" data-id=\"7734123\" src=\"https:\/\/www.europesays.com\/pt\/wp-content\/uploads\/2025\/11\/casa-de-marcello-novaes-jaques-dona-de-mim-20.jpg\" alt=\"\" class=\"wp-image-7734123\"  \/><\/p>\n<p>Um dos cachorros de Marcello Novaes (Foto: Reprodu\u00e7\u00e3o, gshow)<\/p>\n<p><img loading=\"lazy\" decoding=\"async\" width=\"1200\" height=\"675\" data-id=\"7734124\" src=\"https:\/\/www.europesays.com\/pt\/wp-content\/uploads\/2025\/12\/casa-de-marcello-novaes-jaques-dona-de-mim-2.jpg\" alt=\"casa de marcello novaes jaques dona de mim\" class=\"wp-image-7734124\"  \/><\/p>\n<p>Ator gosta de fazer trabalho manuais (Foto: Reprodu\u00e7\u00e3o, gshow)<\/p>\n<p><img loading=\"lazy\" decoding=\"async\" width=\"1200\" height=\"675\" data-id=\"7734125\" src=\"https:\/\/www.europesays.com\/pt\/wp-content\/uploads\/2025\/11\/casa-de-marcello-novaes-jaques-dona-de-mim-3.jpg\" alt=\"\" class=\"wp-image-7734125\"  \/><\/p>\n<p>Marcello Novaes curtindo com seu cachorro (Foto: Reprodu\u00e7\u00e3o, gshow)<\/p>\n<p><img loading=\"lazy\" decoding=\"async\" width=\"1200\" height=\"675\" data-id=\"7734126\" src=\"https:\/\/www.europesays.com\/pt\/wp-content\/uploads\/2025\/11\/casa-de-marcello-novaes-jaques-dona-de-mim-4.jpg\" alt=\"casa de marcello novaes jaques dona de mim\" class=\"wp-image-7734126\"  \/><\/p>\n<p>Com a fam\u00edlia no s\u00edtio (Foto: Reprodu\u00e7\u00e3o, gshow)<\/p>\n<p><img loading=\"lazy\" decoding=\"async\" width=\"1200\" height=\"675\" data-id=\"7734127\" src=\"https:\/\/www.europesays.com\/pt\/wp-content\/uploads\/2025\/11\/casa-de-marcello-novaes-jaques-dona-de-mim-5.jpg\" alt=\"\" class=\"wp-image-7734127\"  \/><\/p>\n<p>Os filhos de Marcello aproveitando o local (Foto: Reprodu\u00e7\u00e3o, gshow)<\/p>\n<p><img loading=\"lazy\" decoding=\"async\" width=\"1200\" height=\"675\" data-id=\"7734129\" src=\"https:\/\/www.europesays.com\/pt\/wp-content\/uploads\/2025\/11\/casa-de-marcello-novaes-jaques-dona-de-mim-6.jpg\" alt=\"casa de marcello novaes jaques dona de mim\" class=\"wp-image-7734129\"  \/><\/p>\n<p>Ator trocou a agita\u00e7\u00e3o do Rio de Janeiro pela paz de Teres\u00f3polis (Foto: Reprodu\u00e7\u00e3o, gshow)<\/p>\n<p><img loading=\"lazy\" decoding=\"async\" width=\"1200\" height=\"675\" data-id=\"7734130\" src=\"https:\/\/www.europesays.com\/pt\/wp-content\/uploads\/2025\/11\/casa-de-marcello-novaes-jaques-dona-de-mim-7.jpg\" alt=\"casa de marcello novaes jaques dona de mim\" class=\"wp-image-7734130\"  \/><\/p>\n<p>Durante a pandemia ficou dois anos no local (Foto: Reprodu\u00e7\u00e3o, gshow)<\/p>\n<p><img loading=\"lazy\" decoding=\"async\" width=\"1200\" height=\"675\" data-id=\"7734131\" src=\"https:\/\/www.europesays.com\/pt\/wp-content\/uploads\/2025\/11\/casa-de-marcello-novaes-jaques-dona-de-mim-8.jpg\" alt=\"\" class=\"wp-image-7734131\"  \/><\/p>\n<p>Planta tamb\u00e9m est\u00e1 entre as atividades do ator (Foto: Reprodu\u00e7\u00e3o, gshow)<\/p>\n<p><img loading=\"lazy\" decoding=\"async\" width=\"1200\" height=\"675\" data-id=\"7734132\" src=\"https:\/\/www.europesays.com\/pt\/wp-content\/uploads\/2025\/11\/casa-de-marcello-novaes-jaques-dona-de-mim-9.jpg\" alt=\"casa de marcello novaes jaques dona de mim\" class=\"wp-image-7734132\"  \/><\/p>\n<p>S\u00edtio de Marcello Novaes (Foto: Reprodu\u00e7\u00e3o, gshow)<\/p>\n<p><img loading=\"lazy\" decoding=\"async\" width=\"1200\" height=\"675\" data-id=\"7734133\" src=\"https:\/\/www.europesays.com\/pt\/wp-content\/uploads\/2025\/11\/casa-de-marcello-novaes-jaques-dona-de-mim-10.jpg\" alt=\"\" class=\"wp-image-7734133\"  \/><\/p>\n<p>Ator ainda mant\u00e9m a casa na Barra da Tijuca (Foto: Reprodu\u00e7\u00e3o, gshow)<\/p>\n<p><img loading=\"lazy\" decoding=\"async\" width=\"1200\" height=\"675\" data-id=\"7734134\" src=\"https:\/\/www.europesays.com\/pt\/wp-content\/uploads\/2025\/11\/casa-de-marcello-novaes-jaques-dona-de-mim-11.jpg\" alt=\"casa de marcello novaes jaques dona de mim\" class=\"wp-image-7734134\"  \/><\/p>\n<p>Marcello Novaes se exercitando (Foto: Reprodu\u00e7\u00e3o, gshow)<\/p>\n<p><img loading=\"lazy\" decoding=\"async\" width=\"1200\" height=\"675\" data-id=\"7734135\" src=\"https:\/\/www.europesays.com\/pt\/wp-content\/uploads\/2025\/11\/casa-de-marcello-novaes-jaques-dona-de-mim-12.jpg\" alt=\"\" class=\"wp-image-7734135\"  \/><\/p>\n<p>Horta do ator (Foto: Reprodu\u00e7\u00e3o, gshow)<\/p>\n<p><strong><a href=\"https:\/\/www.nsctotal.com.br\/noticias\/selecao-bbb-entenda-como-vai-ser-o-programa-que-antecede-a-estreia-do-big-brother-brasil-26\" target=\"_blank\" rel=\"noreferrer noopener nofollow\">Sele\u00e7\u00e3o BBB: entenda como vai ser o programa que antecede a estreia do Big Brother Brasil 26<\/a><\/strong><\/p>\n<p>Continua depois da publicidade<\/p>\n","protected":false},"excerpt":{"rendered":"Na reta final de \u2018Dona de Mim\u2019, Jaques (Marcello Novaes) decide se vingar da fam\u00edlia Boaz e coloca&hellip;\n","protected":false},"author":2,"featured_media":216704,"comment_status":"","ping_status":"","sticky":false,"template":"","format":"standard","meta":{"footnotes":""},"categories":[142],"tags":[114,115,32,33,151,543],"class_list":{"0":"post-216703","1":"post","2":"type-post","3":"status-publish","4":"format-standard","5":"has-post-thumbnail","7":"category-tv","8":"tag-entertainment","9":"tag-entretenimento","10":"tag-portugal","11":"tag-pt","12":"tag-tv","13":"tag-ver-ouvir-ler"},"share_on_mastodon":{"url":"https:\/\/pubeurope.com\/@pt\/115845244484604925","error":""},"_links":{"self":[{"href":"https:\/\/www.europesays.com\/pt\/wp-json\/wp\/v2\/posts\/216703","targetHints":{"allow":["GET"]}}],"collection":[{"href":"https:\/\/www.europesays.com\/pt\/wp-json\/wp\/v2\/posts"}],"about":[{"href":"https:\/\/www.europesays.com\/pt\/wp-json\/wp\/v2\/types\/post"}],"author":[{"embeddable":true,"href":"https:\/\/www.europesays.com\/pt\/wp-json\/wp\/v2\/users\/2"}],"replies":[{"embeddable":true,"href":"https:\/\/www.europesays.com\/pt\/wp-json\/wp\/v2\/comments?post=216703"}],"version-history":[{"count":0,"href":"https:\/\/www.europesays.com\/pt\/wp-json\/wp\/v2\/posts\/216703\/revisions"}],"wp:featuredmedia":[{"embeddable":true,"href":"https:\/\/www.europesays.com\/pt\/wp-json\/wp\/v2\/media\/216704"}],"wp:attachment":[{"href":"https:\/\/www.europesays.com\/pt\/wp-json\/wp\/v2\/media?parent=216703"}],"wp:term":[{"taxonomy":"category","embeddable":true,"href":"https:\/\/www.europesays.com\/pt\/wp-json\/wp\/v2\/categories?post=216703"},{"taxonomy":"post_tag","embeddable":true,"href":"https:\/\/www.europesays.com\/pt\/wp-json\/wp\/v2\/tags?post=216703"}],"curies":[{"name":"wp","href":"https:\/\/api.w.org\/{rel}","templated":true}]}}