{"id":216715,"date":"2026-01-06T00:16:19","date_gmt":"2026-01-06T00:16:19","guid":{"rendered":"https:\/\/www.europesays.com\/pt\/216715\/"},"modified":"2026-01-06T00:16:19","modified_gmt":"2026-01-06T00:16:19","slug":"o-que-fazer-segunda-e-dia-de-celebrar-os-reis-e-o-cinema-de-culto-lazer","status":"publish","type":"post","link":"https:\/\/www.europesays.com\/pt\/216715\/","title":{"rendered":"O que fazer? Segunda \u00e9 dia de celebrar os Reis e o cinema de culto | Lazer"},"content":{"rendered":"<p>Cavalgata Internacional de Reis<\/p>\n<p dir=\"ltr\"><strong>VALEN\u00c7A V\u00e1rios locais. Dia 5\/1, a partir das 16h. Entrada livre<\/strong><\/p>\n<p dir=\"ltr\">\u00c9 o \u00faltimo dia do programa Valen\u00e7a \u00c9 Natal. H\u00e1 Feira Encantada na Avenida de Espanha, com atrac\u00e7\u00f5es como carrinhos-de-choque, insufl\u00e1veis, do\u00e7aria ou farturas, mas a coroa do cartaz assenta na Cavalgata Internacional de Reis, um espect\u00e1culo que celebra a tradi\u00e7\u00e3o e a uni\u00e3o entre Valen\u00e7a e Tui. Parte das Cortinas de S\u00e3o Francisco, \u00e0s 16h, atravessa a Ponte Internacional Centen\u00e1ria e chega \u00e0 Rua Compostela pouco depois das 18h. Segue-se a Recep\u00e7\u00e3o de Suas Majestades no Teatro Municipal de Tui. Pelo meio, h\u00e1 charangas, carros aleg\u00f3ricos e as figuras dos tr\u00eas Reis Magos a animar a festa.<\/p>\n<p>Ciclo Alfred Hitchcock<\/p>\n<p dir=\"ltr\"><strong>LISBOA Cinema Medeia Nimas. De 25\/12 a 21\/1. 8\u20ac\/sess\u00e3o<\/strong><\/p>\n<p dir=\"ltr\">Com 37 filmes em cartaz, esta \u00e9 uma das maiores retrospectivas apresentadas em Portugal e dedicadas \u00e0 obra de Alfred Hitchcock (1899-1980), cineasta brit\u00e2nico que marcou a hist\u00f3ria do cinema e continua a inspirar v\u00e1rias gera\u00e7\u00f5es de cin\u00e9filos. O alinhamento abrange quase cinco d\u00e9cadas de produ\u00e7\u00e3o, apresentando t\u00edtulos de 1929 a 1976. Chantagem, O Homem Que Sabia Demasiado, Os 39 Degraus, Sabotagem, Desaparecida!, A Pousada da Jamaica, Rebecca, Frenzy &#8211; Perigo na Noite, Marnie, Psico e Os P\u00e1ssaros fazem parte do lote de obras chamadas \u00e0 tela. Mais informa\u00e7\u00f5es <a href=\"https:\/\/medeiafilmes.com\/ciclos\/ciclo-alfred-hitchcock\" target=\"_blank\" rel=\"nofollow noopener\">aqui<\/a>.<\/p>\n<p>Catarina e a Beleza de Matar Fascistas<\/p>\n<p dir=\"ltr\"><strong>BRAGA Theatro Circo. De 5\/1 a 7\/1. Segunda a quarta, \u00e0s 21h30. M\/16. 14\u20ac a 20\u20ac<\/strong><\/p>\n<p dir=\"ltr\">Com texto e encena\u00e7\u00e3o de Tiago Rodrigues, uma hist\u00f3ria passada no seio de uma fam\u00edlia que tem a tradi\u00e7\u00e3o macabra de matar fascistas. O conflito surge quando a jovem Catarina se recusa a cumprir as normas, levantando quest\u00f5es como \u201cH\u00e1 lugar para a viol\u00eancia na luta por um mundo melhor?\u201d ou \u201cPodemos violar as regras da democracia para melhor a defender?\u201d. A compor o elenco est\u00e3o Ant\u00f3nio Fonseca, Ant\u00f3nio Afonso Parra, Beatriz Maia, Carolina Passos Sousa, Isabel Abreu, Marco Mendon\u00e7a, Romeu Costa e Jo\u00e3o Vicente.<\/p>\n<p>        &#13;<\/p>\n<p>&#13;<br \/>\n                &#13;\n            <\/p>\n<p>&#13;<\/p>\n<p>Aniki-B\u00f3b\u00f3<\/p>\n<p dir=\"ltr\"><strong>COIMBRA Casa do Cinema. Dia 5\/1, \u00e0s 17h. M\/6. 6\u20ac<\/strong><\/p>\n<p dir=\"ltr\">Uma das obras-primas de Manoel de Oliveira, o filme de 1942 retrata as aventuras e os amores de um grupo de crian\u00e7as muito pobres que deambulam entre o Porto e Gaia. Inspirado no conto Os Meninos Milion\u00e1rios, de Jo\u00e3o Rodrigues de Freitas, mistura realismo po\u00e9tico com cinema documental e aponta o foco \u00e0 hist\u00f3ria de Carlitos e Eduardo, ambos apaixonados pela Teresinha.<\/p>\n<p>\u00c0 Primeira Vista<\/p>\n<p dir=\"ltr\"><strong>LISBOA Teatro Maria Matos. De 22\/9 a 31\/3. Segunda, ter\u00e7a e quarta, \u00e0s 21h (nos dias 5, 6, 7, 19, 20, 26 e 27 de Janeiro; 16 e 23 de Fevereiro; 23, 30 e 31 de Mar\u00e7o). M\/14. 20\u20ac<\/strong><\/p>\n<p dir=\"ltr\">Uma advogada brilhante, habituada a defender homens acusados de abuso, torna-se, ela pr\u00f3pria, v\u00edtima de viola\u00e7\u00e3o. Escrita pela anglo-australiana Suzie Miller, a pe\u00e7a tem impressionado plateias e coleccionado aplausos e louvores \u2013 incluindo dois Oliviers e um Tony \u2013 desde a estreia em Sydney, em 2019. Esta vers\u00e3o portuguesa \u00e9 encenada por Tiago Guedes e interpretada por Margarida Vila-Nova, a quem cabe o desafio de encarnar essa mulher apanhada em teias em que \u201co poder patriarcal da lei, o \u00f3nus da prova e a moral divergem\u201d.<\/p>\n<p>        &#13;<\/p>\n<p>&#13;<br \/>\n                &#13;\n            <\/p>\n<p>&#13;<\/p>\n<p>Bienal da Escuta &#8211; The Listening Biennial<\/p>\n<p dir=\"ltr\"><strong>LISBOA Centro de Arte Moderna Gulbenkian &#8211; Sala de Som. De 20\/9 a 6\/1. Quarta a segunda, das 10h \u00e0s 18h (ao s\u00e1bado, at\u00e9 \u00e0s 21h). Entrada livre, sujeita a levantamento de bilhete no pr\u00f3prio dia<\/strong><\/p>\n<p dir=\"ltr\">Com curadoria de Soledad Garc\u00eda Saavedra, Alecia Neo, Suvani Suri e Brandon LaBelle, a terceira edi\u00e7\u00e3o da iniciativa que enaltece \u201co poder transformador da escuta\u201d apresenta obras de 27 artistas.<\/p>\n","protected":false},"excerpt":{"rendered":"Cavalgata Internacional de Reis VALEN\u00c7A V\u00e1rios locais. Dia 5\/1, a partir das 16h. Entrada livre \u00c9 o \u00faltimo&hellip;\n","protected":false},"author":2,"featured_media":216716,"comment_status":"","ping_status":"","sticky":false,"template":"","format":"standard","meta":{"footnotes":""},"categories":[10],"tags":[1632,30394,27,28,470,15,16,287,14,25,26,294,21,22,27981,12,13,19,20,1633,32,23,24,33,291,2387,17,18,29,30,31],"class_list":{"0":"post-216715","1":"post","2":"type-post","3":"status-publish","4":"format-standard","5":"has-post-thumbnail","7":"category-portugal","8":"tag-agenda","9":"tag-alfred-hitchcock","10":"tag-breaking-news","11":"tag-breakingnews","12":"tag-cinema","13":"tag-featured-news","14":"tag-featurednews","15":"tag-fugas","16":"tag-headlines","17":"tag-latest-news","18":"tag-latestnews","19":"tag-lazer","20":"tag-main-news","21":"tag-mainnews","22":"tag-manoel-de-oliveira","23":"tag-news","24":"tag-noticias","25":"tag-noticias-principais","26":"tag-noticiasprincipais","27":"tag-o-que-fazer","28":"tag-portugal","29":"tag-principais-noticias","30":"tag-principaisnoticias","31":"tag-pt","32":"tag-relaxar","33":"tag-teatro","34":"tag-top-stories","35":"tag-topstories","36":"tag-ultimas","37":"tag-ultimas-noticias","38":"tag-ultimasnoticias"},"share_on_mastodon":{"url":"https:\/\/pubeurope.com\/@pt\/115845279471743093","error":""},"_links":{"self":[{"href":"https:\/\/www.europesays.com\/pt\/wp-json\/wp\/v2\/posts\/216715","targetHints":{"allow":["GET"]}}],"collection":[{"href":"https:\/\/www.europesays.com\/pt\/wp-json\/wp\/v2\/posts"}],"about":[{"href":"https:\/\/www.europesays.com\/pt\/wp-json\/wp\/v2\/types\/post"}],"author":[{"embeddable":true,"href":"https:\/\/www.europesays.com\/pt\/wp-json\/wp\/v2\/users\/2"}],"replies":[{"embeddable":true,"href":"https:\/\/www.europesays.com\/pt\/wp-json\/wp\/v2\/comments?post=216715"}],"version-history":[{"count":0,"href":"https:\/\/www.europesays.com\/pt\/wp-json\/wp\/v2\/posts\/216715\/revisions"}],"wp:featuredmedia":[{"embeddable":true,"href":"https:\/\/www.europesays.com\/pt\/wp-json\/wp\/v2\/media\/216716"}],"wp:attachment":[{"href":"https:\/\/www.europesays.com\/pt\/wp-json\/wp\/v2\/media?parent=216715"}],"wp:term":[{"taxonomy":"category","embeddable":true,"href":"https:\/\/www.europesays.com\/pt\/wp-json\/wp\/v2\/categories?post=216715"},{"taxonomy":"post_tag","embeddable":true,"href":"https:\/\/www.europesays.com\/pt\/wp-json\/wp\/v2\/tags?post=216715"}],"curies":[{"name":"wp","href":"https:\/\/api.w.org\/{rel}","templated":true}]}}