{"id":216721,"date":"2026-01-06T00:21:14","date_gmt":"2026-01-06T00:21:14","guid":{"rendered":"https:\/\/www.europesays.com\/pt\/216721\/"},"modified":"2026-01-06T00:21:14","modified_gmt":"2026-01-06T00:21:14","slug":"bruno-savate-nao-poupa-nas-criticas-a-recruta-da-1a-companhia-menos-oratoria-e-mais-verdade-primeira-companhia","status":"publish","type":"post","link":"https:\/\/www.europesays.com\/pt\/216721\/","title":{"rendered":"Bruno Savate n\u00e3o poupa nas cr\u00edticas a recruta da 1\u00aa Companhia: \u00abMenos orat\u00f3ria e mais verdade!\u00bb &#8211; Primeira Companhia"},"content":{"rendered":"<p>Atento a tudo o que se <a href=\"https:\/\/tvi.iol.pt\/primeiracompanhia\/noticias\" rel=\"nofollow noopener\" target=\"_blank\">passa no universo dos reality shows<\/a>, <strong>Bruno Savate j\u00e1 deu a sua opini\u00e3o sobre a 1\u00aa Companhia,<\/strong> que se estreou no passado dia 1 de janeiro. Sem papas na l\u00edngua , o veterano dos realities n\u00e3o poupou nas cr\u00edticas a um dos mais falados recrutas desta edi\u00e7\u00e3o: Pedro Barroso.\u00a0<\/p>\n<p>\u00abO Barroso tem aquele tom solene, discurso afinado, parece que est\u00e1 sempre em com\u00edcio. Fala bonito, diz tudo certinho, mas zero emo\u00e7\u00e3o e zero alegria. <strong>\u00c0s vezes, menos orat\u00f3ria e mais verdade crua fazia-lhe melhor.<\/strong> Falar bem \u00e9 bonito, mas num programa destes queremos conte\u00fado, rasgo e personalidade, n\u00e3o um debate presidencial\u00bb, disse Savate.<\/p>\n<p><strong>Pode ver tudo aqui:<\/strong><\/p>\n<p style=\"text-align:center\"><img loading=\"lazy\" decoding=\"async\" alt=\"\" height=\"711\" src=\"https:\/\/www.europesays.com\/pt\/wp-content\/uploads\/2026\/01\/695c12a1d34e2bd5c6d5db41.webp\" width=\"400\"\/><\/p>\n<p>O <a href=\"https:\/\/tvi.iol.pt\/primeiracompanhia\/videos\" rel=\"nofollow noopener\" target=\"_blank\">rei dos reality shows tamb\u00e9m j\u00e1 elegeu os seus recrutas preferidos<\/a>. \u00ab<strong>O Filipe e a Soraia Carrega s\u00e3o, claramente, daqueles recrutas fora da caixa<\/strong>. Trazem leveza, humor e aquele fator surpresa que faz falta\u00bb, registou, nos stories do Instagram.\u00a0<\/p>\n<p><strong>Veja aqui o registo em quest\u00e3o:<\/strong><\/p>\n<p style=\"text-align:center\"><img loading=\"lazy\" decoding=\"async\" alt=\"\" height=\"711\" src=\"https:\/\/www.europesays.com\/pt\/wp-content\/uploads\/2026\/01\/695c12a1d34e3caad84d21d2.webp\" width=\"400\"\/><\/p>\n<p>\u00a0<\/p>\n","protected":false},"excerpt":{"rendered":"Atento a tudo o que se passa no universo dos reality shows, Bruno Savate j\u00e1 deu a sua&hellip;\n","protected":false},"author":2,"featured_media":110958,"comment_status":"","ping_status":"","sticky":false,"template":"","format":"standard","meta":{"footnotes":""},"categories":[142],"tags":[32685,41536,1253,114,115,18705,32,33,151,41535],"class_list":{"0":"post-216721","1":"post","2":"type-post","3":"status-publish","4":"format-standard","5":"has-post-thumbnail","7":"category-tv","8":"tag-1a-companhia","9":"tag-bastidores-da-recruta","10":"tag-bruno-savate","11":"tag-entertainment","12":"tag-entretenimento","13":"tag-entrevistas-concorrentes-tvi","14":"tag-portugal","15":"tag-pt","16":"tag-tv","17":"tag-vida-fora-da-base"},"share_on_mastodon":{"url":"https:\/\/pubeurope.com\/@pt\/115845299321019139","error":""},"_links":{"self":[{"href":"https:\/\/www.europesays.com\/pt\/wp-json\/wp\/v2\/posts\/216721","targetHints":{"allow":["GET"]}}],"collection":[{"href":"https:\/\/www.europesays.com\/pt\/wp-json\/wp\/v2\/posts"}],"about":[{"href":"https:\/\/www.europesays.com\/pt\/wp-json\/wp\/v2\/types\/post"}],"author":[{"embeddable":true,"href":"https:\/\/www.europesays.com\/pt\/wp-json\/wp\/v2\/users\/2"}],"replies":[{"embeddable":true,"href":"https:\/\/www.europesays.com\/pt\/wp-json\/wp\/v2\/comments?post=216721"}],"version-history":[{"count":0,"href":"https:\/\/www.europesays.com\/pt\/wp-json\/wp\/v2\/posts\/216721\/revisions"}],"wp:featuredmedia":[{"embeddable":true,"href":"https:\/\/www.europesays.com\/pt\/wp-json\/wp\/v2\/media\/110958"}],"wp:attachment":[{"href":"https:\/\/www.europesays.com\/pt\/wp-json\/wp\/v2\/media?parent=216721"}],"wp:term":[{"taxonomy":"category","embeddable":true,"href":"https:\/\/www.europesays.com\/pt\/wp-json\/wp\/v2\/categories?post=216721"},{"taxonomy":"post_tag","embeddable":true,"href":"https:\/\/www.europesays.com\/pt\/wp-json\/wp\/v2\/tags?post=216721"}],"curies":[{"name":"wp","href":"https:\/\/api.w.org\/{rel}","templated":true}]}}