{"id":216724,"date":"2026-01-06T00:23:07","date_gmt":"2026-01-06T00:23:07","guid":{"rendered":"https:\/\/www.europesays.com\/pt\/216724\/"},"modified":"2026-01-06T00:23:07","modified_gmt":"2026-01-06T00:23:07","slug":"pela-primeira-vez-desde-2019-vingadores-e-star-wars-terao-novos-filmes-estreando-no-mesmo-ano","status":"publish","type":"post","link":"https:\/\/www.europesays.com\/pt\/216724\/","title":{"rendered":"Pela primeira vez desde 2019, Vingadores e Star Wars ter\u00e3o novos filmes estreando no mesmo ano"},"content":{"rendered":"<p class=\"wp-block-yoast-seo-estimated-reading-time yoast-reading-time__wrapper\">Estimated reading time: 2 minutos<\/p>\n<p>Duas das maiores franquias da <strong>Walt Disney Studios<\/strong> ter\u00e3o novos filmes estreando no mesmo ano, algo que n\u00e3o acontecia h\u00e1 algum tempo.<\/p>\n<p>Tratam-se de <strong>Vingadores<\/strong> e <strong>Star Wars<\/strong>.<\/p>\n<p>Em 21 de maio (per\u00edodo que d\u00e1 in\u00edcio ao ver\u00e3o norte-americano), a companhia est\u00e1 preparando a chegada de <strong>O Mandaloriano e Grogu<\/strong>, dando continuidade aos eventos da aclamada s\u00e9rie criada por <strong>Jon Favreau<\/strong>.<\/p>\n<p>E ent\u00e3o, como um grande encerramento (semelhante ao que foi feito com <strong>Avatar: Fogo e Cinzas<\/strong>), <strong>no dia 17 de dezembro<\/strong>, teremos <a href=\"https:\/\/ovicio.com.br\/tag\/vingadores-doutor-destino\/\" target=\"_blank\" rel=\"noreferrer noopener nofollow\">Vingadores: Doutor Destino<\/a>.<\/p>\n<p>Para quem n\u00e3o se lembra, antes mesmo do impacto da pandemia ao redor do mundo, tanto <strong>Star Wars: A Ascens\u00e3o Skywalker<\/strong> quanto <strong>Vingadores: Ultimato<\/strong> foram exibidos em 2019.<\/p>\n<p>Na ocasi\u00e3o, arrecadaram <strong>US$ 1,07 bilh\u00e3o<\/strong> e <strong>US$ 2,7 bilh\u00f5es<\/strong>, respectivamente.<\/p>\n<p>O mais interessante, no entanto, \u00e9 que representa um ponto de virada tanto para a <strong>Marvel Studios<\/strong>, que busca &#8220;<strong>voltar aos trilhos<\/strong>&#8221; ap\u00f3s uma fase de altos baixos, quanto para <strong>Lucasfilm<\/strong>, que trabalha para reposicionar Star Wars na tela grande.<\/p>\n<p>Leia tamb\u00e9m sobre a Disney:<\/p>\n<p><strong>Fonte<\/strong>: <a href=\"https:\/\/x.com\/cosmic_marvel\/status\/2008275733731516731\" target=\"_blank\" rel=\"noreferrer noopener nofollow\">X<\/a><\/p>\n","protected":false},"excerpt":{"rendered":"Estimated reading time: 2 minutos Duas das maiores franquias da Walt Disney Studios ter\u00e3o novos filmes estreando no&hellip;\n","protected":false},"author":2,"featured_media":216725,"comment_status":"","ping_status":"","sticky":false,"template":"","format":"standard","meta":{"footnotes":""},"categories":[140],"tags":[114,115,147,148,792,12733,146,39054,32,33,5418,6386,38893],"class_list":{"0":"post-216724","1":"post","2":"type-post","3":"status-publish","4":"format-standard","5":"has-post-thumbnail","7":"category-filmes","8":"tag-entertainment","9":"tag-entretenimento","10":"tag-film","11":"tag-filmes","12":"tag-marvel","13":"tag-marvel-studios","14":"tag-movies","15":"tag-o-mandaloriano-grogu","16":"tag-portugal","17":"tag-pt","18":"tag-star-wars","19":"tag-vingadores","20":"tag-vingadores-doutor-destino"},"share_on_mastodon":{"url":"https:\/\/pubeurope.com\/@pt\/115845307356685104","error":""},"_links":{"self":[{"href":"https:\/\/www.europesays.com\/pt\/wp-json\/wp\/v2\/posts\/216724","targetHints":{"allow":["GET"]}}],"collection":[{"href":"https:\/\/www.europesays.com\/pt\/wp-json\/wp\/v2\/posts"}],"about":[{"href":"https:\/\/www.europesays.com\/pt\/wp-json\/wp\/v2\/types\/post"}],"author":[{"embeddable":true,"href":"https:\/\/www.europesays.com\/pt\/wp-json\/wp\/v2\/users\/2"}],"replies":[{"embeddable":true,"href":"https:\/\/www.europesays.com\/pt\/wp-json\/wp\/v2\/comments?post=216724"}],"version-history":[{"count":0,"href":"https:\/\/www.europesays.com\/pt\/wp-json\/wp\/v2\/posts\/216724\/revisions"}],"wp:featuredmedia":[{"embeddable":true,"href":"https:\/\/www.europesays.com\/pt\/wp-json\/wp\/v2\/media\/216725"}],"wp:attachment":[{"href":"https:\/\/www.europesays.com\/pt\/wp-json\/wp\/v2\/media?parent=216724"}],"wp:term":[{"taxonomy":"category","embeddable":true,"href":"https:\/\/www.europesays.com\/pt\/wp-json\/wp\/v2\/categories?post=216724"},{"taxonomy":"post_tag","embeddable":true,"href":"https:\/\/www.europesays.com\/pt\/wp-json\/wp\/v2\/tags?post=216724"}],"curies":[{"name":"wp","href":"https:\/\/api.w.org\/{rel}","templated":true}]}}