{"id":216735,"date":"2026-01-06T00:31:12","date_gmt":"2026-01-06T00:31:12","guid":{"rendered":"https:\/\/www.europesays.com\/pt\/216735\/"},"modified":"2026-01-06T00:31:12","modified_gmt":"2026-01-06T00:31:12","slug":"pietuszewski-autorizado-a-viajar-para-portugal-para-assinar-pelo-fc-porto","status":"publish","type":"post","link":"https:\/\/www.europesays.com\/pt\/216735\/","title":{"rendered":"Pietuszewski autorizado a viajar para Portugal para assinar pelo FC Porto"},"content":{"rendered":"<p data-remotead-prev-elm=\"true\" data-remotead-elm-id=\"inread\">Oskar Pietuszewski chega esta segunda-feira a Portugal, apurou a <strong>TSF<\/strong>. O jogador de 17 anos prepara-se para fazer exames m\u00e9dicos e assinar pelo FC Porto.<\/p>\n<p>As negocia\u00e7\u00f5es avan\u00e7aram nas \u00faltimas horas, mas <strong>os valores do neg\u00f3cio ainda n\u00e3o s\u00e3o conhecidos.<\/strong> O Jagiellonia Bialystok pedia <strong>11 milh\u00f5es de euros<\/strong>, mas os drag\u00f5es pretendiam baixar a fasquia.<\/p>\n<p>A cumprir a segunda \u00e9poca ao servi\u00e7o do Jagiellonia Bialystok, o extremo polaco leva 31 jogos, tr\u00eas golos e uma assist\u00eancia em 2025\/2026.<\/p>\n","protected":false},"excerpt":{"rendered":"Oskar Pietuszewski chega esta segunda-feira a Portugal, apurou a TSF. O jogador de 17 anos prepara-se para fazer&hellip;\n","protected":false},"author":2,"featured_media":216736,"comment_status":"","ping_status":"","sticky":false,"template":"","format":"standard","meta":{"footnotes":""},"categories":[8],"tags":[27,28,135,282,15,16,14,25,26,21,22,12,13,19,20,32,23,24,33,17,18,29,30,31],"class_list":{"0":"post-216735","1":"post","2":"type-post","3":"status-publish","4":"format-standard","5":"has-post-thumbnail","7":"category-principais-noticias","8":"tag-breaking-news","9":"tag-breakingnews","10":"tag-desporto","11":"tag-fc-porto","12":"tag-featured-news","13":"tag-featurednews","14":"tag-headlines","15":"tag-latest-news","16":"tag-latestnews","17":"tag-main-news","18":"tag-mainnews","19":"tag-news","20":"tag-noticias","21":"tag-noticias-principais","22":"tag-noticiasprincipais","23":"tag-portugal","24":"tag-principais-noticias","25":"tag-principaisnoticias","26":"tag-pt","27":"tag-top-stories","28":"tag-topstories","29":"tag-ultimas","30":"tag-ultimas-noticias","31":"tag-ultimasnoticias"},"share_on_mastodon":{"url":"https:\/\/pubeurope.com\/@pt\/115845338490506636","error":""},"_links":{"self":[{"href":"https:\/\/www.europesays.com\/pt\/wp-json\/wp\/v2\/posts\/216735","targetHints":{"allow":["GET"]}}],"collection":[{"href":"https:\/\/www.europesays.com\/pt\/wp-json\/wp\/v2\/posts"}],"about":[{"href":"https:\/\/www.europesays.com\/pt\/wp-json\/wp\/v2\/types\/post"}],"author":[{"embeddable":true,"href":"https:\/\/www.europesays.com\/pt\/wp-json\/wp\/v2\/users\/2"}],"replies":[{"embeddable":true,"href":"https:\/\/www.europesays.com\/pt\/wp-json\/wp\/v2\/comments?post=216735"}],"version-history":[{"count":0,"href":"https:\/\/www.europesays.com\/pt\/wp-json\/wp\/v2\/posts\/216735\/revisions"}],"wp:featuredmedia":[{"embeddable":true,"href":"https:\/\/www.europesays.com\/pt\/wp-json\/wp\/v2\/media\/216736"}],"wp:attachment":[{"href":"https:\/\/www.europesays.com\/pt\/wp-json\/wp\/v2\/media?parent=216735"}],"wp:term":[{"taxonomy":"category","embeddable":true,"href":"https:\/\/www.europesays.com\/pt\/wp-json\/wp\/v2\/categories?post=216735"},{"taxonomy":"post_tag","embeddable":true,"href":"https:\/\/www.europesays.com\/pt\/wp-json\/wp\/v2\/tags?post=216735"}],"curies":[{"name":"wp","href":"https:\/\/api.w.org\/{rel}","templated":true}]}}