{"id":216743,"date":"2026-01-06T00:39:07","date_gmt":"2026-01-06T00:39:07","guid":{"rendered":"https:\/\/www.europesays.com\/pt\/216743\/"},"modified":"2026-01-06T00:39:07","modified_gmt":"2026-01-06T00:39:07","slug":"can-nigeria-goleia-mocambique-e-geny-catamo-cai-nos-oitavos","status":"publish","type":"post","link":"https:\/\/www.europesays.com\/pt\/216743\/","title":{"rendered":"CAN: Nig\u00e9ria goleia Mo\u00e7ambique e Geny Catamo cai nos \u00aboitavos\u00bb"},"content":{"rendered":"<p>Nig\u00e9ria goleou a sele\u00e7\u00e3o de Mo\u00e7ambique e confirmou a passagem aos quartos de final do CAN.<\/p>\n<p>Geny Catamo (Sporting) e Diogo Calila (Santa Clara) foram titulares no conjunto de Mo\u00e7ambique, que logo aos dois minutos podia ter ficado em desvantagem, s\u00f3 que Osimhen estava em posi\u00e7\u00e3o irregular e o lance n\u00e3o contou. Ainda assim, os nigerianos precisaram de cinco minutos para fazer dois golos, um de Lookman e outro precisamente de Osimhen, com duas assist\u00eancias de Akor Adams.<\/p>\n<blockquote class=\"twitter-tweet\" data-media-max-width=\"560\">\n<p lang=\"pt\">Lookman e Osimhen a marcarem dois golos em cinco minutos contra Mo\u00e7ambique \ud83c\uddf2\ud83c\uddff<a href=\"https:\/\/twitter.com\/hashtag\/sporttvportugal?src=hash&amp;ref_src=twsrc%5Etfw\" rel=\"nofollow noopener\" target=\"_blank\">#sporttvportugal<\/a> <a href=\"https:\/\/twitter.com\/hashtag\/CANnaSPORTTV?src=hash&amp;ref_src=twsrc%5Etfw\" rel=\"nofollow noopener\" target=\"_blank\">#CANnaSPORTTV<\/a> <a href=\"https:\/\/twitter.com\/hashtag\/Ta%C3%A7adasNa%C3%A7%C3%B5esAfricanas?src=hash&amp;ref_src=twsrc%5Etfw\" rel=\"nofollow noopener\" target=\"_blank\">#Ta\u00e7adasNa\u00e7\u00f5esAfricanas<\/a> <a href=\"https:\/\/twitter.com\/hashtag\/Nigeria?src=hash&amp;ref_src=twsrc%5Etfw\" rel=\"nofollow noopener\" target=\"_blank\">#Nigeria<\/a> <a href=\"https:\/\/twitter.com\/hashtag\/Mo%C3%A7ambique?src=hash&amp;ref_src=twsrc%5Etfw\" rel=\"nofollow noopener\" target=\"_blank\">#Mo\u00e7ambique<\/a> <a href=\"https:\/\/t.co\/cGGi7IOF7s\" rel=\"nofollow\">pic.twitter.com\/cGGi7IOF7s<\/a><\/p>\n<p> \u2014 sport tv (@sporttvportugal)<br \/>\n  <a href=\"https:\/\/twitter.com\/sporttvportugal\/status\/2008270099531096448?ref_src=twsrc%5Etfw\" rel=\"nofollow noopener\" target=\"_blank\">January 5, 2026<\/a>\n <\/p><\/blockquote>\n<p>Os autores dos dois primeiros golos protagonizaram um momento de tens\u00e3o pouco depois, numa troca acesa de palavras que acabou com um encostar de cabe\u00e7as e a interven\u00e7\u00e3o dos colegas de equipa.<\/p>\n<blockquote class=\"twitter-tweet\" data-media-max-width=\"560\">\n<p lang=\"ht\">O ambiente aqueceu entre Osimhen e Lookman \ud83d\ude2c<a href=\"https:\/\/twitter.com\/hashtag\/sporttvportugal?src=hash&amp;ref_src=twsrc%5Etfw\" rel=\"nofollow noopener\" target=\"_blank\">#sporttvportugal<\/a> <a href=\"https:\/\/twitter.com\/hashtag\/CANnaSPORTTV?src=hash&amp;ref_src=twsrc%5Etfw\" rel=\"nofollow noopener\" target=\"_blank\">#CANnaSPORTTV<\/a> <a href=\"https:\/\/twitter.com\/hashtag\/Ta%C3%A7adasNa%C3%A7%C3%B5esAfricanas?src=hash&amp;ref_src=twsrc%5Etfw\" rel=\"nofollow noopener\" target=\"_blank\">#Ta\u00e7adasNa\u00e7\u00f5esAfricanas<\/a> <a href=\"https:\/\/twitter.com\/hashtag\/Nigeria?src=hash&amp;ref_src=twsrc%5Etfw\" rel=\"nofollow noopener\" target=\"_blank\">#Nigeria<\/a> <a href=\"https:\/\/twitter.com\/hashtag\/Mo%C3%A7ambique?src=hash&amp;ref_src=twsrc%5Etfw\" rel=\"nofollow noopener\" target=\"_blank\">#Mo\u00e7ambique<\/a> <a href=\"https:\/\/t.co\/HQaL7qy6RY\" rel=\"nofollow\">pic.twitter.com\/HQaL7qy6RY<\/a><\/p>\n<p> \u2014 sport tv (@sporttvportugal)<br \/>\n  <a href=\"https:\/\/twitter.com\/sporttvportugal\/status\/2008274927061803395?ref_src=twsrc%5Etfw\" rel=\"nofollow noopener\" target=\"_blank\">January 5, 2026<\/a>\n <\/p><\/blockquote>\n<p>A vantagem de dois golos da Nig\u00e9ria manteve-se at\u00e9 ao intervalo e o segundo tempo arrancou com o \u00abbis\u00bb de Osimhen, ap\u00f3s assist\u00eancia de Lookman. Apesar das altera\u00e7\u00f5es, a equipa orientada por Chiquinho Conde n\u00e3o conseguiu fazer frente \u00e0 superioridade do advers\u00e1rio, que ainda deu contornos de goleada ao resultado por Adams (75 minutos).<\/p>\n<p>Desta forma, Mo\u00e7ambique cai nos \u00aboitavos\u00bb da competi\u00e7\u00e3o e \u00e9 prov\u00e1vel que Rui Borges tenha Geny Catamo \u00e0 disposi\u00e7\u00e3o para a final da Ta\u00e7a da Liga, caso consiga levar a melhor sobre o V. Guimar\u00e3es, esta ter\u00e7a-feira.\u00a0<\/p>\n<p>                                <script async src=\"https:\/\/platform.twitter.com\/widgets.js\" charset=\"utf-8\"><\/script><\/p>\n","protected":false},"excerpt":{"rendered":"Nig\u00e9ria goleou a sele\u00e7\u00e3o de Mo\u00e7ambique e confirmou a passagem aos quartos de final do CAN. Geny Catamo&hellip;\n","protected":false},"author":2,"featured_media":216744,"comment_status":"","ping_status":"","sticky":false,"template":"","format":"standard","meta":{"footnotes":""},"categories":[87],"tags":[38988,135,9010,5433,46,2715,6021,32,33,47,4219,5434,5920,134],"class_list":{"0":"post-216743","1":"post","2":"type-post","3":"status-publish","4":"format-standard","5":"has-post-thumbnail","7":"category-desporto","8":"tag-can","9":"tag-desporto","10":"tag-geny-catamo","11":"tag-jogos-hoje","12":"tag-maisfutebol","13":"tag-mocambique","14":"tag-nigeria","15":"tag-portugal","16":"tag-pt","17":"tag-pura-paixao","18":"tag-resultado-final","19":"tag-resultados-hoje","20":"tag-resultados-maisfutebol","21":"tag-sports"},"share_on_mastodon":{"url":"https:\/\/pubeurope.com\/@pt\/115845369998988729","error":""},"_links":{"self":[{"href":"https:\/\/www.europesays.com\/pt\/wp-json\/wp\/v2\/posts\/216743","targetHints":{"allow":["GET"]}}],"collection":[{"href":"https:\/\/www.europesays.com\/pt\/wp-json\/wp\/v2\/posts"}],"about":[{"href":"https:\/\/www.europesays.com\/pt\/wp-json\/wp\/v2\/types\/post"}],"author":[{"embeddable":true,"href":"https:\/\/www.europesays.com\/pt\/wp-json\/wp\/v2\/users\/2"}],"replies":[{"embeddable":true,"href":"https:\/\/www.europesays.com\/pt\/wp-json\/wp\/v2\/comments?post=216743"}],"version-history":[{"count":0,"href":"https:\/\/www.europesays.com\/pt\/wp-json\/wp\/v2\/posts\/216743\/revisions"}],"wp:featuredmedia":[{"embeddable":true,"href":"https:\/\/www.europesays.com\/pt\/wp-json\/wp\/v2\/media\/216744"}],"wp:attachment":[{"href":"https:\/\/www.europesays.com\/pt\/wp-json\/wp\/v2\/media?parent=216743"}],"wp:term":[{"taxonomy":"category","embeddable":true,"href":"https:\/\/www.europesays.com\/pt\/wp-json\/wp\/v2\/categories?post=216743"},{"taxonomy":"post_tag","embeddable":true,"href":"https:\/\/www.europesays.com\/pt\/wp-json\/wp\/v2\/tags?post=216743"}],"curies":[{"name":"wp","href":"https:\/\/api.w.org\/{rel}","templated":true}]}}