{"id":216745,"date":"2026-01-06T00:40:16","date_gmt":"2026-01-06T00:40:16","guid":{"rendered":"https:\/\/www.europesays.com\/pt\/216745\/"},"modified":"2026-01-06T00:40:16","modified_gmt":"2026-01-06T00:40:16","slug":"conheca-os-sintomas-as-causas-e-os-tratamentos-do-transtorno-de-acumulacao-2","status":"publish","type":"post","link":"https:\/\/www.europesays.com\/pt\/216745\/","title":{"rendered":"Conhe\u00e7a os sintomas, as causas e os tratamentos do transtorno de acumula\u00e7\u00e3o"},"content":{"rendered":"<p class=\"texto\">O transtorno de acumula\u00e7\u00e3o \u00e9 uma condi\u00e7\u00e3o psicol\u00f3gica caracterizada pela acumula\u00e7\u00e3o e dificuldade em desfazer-se de objetos desnecess\u00e1rios \u201cN\u00e3o \u00e9 \u2018bagun\u00e7a\u2019 ou \u2018falta de organiza\u00e7\u00e3o\u2019: \u00e9 algo que causa ang\u00fastia real, pois existe um apego emocional forte aos pertences e uma sensa\u00e7\u00e3o de perda ao jog\u00e1-los fora\u201d, explica Ana Paula Manzolli, psic\u00f3loga especialista em Terapia Cognitivo-Comportamental e em Treinamento Neural.\u00a0\u00a0<\/p>\n<p>Sinais do transtorno<\/p>\n<p class=\"texto\">Al\u00e9m dos sintomas citados, o transtorno de acumula\u00e7\u00e3o tamb\u00e9m apresenta outros sinais, como:\u00a0\u00a0<\/p>\n<ul class=\"wp-block-list\">\n<li>Medo excessivo de ficar sem um objeto;\u00a0<\/li>\n<li>Cren\u00e7a na funcionalidade dos pertences;\u00a0<\/li>\n<li>Compras compulsivas;\u00a0<\/li>\n<li>Perda dos itens acumulados;\u00a0<\/li>\n<li>Desorganiza\u00e7\u00e3o intensa;\u00a0<\/li>\n<li>Sofrimento ou ansiedade quando algu\u00e9m tenta ajudar a organizar a casa;\u00a0<\/li>\n<li>Vergonha pelo excesso de bagun\u00e7a.\u00a0<\/li>\n<\/ul>\n<p>Poss\u00edveis causas do transtorno\u00a0<\/p>\n<p class=\"texto\">Assim como outras condi\u00e7\u00f5es psicol\u00f3gicas, o transtorno de acumula\u00e7\u00e3o n\u00e3o possui uma causa \u00fanica. Na verdade, ele \u00e9 multifatorial, podendo envolver fatores biol\u00f3gicos, tra\u00e7os de personalidade e eventos traum\u00e1ticos.\u00a0\u00a0<\/p>\n<p class=\"texto\">Em rela\u00e7\u00e3o aos fatores biol\u00f3gicos, Michele Silveira, psic\u00f3loga e logoterapeuta, explica que, em alguns casos, h\u00e1 altera\u00e7\u00f5es em \u00e1reas cerebrais respons\u00e1veis pela tomada de decis\u00e3o, regula\u00e7\u00e3o emocional e aten\u00e7\u00e3o. J\u00e1 sobre os tra\u00e7os de <strong>personalidade<\/strong>, pessoas com caracter\u00edsticas obsessivas, perfeccionistas ou que t\u00eam dificuldade em processar informa\u00e7\u00f5es podem estar mais vulner\u00e1veis ao transtorno.\u00a0\u00a0<\/p>\n<p class=\"texto\">Por sua vez, \u201cexperi\u00eancias de perdas significativas, traumas na inf\u00e2ncia ou lutos mal elaborados podem desencadear ou exacerbar o transtorno. O objeto acumulado torna-se um \u2018substituto simb\u00f3lico\u2019 da pessoa perdida ou da seguran\u00e7a que se foi\u201d, acrescenta a psic\u00f3loga.\u00a0<\/p>\n<p>Consequ\u00eancias para a vida dos indiv\u00edduos\u00a0<\/p>\n<p class=\"texto\">O transtorno de acumula\u00e7\u00e3o n\u00e3o se resume apenas aos sintomas citados, ele tamb\u00e9m pode afetar a vida dos indiv\u00edduos de outras formas. Com o tempo, a bagun\u00e7a fruto do ac\u00famulo se torna excessiva, transformando a casa em um ambiente perigoso, dif\u00edcil de limpar e, at\u00e9 mesmo, insalubre.\u00a0\u00a0<\/p>\n<p class=\"texto\">Al\u00e9m disso, segundo a psic\u00f3loga Ana Paula Manzolli, a condi\u00e7\u00e3o costuma gerar conflitos familiares, div\u00f3rcio e problemas financeiros. Afinal, pela <strong>desorganiza\u00e7\u00e3o<\/strong>, fica dif\u00edcil lidar com contas e prazos. \u201cEm casos de inquilinos, muitos acabam sendo despejados\u201d, complementa.\u00a0\u00a0<\/p>\n<p><img fetchpriority=\"high\" decoding=\"async\" width=\"1024\" height=\"683\" src=\"https:\/\/www.europesays.com\/pt\/wp-content\/uploads\/2026\/01\/saudemental-1024x683.jpg\" alt=\"Ilustra\u00e7\u00e3o de mulher laranja com as m\u00e3os na cabe\u00e7a e redemoinho de pensamento acima da cabe\u00e7a em fundo laranja claro\" class=\"wp-image-545234\"  \/>O transtorno de acumula\u00e7\u00e3o ainda pode coexistir com diferentes doen\u00e7as (Imagem: Stranger Man | Shutterstock)<\/p>\n<p>Transtorno de acumula\u00e7\u00e3o e outras doen\u00e7as\u00a0<\/p>\n<p class=\"texto\">Al\u00e9m das consequ\u00eancias citadas para a vida dos indiv\u00edduos, o transtorno de acumula\u00e7\u00e3o ainda pode coexistir com diferentes doen\u00e7as, sendo raramente algo isolado. Uma das principais condi\u00e7\u00f5es \u00e9 o <strong>Transtorno Obsessivo-Compulsivo (TOC)<\/strong>. De acordo com dados da pesquisa Hoarding disorder in adults:\u00a0epidemiology, clinical features, assessment, and diagnosis, cerca de 15 a 20% das pessoas que apresentam o dist\u00farbio acumulativo tamb\u00e9m lidam com o TOC.\u00a0\u00a0<\/p>\n<p class=\"texto\">Ademais, \u201co transtorno de acumula\u00e7\u00e3o pode coexistir com depress\u00e3o, ansiedade, uso de subst\u00e2ncias, dist\u00farbios de personalidade e decl\u00ednio cognitivo, o que refor\u00e7a a necessidade de uma abordagem multidisciplinar para avalia\u00e7\u00e3o e tratamento\u201d, pontua a Dra. Giovanna de Andrade, psiquiatra da Cl\u00ednica Revitalis.\u00a0\u00a0<\/p>\n<p>Tratamentos indicados\u00a0<\/p>\n<p class=\"texto\">Os tratamentos para o transtorno de acumula\u00e7\u00e3o podem incluir uma combina\u00e7\u00e3o de <strong>psicoterapia<\/strong>, medicamentos e interven\u00e7\u00f5es psicossociais, como terapia motivacional, apoio familiar e treinamentos em habilidades de organiza\u00e7\u00e3o. Al\u00e9m disso, h\u00e1bitos saud\u00e1veis, como sono adequado, atividade f\u00edsica regular e boa alimenta\u00e7\u00e3o, s\u00e3o essenciais durante os processos terap\u00eauticos.\u00a0\u00a0<\/p>\n<p class=\"texto\">Contudo, \u201ccasos graves podem demandar interven\u00e7\u00f5es comunit\u00e1rias e atua\u00e7\u00e3o de servi\u00e7os sociais ou autoridades de sa\u00fade p\u00fablica para garantir seguran\u00e7a e condi\u00e7\u00f5es de moradia\u201d, esclarece a Dra. Giovanna de Andrade.\u00a0\u00a0<\/p>\n<p class=\"texto\">Os benef\u00edcios dos tratamentos geralmente envolvem a diminui\u00e7\u00e3o da <strong>ansiedade<\/strong> e da ang\u00fastia em rela\u00e7\u00e3o ao descarte dos objetos, redu\u00e7\u00e3o substancial da desorganiza\u00e7\u00e3o dom\u00e9stica, autonomia, estabilidade emocional, melhorias nas rela\u00e7\u00f5es familiares e reintegra\u00e7\u00e3o social.\u00a0\u00a0<\/p>\n<ul>\n<li><a href=\"https:\/\/wa.me\/?text=Conhe%C3%A7a+os+sintomas%2C+as+causas+e+os+tratamentos+do+transtorno+de+acumula%C3%A7%C3%A3o%20https:\/\/www.correiobraziliense.com.br\/revista-do-correio\/2026\/01\/7326763-conheca-os-sintomas-as-causas-e-os-tratamentos-do-transtorno-de-acumulacao.html\" target=\"_blank\" title=\"Whatsapp\" aria-label=\"WhatsApp\" rel=\"nofollow noopener\"><\/a><\/li>\n<li><a href=\"https:\/\/www.facebook.com\/sharer.php?u=https:\/\/www.correiobraziliense.com.br%2Frevista-do-correio%2F2026%2F01%2F7326763-conheca-os-sintomas-as-causas-e-os-tratamentos-do-transtorno-de-acumulacao.html&amp;text=Conhe%C3%A7a+os+sintomas%2C+as+causas+e+os+tratamentos+do+transtorno+de+acumula%C3%A7%C3%A3o\" target=\"_blank\" title=\"Facebook\" aria-label=\"Facebook\" rel=\"nofollow noopener\"><\/a><\/li>\n<li><a href=\"https:\/\/twitter.com\/intent\/tweet?url=https:\/\/www.correiobraziliense.com.br%2Frevista-do-correio%2F2026%2F01%2F7326763-conheca-os-sintomas-as-causas-e-os-tratamentos-do-transtorno-de-acumulacao.html&amp;text=Conhe%C3%A7a+os+sintomas%2C+as+causas+e+os+tratamentos+do+transtorno+de+acumula%C3%A7%C3%A3o\" target=\"_blank\" title=\"Twitter\" aria-label=\"Twitter\" rel=\"nofollow noopener\"><\/a><\/li>\n<li><a href=\"https:\/\/profile.google.com\/cp\/CgovbS8wNzZ0dms1\" title=\"Google Discover\" target=\"_blank\" aria-label=\"Google Discover\" rel=\"nofollow noopener\"><img decoding=\"async\" src=\"https:\/\/www.europesays.com\/pt\/wp-content\/uploads\/2025\/12\/google-discover-icon.png\" style=\"height: 25px; margin: 0 !important; margin-left: 3px;\" alt=\"Google Discover Icon\"\/><\/a><\/li>\n<\/ul>\n<p>                          <script async src=\"https:\/\/platform.twitter.com\/widgets.js\" charset=\"utf-8\"><\/script><\/p>\n","protected":false},"excerpt":{"rendered":"O transtorno de acumula\u00e7\u00e3o \u00e9 uma condi\u00e7\u00e3o psicol\u00f3gica caracterizada pela acumula\u00e7\u00e3o e dificuldade em desfazer-se de objetos desnecess\u00e1rios&hellip;\n","protected":false},"author":2,"featured_media":216746,"comment_status":"","ping_status":"","sticky":false,"template":"","format":"standard","meta":{"footnotes":""},"categories":[86],"tags":[538,4913,116,32,33,117,10991,1030],"class_list":{"0":"post-216745","1":"post","2":"type-post","3":"status-publish","4":"format-standard","5":"has-post-thumbnail","7":"category-saude","8":"tag-bem-estar","9":"tag-edicase","10":"tag-health","11":"tag-portugal","12":"tag-pt","13":"tag-saude","14":"tag-saude-bem-estar","15":"tag-saude-mental"},"share_on_mastodon":{"url":"https:\/\/pubeurope.com\/@pt\/115845374242065014","error":""},"_links":{"self":[{"href":"https:\/\/www.europesays.com\/pt\/wp-json\/wp\/v2\/posts\/216745","targetHints":{"allow":["GET"]}}],"collection":[{"href":"https:\/\/www.europesays.com\/pt\/wp-json\/wp\/v2\/posts"}],"about":[{"href":"https:\/\/www.europesays.com\/pt\/wp-json\/wp\/v2\/types\/post"}],"author":[{"embeddable":true,"href":"https:\/\/www.europesays.com\/pt\/wp-json\/wp\/v2\/users\/2"}],"replies":[{"embeddable":true,"href":"https:\/\/www.europesays.com\/pt\/wp-json\/wp\/v2\/comments?post=216745"}],"version-history":[{"count":0,"href":"https:\/\/www.europesays.com\/pt\/wp-json\/wp\/v2\/posts\/216745\/revisions"}],"wp:featuredmedia":[{"embeddable":true,"href":"https:\/\/www.europesays.com\/pt\/wp-json\/wp\/v2\/media\/216746"}],"wp:attachment":[{"href":"https:\/\/www.europesays.com\/pt\/wp-json\/wp\/v2\/media?parent=216745"}],"wp:term":[{"taxonomy":"category","embeddable":true,"href":"https:\/\/www.europesays.com\/pt\/wp-json\/wp\/v2\/categories?post=216745"},{"taxonomy":"post_tag","embeddable":true,"href":"https:\/\/www.europesays.com\/pt\/wp-json\/wp\/v2\/tags?post=216745"}],"curies":[{"name":"wp","href":"https:\/\/api.w.org\/{rel}","templated":true}]}}