{"id":216788,"date":"2026-01-06T01:10:42","date_gmt":"2026-01-06T01:10:42","guid":{"rendered":"https:\/\/www.europesays.com\/pt\/216788\/"},"modified":"2026-01-06T01:10:42","modified_gmt":"2026-01-06T01:10:42","slug":"o-telemovel-oficial-do-mundial-de-2026-de-futebol-vai-ser-lancado-esta-semana","status":"publish","type":"post","link":"https:\/\/www.europesays.com\/pt\/216788\/","title":{"rendered":"O telem\u00f3vel oficial do Mundial de 2026 de Futebol vai ser lan\u00e7ado esta semana"},"content":{"rendered":"<p class=\"leading\">\n                A Motorola, parceira oficial do Mundial de 2026 da FIFA, vai lan\u00e7ar uma edi\u00e7\u00e3o especial do telem\u00f3vel oficial do evento.            <\/p>\n<p>        <img decoding=\"async\" alt=\"Telem\u00f3vel\" height=\"900\" src=\"https:\/\/www.europesays.com\/pt\/wp-content\/uploads\/2026\/01\/design-sem-nome-2026-01-05t125956-583.jpg\" width=\"1600\" fetchpriority=\"high\"\/><br \/>\nImagem Ilustrativa (via Motorola)<\/p>\n<p><a href=\"https:\/\/whatsapp.com\/channel\/0029Va54F7B7j6gBNXobAM16\" rel=\"nofollow noopener\" class=\"banner-deals mb20 banner-deals-rotation banner-deals-rotation--whatsapp\" target=\"_blank\"><\/p>\n<p>        Entra no nosso canal Whatsapp<br \/>e recebe as melhores ofertas<\/p>\n<p>        ENTRAR\n    <\/p>\n<p><\/a><\/p>\n<p>\u00c9 j\u00e1 este ver\u00e3o que decorre o Mundial 2026 de futebol, onde Portugal \u00e9 um dos s\u00e9rios candidatos ao t\u00edtulo. Nos \u00fatlimos dias, o campeonato do mundo deu que falar e n\u00e3o foi por causa de futebol. Foi por causa de&#8230; <a href=\"https:\/\/4gnews.pt\/melhores-telemoveis-qualidade-preco-para-comprar\/\" rel=\"nofollow noopener\" target=\"_blank\">smartphones<\/a>. Neste caso, a Motorola acaba de anunciar a edi\u00e7\u00e3o limitada do telem\u00f3vel oficial do evento: o Motorola Razr FIFA World Cup 2026 Edition.<\/p>\n<p>A edi\u00e7\u00e3o especial deste smartphone da Motorola vai ser posta \u00e0 venda na ter\u00e7a-feira, dia 6 de janeiro. Em princ\u00edpio, dever\u00e1 ser um modelo adaptado de um dobr\u00e1vel j\u00e1 lan\u00e7ado pela marca: provavelmente o Razr 60. Atrav\u00e9s do v\u00eddeo lan\u00e7ado pela Motorola, s\u00f3 conseguimos ver a silhueta do dispositivo, pelo que, para j\u00e1, persiste a d\u00favida.<\/p>\n<p>Assumindo que o cen\u00e1rio mais prov\u00e1vel se verifica (lan\u00e7amento de vers\u00e3o adaptada do Razr 60), o novo smartphone da Motorola contaria com dois ecr\u00e3s: um principal LTPO pOLED de 6,96 polegadas e um ecr\u00e3 externo pOLED LTPO de 4 polegadas. Ambos com uma taxa de atualiza\u00e7\u00e3o de 165Hz.<\/p>\n<p>No &#8220;cora\u00e7\u00e3o&#8221; do dispositivo, dever\u00e1 ser incorporado o processador Snapdragon 8 Elite da Qualcomm, que \u00e9 super eficiente a executar todo o tipo de tarefas, como aplica\u00e7\u00f5es, streaming ou outros conte\u00fados multim\u00e9dia. Dever\u00e1 ter armazenamento at\u00e9 512 GB e RAM a chegar aos 16 GB.<\/p>\n<p>Ao n\u00edvel da c\u00e2mara, tudo indica que ter\u00e1 um duplo sensor de 50 MP, juntamente com uma c\u00e2mara frontal de 50 MP, ideal para selfies. Resta ainda mencionar a bateria de 4.700 mAh, o que n\u00e3o \u00e9 propriamente impressionante, juntamente com carregamento a 68 W (fios) e 30 W (sem fios).<\/p>\n<p>Fica ainda por esclarecer se o Motorola Razr FIFA World Cup 2026 Edition ficar\u00e1 dispon\u00edvel globalmente ou se ser\u00e1 lan\u00e7ado apenas em algumas regi\u00f5es selecionadas.<\/p>\n<p><a href=\"https:\/\/amzn.to\/3Nauh0f\" target=\"_blank\" rel=\"nofollow noreferrer noopener\"><img decoding=\"async\" alt=\"Motorola RAZR 60 5G 8 GB-256 GB Verde\" height=\"488\" width=\"650\" class=\"lazyload\" src=\"https:\/\/www.europesays.com\/pt\/wp-content\/uploads\/2026\/01\/motorola-razr-60-5g-8-gb-256-gb-verde-41pykhmg6vl-sl500.jpg\" loading=\"lazy\"\/><\/a><\/p>\n<p class=\"inline-related-title\">Editores 4gnews recomendam:<\/p>\n","protected":false},"excerpt":{"rendered":"A Motorola, parceira oficial do Mundial de 2026 da FIFA, vai lan\u00e7ar uma edi\u00e7\u00e3o especial do telem\u00f3vel oficial&hellip;\n","protected":false},"author":2,"featured_media":216789,"comment_status":"","ping_status":"","sticky":false,"template":"","format":"standard","meta":{"footnotes":""},"categories":[84],"tags":[109,107,108,32,33,105,103,104,106,110],"class_list":{"0":"post-216788","1":"post","2":"type-post","3":"status-publish","4":"format-standard","5":"has-post-thumbnail","7":"category-ciencia-e-tecnologia","8":"tag-ciencia","9":"tag-ciencia-e-tecnologia","10":"tag-cienciaetecnologia","11":"tag-portugal","12":"tag-pt","13":"tag-science","14":"tag-science-and-technology","15":"tag-scienceandtechnology","16":"tag-technology","17":"tag-tecnologia"},"share_on_mastodon":{"url":"https:\/\/pubeurope.com\/@pt\/115845491810292850","error":""},"_links":{"self":[{"href":"https:\/\/www.europesays.com\/pt\/wp-json\/wp\/v2\/posts\/216788","targetHints":{"allow":["GET"]}}],"collection":[{"href":"https:\/\/www.europesays.com\/pt\/wp-json\/wp\/v2\/posts"}],"about":[{"href":"https:\/\/www.europesays.com\/pt\/wp-json\/wp\/v2\/types\/post"}],"author":[{"embeddable":true,"href":"https:\/\/www.europesays.com\/pt\/wp-json\/wp\/v2\/users\/2"}],"replies":[{"embeddable":true,"href":"https:\/\/www.europesays.com\/pt\/wp-json\/wp\/v2\/comments?post=216788"}],"version-history":[{"count":0,"href":"https:\/\/www.europesays.com\/pt\/wp-json\/wp\/v2\/posts\/216788\/revisions"}],"wp:featuredmedia":[{"embeddable":true,"href":"https:\/\/www.europesays.com\/pt\/wp-json\/wp\/v2\/media\/216789"}],"wp:attachment":[{"href":"https:\/\/www.europesays.com\/pt\/wp-json\/wp\/v2\/media?parent=216788"}],"wp:term":[{"taxonomy":"category","embeddable":true,"href":"https:\/\/www.europesays.com\/pt\/wp-json\/wp\/v2\/categories?post=216788"},{"taxonomy":"post_tag","embeddable":true,"href":"https:\/\/www.europesays.com\/pt\/wp-json\/wp\/v2\/tags?post=216788"}],"curies":[{"name":"wp","href":"https:\/\/api.w.org\/{rel}","templated":true}]}}