{"id":216806,"date":"2026-01-06T01:22:13","date_gmt":"2026-01-06T01:22:13","guid":{"rendered":"https:\/\/www.europesays.com\/pt\/216806\/"},"modified":"2026-01-06T01:22:13","modified_gmt":"2026-01-06T01:22:13","slug":"7-maneiras-de-aprimorar-sua-capacidade-cognitiva-neste-novo-ano","status":"publish","type":"post","link":"https:\/\/www.europesays.com\/pt\/216806\/","title":{"rendered":"7 maneiras de aprimorar sua capacidade cognitiva neste novo ano"},"content":{"rendered":"<p data-component-name=\"paragraph\" class=\"styles__ParagraphStyled-sc-6adecn-0 gsLklW  \">Costumamos pensar no ano novo como um recome\u00e7o de h\u00e1bitos \u2014 um momento para passar a <a href=\"https:\/\/www.estadao.com.br\/tudo-sobre\/alimentacao\" target=\"_blank\" rel=\"nofollow noopener\" title=\"https:\/\/www.estadao.com.br\/tudo-sobre\/alimentacao\"><strong>comer<\/strong><\/a> de forma mais saud\u00e1vel e fazer um esfor\u00e7o maior para <a href=\"https:\/\/www.estadao.com.br\/tudo-sobre\/exercicio-fisico\/\" target=\"_blank\" rel=\"nofollow noopener\" title=\"https:\/\/www.estadao.com.br\/tudo-sobre\/exercicio-fisico\/\"><strong>manter a forma f\u00edsica<\/strong><\/a>. E \u00e9 tamb\u00e9m a oportunidade perfeita para pensar na aptid\u00e3o cognitiva.<\/p>\n<p data-component-name=\"paragraph\" class=\"styles__ParagraphStyled-sc-6adecn-0 gsLklW  \">As mesmas atividades que ajudam a emagrecer, a se sentir melhor e a aumentar a resist\u00eancia s\u00e3o tamb\u00e9m as que agu\u00e7am o pensamento e a mem\u00f3ria. Veja a seguir mais informa\u00e7\u00f5es sobre aptid\u00e3o cognitiva e sobre as atividades e escolhas de estilo de vida que sustentam a agilidade mental e a sa\u00fade geral do <a href=\"https:\/\/www.estadao.com.br\/tudo-sobre\/cerebro\" target=\"_blank\" rel=\"nofollow noopener\" title=\"https:\/\/www.estadao.com.br\/tudo-sobre\/cerebro\"><strong>c\u00e9rebro<\/strong><\/a>. <\/p>\n<p>O que \u00e9 aptid\u00e3o cognitiva?<\/p>\n<p>Aptid\u00e3o cognitiva \u2014 a capacidade de pensar, aprender e lembrar com efici\u00eancia \u2014 depende de um c\u00e9rebro saud\u00e1vel e adapt\u00e1vel. Essa adaptabilidade \u00e9 chamada de neuroplasticidade.<\/p>\n<p>\u201cNeuroplasticidade \u00e9 a capacidade do c\u00e9rebro de mudar ao longo da vida, modificando sua estrutura, suas fun\u00e7\u00f5es ou suas vias neurais em resposta ao aprendizado, \u00e0s experi\u00eancias e \u00e0s influ\u00eancias do ambiente\u201d, afirma Andrew Budson, chefe de neurologia cognitiva e comportamental do Veterans Affairs Boston Healthcare System.<\/p>\n<p data-component-name=\"paragraph\" class=\"styles__ParagraphStyled-sc-6adecn-0 gsLklW  \">Dar suporte \u00e0 neuroplasticidade e manter a aptid\u00e3o cognitiva envolve uma combina\u00e7\u00e3o de atividades mentais, f\u00edsicas e sociais. Confira a seguir.<\/p>\n<p><img  loading=\"lazy\" class=\"lazy-load-img\"\/><\/p>\n<p>As mesmas atividades que ajudam a controlar o peso e manter a energia s\u00e3o as que favorecem a sa\u00fade do c\u00e9rebro\u00a0Foto:  \u5a77\u5a77 \u5b63\/Adobe Stock <\/p>\n<p>1- Atividade f\u00edsica<\/p>\n<p data-component-name=\"paragraph\" class=\"styles__ParagraphStyled-sc-6adecn-0 gsLklW  \">A atividade f\u00edsica aumenta o fluxo sangu\u00edneo para o c\u00e9rebro e reduz o <a href=\"https:\/\/www.estadao.com.br\/tudo-sobre\/estresse\" target=\"_blank\" rel=\"nofollow noopener\" title=\"https:\/\/www.estadao.com.br\/tudo-sobre\/estresse\"><strong>estresse<\/strong><\/a> e a inflama\u00e7\u00e3o.<\/p>\n<p data-component-name=\"paragraph\" class=\"styles__ParagraphStyled-sc-6adecn-0 gsLklW  \">O exerc\u00edcio aer\u00f3bico \u2014 aquele que trabalha o <a href=\"https:\/\/www.estadao.com.br\/tudo-sobre\/coracao\" target=\"_blank\" rel=\"nofollow noopener\" title=\"https:\/\/www.estadao.com.br\/tudo-sobre\/coracao\"><strong>cora\u00e7\u00e3o<\/strong><\/a> e os pulm\u00f5es \u2014 estimula a libera\u00e7\u00e3o de prote\u00ednas (fatores de crescimento cerebral) que s\u00e3o vitais para o crescimento e a fun\u00e7\u00e3o das c\u00e9lulas cerebrais. O exerc\u00edcio aer\u00f3bico \u2014 em conjunto com o treinamento de for\u00e7a \u2014 melhora o humor, a mem\u00f3ria, o foco e a velocidade de processamento, ajudando a preservar a fun\u00e7\u00e3o cognitiva e a possivelmente reduzir o risco de dem\u00eancia.<\/p>\n<p data-component-name=\"paragraph\" class=\"styles__ParagraphStyled-sc-6adecn-0 gsLklW  \">Em contrapartida, o comportamento sedent\u00e1rio leva a n\u00edveis baixos de fatores de crescimento cerebral, o que pode contribuir para o decl\u00ednio cognitivo.<\/p>\n<p data-component-name=\"paragraph\" class=\"styles__ParagraphStyled-sc-6adecn-0 gsLklW  \">Se poss\u00edvel, procure fazer pelo menos 150 minutos por semana de exerc\u00edcio aer\u00f3bico de intensidade moderada (como caminhada r\u00e1pida) \u2014 pouco mais de 20 minutos por dia. Praticar exerc\u00edcios por mais tempo do que isso pode trazer benef\u00edcios ainda maiores para a sa\u00fade cognitiva.<\/p>\n<p>2- Boa alimenta\u00e7\u00e3o<\/p>\n<p data-component-name=\"paragraph\" class=\"styles__ParagraphStyled-sc-6adecn-0 gsLklW  \">Uma dieta nutritiva desempenha um papel importante na manuten\u00e7\u00e3o da fun\u00e7\u00e3o cognitiva.<\/p>\n<p data-component-name=\"paragraph\" class=\"styles__ParagraphStyled-sc-6adecn-0 gsLklW  \">Por exemplo, um padr\u00e3o alimentar no estilo mediterr\u00e2neo, baseado em alimentos n\u00e3o processados ou minimamente processados, est\u00e1 associado a um menor risco de decl\u00ednio cognitivo. Esse tipo de alimenta\u00e7\u00e3o prioriza <a href=\"https:\/\/www.estadao.com.br\/tudo-sobre\/fruta\" target=\"_blank\" rel=\"nofollow noopener\" title=\"https:\/\/www.estadao.com.br\/tudo-sobre\/fruta\"><strong>frutas<\/strong><\/a>, verduras e legumes, nozes, feij\u00f5es, gr\u00e3os integrais, <a href=\"https:\/\/www.estadao.com.br\/tudo-sobre\/azeite\" target=\"_blank\" rel=\"nofollow noopener\" title=\"https:\/\/www.estadao.com.br\/tudo-sobre\/azeite\"><strong>azeite de oliva<\/strong><\/a> e pequenas quantidades de prote\u00edna animal (<a href=\"https:\/\/www.estadao.com.br\/tudo-sobre\/peixe\" target=\"_blank\" rel=\"nofollow noopener\" title=\"https:\/\/www.estadao.com.br\/tudo-sobre\/peixe\"><strong>peixes<\/strong><\/a>, ovos, latic\u00ednios e carnes).<\/p>\n<p data-component-name=\"paragraph\" class=\"styles__ParagraphStyled-sc-6adecn-0 gsLklW  \">Por outro lado, padr\u00f5es alimentares ricos em gorduras saturadas e <a href=\"https:\/\/www.estadao.com.br\/tudo-sobre\/acucar\" target=\"_blank\" rel=\"nofollow noopener\" title=\"https:\/\/www.estadao.com.br\/tudo-sobre\/acucar\"><strong>a\u00e7\u00facares<\/strong><\/a> adicionados t\u00eam sido associados \u00e0 diminui\u00e7\u00e3o da neuroplasticidade. Evitar o consumo excessivo de a\u00e7\u00facar e de alimentos ultraprocessados tamb\u00e9m pode ajudar a manter a clareza mental e a prevenir inflama\u00e7\u00f5es que podem contribuir para a piora da sa\u00fade cerebral.<\/p>\n<p>3- Desafios para o c\u00e9rebro<\/p>\n<p>Assim como o exerc\u00edcio f\u00edsico fortalece os m\u00fasculos, os desafios mentais mant\u00eam o c\u00e9rebro afiado. O aprendizado ao longo da vida fortalece as conex\u00f5es neurais e aumenta a reserva cognitiva \u2014 a capacidade do c\u00e9rebro de manter sua fun\u00e7\u00e3o apesar do <a href=\"https:\/\/www.estadao.com.br\/tudo-sobre\/envelhecimento\" target=\"_blank\" rel=\"nofollow noopener\" title=\"https:\/\/www.estadao.com.br\/tudo-sobre\/envelhecimento\"><strong>envelhecimento<\/strong><\/a> ou de doen\u00e7as. Essa reserva se constr\u00f3i ao longo do tempo por meio da educa\u00e7\u00e3o, das experi\u00eancias profissionais e de atividades mentalmente estimulantes.<\/p>\n<p>Budson sugere se envolver em atividades baseadas em aprendizado, como fazer um curso para adultos, come\u00e7ar um novo hobby ou ler livros que apresentem novos conceitos. \u201cConhecer pessoas novas e aprender sobre elas \u00e9 uma \u00f3tima forma de aumentar a neuroplasticidade, assim como viajar para um lugar novo\u201d, acrescenta Budson.<\/p>\n<p>4- Encare estes est\u00edmulos para o c\u00e9rebro<\/p>\n<p>Desafiar a mente regularmente fortalece as vias neurais e d\u00e1 suporte \u00e0 sa\u00fade cerebral no longo prazo. Veja algumas maneiras de manter o c\u00e9rebro ativo.<\/p>\n<ul>\n<li class=\" \"><b>Experimente algo novo: <\/b>Aprender um novo idioma, um instrumento, uma habilidade (como pintura) ou um hobby cria novas conex\u00f5es neurais. At\u00e9 algo como colecionar selos ou observar p\u00e1ssaros \u00e9 melhor para o c\u00e9rebro do que simplesmente assistir \u00e0 TV.<\/li>\n<li class=\" \"><b>Desafie-se: <\/b>Aumente o n\u00edvel de dificuldade de quebra-cabe\u00e7as, jogos ou leituras para construir continuamente a reserva cognitiva.<\/li>\n<li class=\" \"><b>Varie os treinos mentais: <\/b>Evite a rotina incorporando diferentes atividades, como jogos de estrat\u00e9gia, hobbies criativos e exerc\u00edcios de resolu\u00e7\u00e3o de problemas.<\/li>\n<li class=\" \"><b>Participe de atividades culturais e sociais: <\/b>Ir a concertos, museus ou pe\u00e7as de teatro estimula o c\u00e9rebro e incentiva um aprendizado mais profundo.<\/li>\n<li class=\" \"><b>Viaje e explore: <\/b>Visitar novos lugares, mesmo perto de casa, aumenta a plasticidade cerebral ao expor voc\u00ea a experi\u00eancias novas.<\/li>\n<li class=\" \"><b>Aproveite m\u00fasica e movimento: <\/b>Tocar um instrumento, dan\u00e7ar ou at\u00e9 ouvir m\u00fasica d\u00e1 suporte ao bem-estar cognitivo e emocional.<\/li>\n<\/ul>\n<p>5- Melhor sono<\/p>\n<p data-component-name=\"paragraph\" class=\"styles__ParagraphStyled-sc-6adecn-0 gsLklW  \">Dormir bem \u00e9 essencial para a fun\u00e7\u00e3o cognitiva. Durante o <a href=\"https:\/\/www.estadao.com.br\/tudo-sobre\/sono\" target=\"_blank\" rel=\"nofollow noopener\" title=\"https:\/\/www.estadao.com.br\/tudo-sobre\/sono\"><strong>sono<\/strong><\/a>, o c\u00e9rebro processa e armazena informa\u00e7\u00f5es, elimina toxinas e repara as vias neurais.<\/p>\n<p data-component-name=\"paragraph\" class=\"styles__ParagraphStyled-sc-6adecn-0 gsLklW  \">\u201cHoje existe um enorme conjunto de evid\u00eancias de que as mem\u00f3rias s\u00e3o consolidadas durante o sono. A consolida\u00e7\u00e3o da mem\u00f3ria \u00e9 o processo pelo qual mem\u00f3rias de curto prazo se transformam em mem\u00f3rias de longo prazo\u201d, explica Budson. O sono tamb\u00e9m ajuda a regular as emo\u00e7\u00f5es e a integrar novos conhecimentos com experi\u00eancias anteriores, tornando-se crucial para a neuroplasticidade.<\/p>\n<p data-component-name=\"paragraph\" class=\"styles__ParagraphStyled-sc-6adecn-0 gsLklW  \">Para dormir melhor, experimente essas estrat\u00e9gias:<\/p>\n<ul>\n<li class=\" \"><b>Mantenha um hor\u00e1rio: <\/b>Acorde e v\u00e1 dormir no mesmo hor\u00e1rio todos os dias, inclusive nos fins de semana.<\/li>\n<li class=\" \"><b>Pegue sol pela manh\u00e3: <\/b>A exposi\u00e7\u00e3o \u00e0 luz natural no in\u00edcio do dia ajuda a regular os ciclos do sono.<\/li>\n<li class=\" \"><b>Exercite-se regularmente: <\/b>A atividade f\u00edsica melhora a qualidade do sono, mas evite exerc\u00edcios intensos perto da hora de dormir.<\/li>\n<li class=\" \"><b>Cuide da alimenta\u00e7\u00e3o: <\/b>Fa\u00e7a um jantar leve e evite cafe\u00edna, <a href=\"https:\/\/www.estadao.com.br\/tudo-sobre\/alcool\" target=\"_blank\" rel=\"nofollow noopener\" title=\"https:\/\/www.estadao.com.br\/tudo-sobre\/alcool\"><b>\u00e1lcool<\/b><\/a>, alimentos apimentados e nicotina antes de dormir.<\/li>\n<li class=\" \"><b>Limite o tempo de tela: <\/b>Desligue aparelhos eletr\u00f4nicos pelo menos uma hora antes de dormir para reduzir a exposi\u00e7\u00e3o \u00e0 luz azul.<\/li>\n<li class=\" \"><b>Crie um ambiente favor\u00e1vel ao sono: <\/b>Mantenha o quarto fresco, escuro, silencioso e confort\u00e1vel.<\/li>\n<li class=\" \"><b>Estabele\u00e7a uma rotina noturna: <\/b>Pratique atividades calmantes, como leitura, alongamento ou medita\u00e7\u00e3o.<\/li>\n<\/ul>\n<p data-component-name=\"paragraph\" class=\"styles__ParagraphStyled-sc-6adecn-0 gsLklW  \">A priva\u00e7\u00e3o cr\u00f4nica de sono pode prejudicar a concentra\u00e7\u00e3o, a tomada de decis\u00f5es e a sa\u00fade cerebral no longo prazo. Se voc\u00ea costuma ter dificuldade para pegar no sono ou permanecer dormindo, converse com seu m\u00e9dico para identificar a causa e explorar as melhores op\u00e7\u00f5es de tratamento.<\/p>\n<p>6- Controle do estresse<\/p>\n<p data-component-name=\"paragraph\" class=\"styles__ParagraphStyled-sc-6adecn-0 gsLklW  \">O estresse cr\u00f4nico prejudica a fun\u00e7\u00e3o cerebral ao aumentar os n\u00edveis de cortisol, um horm\u00f4nio que pode danificar neur\u00f4nios e inibir a neuroplasticidade. No entanto, praticar t\u00e9cnicas eficazes de manejo do estresse pode ajudar a proteger a sa\u00fade cognitiva e sustentar a fun\u00e7\u00e3o cerebral no longo prazo.<\/p>\n<p data-component-name=\"paragraph\" class=\"styles__ParagraphStyled-sc-6adecn-0 gsLklW  \">Uma abordagem especialmente eficaz \u00e9 a <a href=\"https:\/\/www.estadao.com.br\/tudo-sobre\/meditacao\" target=\"_blank\" rel=\"nofollow noopener\" title=\"https:\/\/www.estadao.com.br\/tudo-sobre\/meditacao\"><strong>medita\u00e7\u00e3o<\/strong><\/a> mindfulness. Pesquisas sugerem que a pr\u00e1tica regular da medita\u00e7\u00e3o promove mudan\u00e7as estruturais e funcionais em regi\u00f5es do c\u00e9rebro respons\u00e1veis pela aten\u00e7\u00e3o, pela regula\u00e7\u00e3o emocional e pela mem\u00f3ria. Embora as pesquisas ainda estejam em andamento, acredita-se que a medita\u00e7\u00e3o d\u00ea suporte \u00e0 neuroplasticidade ao favorecer o crescimento de novas c\u00e9lulas e conex\u00f5es cerebrais, podendo mitigar os efeitos nocivos do estresse.<\/p>\n<p data-component-name=\"paragraph\" class=\"styles__ParagraphStyled-sc-6adecn-0 gsLklW  \">Outras estrat\u00e9gias para reduzir o estresse incluem exerc\u00edcios de respira\u00e7\u00e3o profunda, ouvir m\u00fasica e passar tempo na natureza. Tente incorporar essas t\u00e9cnicas ao seu dia a dia.<\/p>\n<p>7- Engajamento social<\/p>\n<p data-component-name=\"paragraph\" class=\"styles__ParagraphStyled-sc-6adecn-0 gsLklW  \">Manter conex\u00f5es sociais \u00e9 essencial para preservar a mem\u00f3ria e a fun\u00e7\u00e3o cognitiva \u00e0 medida que envelhecemos.<\/p>\n<p data-component-name=\"paragraph\" class=\"styles__ParagraphStyled-sc-6adecn-0 gsLklW  \">Participar de conversas e de atividades interativas estimula processos mentais fundamentais, como aten\u00e7\u00e3o e mem\u00f3ria. A intera\u00e7\u00e3o social regular ajuda a refor\u00e7ar as conex\u00f5es neurais, desacelerando o decl\u00ednio relacionado \u00e0 idade e possivelmente adiando a dem\u00eancia ao fortalecer a reserva cognitiva.<\/p>\n<p data-component-name=\"paragraph\" class=\"styles__ParagraphStyled-sc-6adecn-0 gsLklW  \">Para apoiar a sa\u00fade do c\u00e9rebro, considere estas estrat\u00e9gias para se manter socialmente ativo:<\/p>\n<ul>\n<li class=\" \">Participar de eventos culturais, como teatro, concertos ou exposi\u00e7\u00f5es de arte<\/li>\n<li class=\" \">Entrar em grupos sociais ou de aposentadoria<\/li>\n<li class=\" \">Passar tempo de qualidade com familiares e amigos.<\/li>\n<\/ul>\n<p data-component-name=\"paragraph\" class=\"styles__ParagraphStyled-sc-6adecn-0 gsLklW  \">Ao tornar o engajamento social uma prioridade, voc\u00ea pode ajudar a proteger a fun\u00e7\u00e3o cognitiva enquanto desfruta de conex\u00f5es e experi\u00eancias significativas. E quanto mais mudan\u00e7as saud\u00e1veis no estilo de vida voc\u00ea conseguir fazer \u2014 e at\u00e9 combinar (como se exercitar em grupo ou desfrutar de uma refei\u00e7\u00e3o saud\u00e1vel com amigos) \u2014, mais os benef\u00edcios cognitivos se acumular\u00e3o.<\/p>\n<p data-component-name=\"paragraph\" class=\"styles__ParagraphStyled-sc-6adecn-0 gsLklW  \">Este conte\u00fado foi traduzido com o aux\u00edlio de ferramentas de Intelig\u00eancia Artificial e revisado por nossa equipe editorial. <a href=\"https:\/\/www.estadao.com.br\/link\/estadao-define-politica-de-uso-de-ferramentas-de-inteligencia-artificial-por-seus-jornalistas-veja\/\" target=\"_blank\" rel=\"nofollow noopener\"><strong>Saiba mais em nossa Pol\u00edtica de IA<\/strong><\/a>.<\/p>\n","protected":false},"excerpt":{"rendered":"Costumamos pensar no ano novo como um recome\u00e7o de h\u00e1bitos \u2014 um momento para passar a comer de&hellip;\n","protected":false},"author":2,"featured_media":216807,"comment_status":"","ping_status":"","sticky":false,"template":"","format":"standard","meta":{"footnotes":""},"categories":[86],"tags":[1770,24089,29882,1772,42153,7358,24669,42154,8579,7482,42155,8582,11453,42156,40862,42157,19624,42158,116,1101,24673,42159,10337,42160,41092,10338,42161,26100,5496,10340,1109,23188,10341,42162,32,4041,10343,33,42163,11465,117,105,7684,3154,34016,23511,11046,11468,106,29894,19511,42164,26115],"class_list":{"0":"post-216806","1":"post","2":"type-post","3":"status-publish","4":"format-standard","5":"has-post-thumbnail","7":"category-saude","8":"tag-3d","9":"tag-abstract","10":"tag-art","11":"tag-background","12":"tag-battery","13":"tag-brain","14":"tag-brainstorm","15":"tag-charge","16":"tag-charging","17":"tag-concept","18":"tag-connect","19":"tag-connection","20":"tag-creative","21":"tag-creativity","22":"tag-electric","23":"tag-electrical","24":"tag-energy","25":"tag-energy-saving","26":"tag-health","27":"tag-human","28":"tag-idea","29":"tag-imagination","30":"tag-innovation","31":"tag-innovative","32":"tag-inspiration","33":"tag-intelligence","34":"tag-invention","35":"tag-learn","36":"tag-light","37":"tag-memory","38":"tag-mental","39":"tag-metal","40":"tag-mind","41":"tag-plug","42":"tag-portugal","43":"tag-power","44":"tag-psychology","45":"tag-pt","46":"tag-recharge","47":"tag-rendering","48":"tag-saude","49":"tag-science","50":"tag-sign","51":"tag-smart","52":"tag-solution","53":"tag-study","54":"tag-success","55":"tag-symbol","56":"tag-technology","57":"tag-think","58":"tag-thinking","59":"tag-wire","60":"tag-wisdom"},"share_on_mastodon":{"url":"","error":"Validation failed: Text character limit of 500 exceeded"},"_links":{"self":[{"href":"https:\/\/www.europesays.com\/pt\/wp-json\/wp\/v2\/posts\/216806","targetHints":{"allow":["GET"]}}],"collection":[{"href":"https:\/\/www.europesays.com\/pt\/wp-json\/wp\/v2\/posts"}],"about":[{"href":"https:\/\/www.europesays.com\/pt\/wp-json\/wp\/v2\/types\/post"}],"author":[{"embeddable":true,"href":"https:\/\/www.europesays.com\/pt\/wp-json\/wp\/v2\/users\/2"}],"replies":[{"embeddable":true,"href":"https:\/\/www.europesays.com\/pt\/wp-json\/wp\/v2\/comments?post=216806"}],"version-history":[{"count":0,"href":"https:\/\/www.europesays.com\/pt\/wp-json\/wp\/v2\/posts\/216806\/revisions"}],"wp:featuredmedia":[{"embeddable":true,"href":"https:\/\/www.europesays.com\/pt\/wp-json\/wp\/v2\/media\/216807"}],"wp:attachment":[{"href":"https:\/\/www.europesays.com\/pt\/wp-json\/wp\/v2\/media?parent=216806"}],"wp:term":[{"taxonomy":"category","embeddable":true,"href":"https:\/\/www.europesays.com\/pt\/wp-json\/wp\/v2\/categories?post=216806"},{"taxonomy":"post_tag","embeddable":true,"href":"https:\/\/www.europesays.com\/pt\/wp-json\/wp\/v2\/tags?post=216806"}],"curies":[{"name":"wp","href":"https:\/\/api.w.org\/{rel}","templated":true}]}}