{"id":216808,"date":"2026-01-06T01:23:18","date_gmt":"2026-01-06T01:23:18","guid":{"rendered":"https:\/\/www.europesays.com\/pt\/216808\/"},"modified":"2026-01-06T01:23:18","modified_gmt":"2026-01-06T01:23:18","slug":"ela-contou-me-logo-ze-lopes-quebra-silencio-sobre-morte-do-irmao-de-merche-romero-oscar-romero-tinha-52-anos","status":"publish","type":"post","link":"https:\/\/www.europesays.com\/pt\/216808\/","title":{"rendered":"\u00abEla contou-me logo&#8230;\u00bb: Z\u00e9 Lopes quebra sil\u00eancio sobre morte do irm\u00e3o de Merche Romero. \u00d3scar Romero tinha 52 anos"},"content":{"rendered":"<p data-end=\"519\" data-start=\"0\">Z\u00e9 Lopes abriu o programa <strong><a href=\"https:\/\/tvi.iol.pt\/vmais\/programa\/bom-dia-alegria\/66aa40ced34e94b82903b0dd\" target=\"_blank\" rel=\"nofollow noopener\">Bom dia Alegria<\/a><\/strong> desta segunda-feira, 5 de janeiro de 2026, com uma not\u00edcia marcada pela emo\u00e7\u00e3o e pela tristeza. O apresentador do V+ revelou em direto a morte de \u00d3scar Romero, irm\u00e3o de Merche Romero, aos 52 anos, explicando assim a aus\u00eancia da sua companheira habitual das manh\u00e3s do canal. Visivelmente comovido, come\u00e7ou por dizer: \u00abN\u00e3o era este o tom com que queria dar-vos os bons dias neste in\u00edcio de semana, mas a \u00faltima not\u00edcia assim o exige. <strong>A nossa Merche Romero est\u00e1 de luto. O irm\u00e3o dela partiu, o \u00d3scar Romero<\/strong>\u00bb.<\/p>\n<p data-end=\"895\" data-start=\"521\">Durante a interven\u00e7\u00e3o, Z\u00e9 Lopes fez quest\u00e3o de sublinhar a proximidade que tem mantido com Merche Romero desde o primeiro momento, refor\u00e7ando o apoio numa fase particularmente dif\u00edcil. \u00abEstou em contacto pr\u00f3ximo com a Merche desde o primeiro momento, <strong>ela contou-me logo desta infeliz not\u00edcia<\/strong>\u00bb, acrescentou, pedindo compreens\u00e3o e respeito pelo luto vivido pela apresentadora.<\/p>\n<p data-end=\"1215\" data-start=\"897\">Segundo v\u00e1rios meios de comunica\u00e7\u00e3o social, \u00d3scar Romero, que era cantor, ter\u00e1 sofrido um ataque card\u00edaco no passado dia 4 de janeiro. A not\u00edcia da sua morte gerou uma forte onda de consterna\u00e7\u00e3o, sobretudo nas redes sociais, onde amigos, colegas e admiradores t\u00eam deixado mensagens de despedida e homenagem ao artista.<\/p>\n<p data-end=\"1888\" data-start=\"1217\">Merche Romero assinalou a perda de forma discreta, mas profundamente simb\u00f3lica, ao partilhar nas stories da sua conta de Instagram uma m\u00fasica do irm\u00e3o, num gesto que reflete a dor e a liga\u00e7\u00e3o especial que os unia.<\/p>\n<p data-end=\"1888\" data-start=\"1217\"><img loading=\"lazy\" decoding=\"async\" alt=\"\" height=\"847\" src=\"https:\/\/www.europesays.com\/pt\/wp-content\/uploads\/2026\/01\/1000.jpeg\" width=\"486\"\/><\/p>\n<p data-end=\"1888\" data-start=\"1217\">Tamb\u00e9m v\u00e1rios amigos de \u00d3scar Romero recorreram \u00e0s redes sociais para expressar o seu pesar. \u00abHoje recebi a not\u00edcia da tua partida, obrigado amigo pelo teu carinho, pela tua amizade e alegria. At\u00e9 um dia, amigo \u00d3scar\u00bb, escreveu um amigo. Noutra publica\u00e7\u00e3o podia ler-se: \u00abO c\u00e9u ganhou uma estrela enorme, um maravilhoso amigo. At\u00e9 um dia, \u00d3scar\u00bb. Houve ainda quem sublinhasse: \u00ab\u00c9s uma estrela que vai brilhar para sempre. Vais estar sempre no meu cora\u00e7\u00e3o\u00bb.<\/p>\n<p data-end=\"2210\" data-start=\"1890\">Entre as muitas homenagens, destacou-se tamb\u00e9m a de Cristina Areia. A antiga atriz recorreu \u00e0s redes sociais para se despedir do amigo com palavras carregadas de emo\u00e7\u00e3o: \u00abMeu amor. Se as pessoas soubessem o qu\u00e3o maravilhoso sempre foste\u00bb, escreveu, acrescentando depois: \u00abAdeus, meu amigo. Nunca me vou esquecer de ti!\u00bb.<\/p>\n<p data-end=\"2475\" data-is-last-node=\"\" data-is-only-node=\"\" data-start=\"2212\">Vale lembrar que o \u00faltimo projeto televisivo de \u00d3scar Romero foi na TVI, onde participou como comentador do reality show Dilema. A sua morte deixa familiares, amigos e colegas de profiss\u00e3o em luto, numa despedida marcada pelo carinho e pelas mem\u00f3rias partilhadas.<\/p>\n<p data-end=\"2475\" data-is-last-node=\"\" data-is-only-node=\"\" data-start=\"2212\">Recorde a surpresa que o artista fez em direto \u00e0 irm\u00e3, no dia do seu 48.\u00ba anivers\u00e1rio.<\/p>\n","protected":false},"excerpt":{"rendered":"Z\u00e9 Lopes abriu o programa Bom dia Alegria desta segunda-feira, 5 de janeiro de 2026, com uma not\u00edcia&hellip;\n","protected":false},"author":2,"featured_media":216809,"comment_status":"","ping_status":"","sticky":false,"template":"","format":"standard","meta":{"footnotes":""},"categories":[85],"tags":[73,72,66,114,115,77,69,75,6970,42165,71,41970,67,32,33,76,74,70,35,9345,78,68,6971],"class_list":{"0":"post-216808","1":"post","2":"type-post","3":"status-publish","4":"format-standard","5":"has-post-thumbnail","7":"category-entretenimento","8":"tag-a-jornada","9":"tag-bate-bola","10":"tag-bom-dia-alegria","11":"tag-entertainment","12":"tag-entretenimento","13":"tag-estudio-estadio","14":"tag-fanaticos","15":"tag-livre-e-direto","16":"tag-merche-romero","17":"tag-merche-romero-irmao","18":"tag-nova-geracao","19":"tag-oscar-romero","20":"tag-para-si","21":"tag-portugal","22":"tag-pt","23":"tag-segredos-do-prazer","24":"tag-segue-o-jogo","25":"tag-super-craques","26":"tag-transferencias","27":"tag-v","28":"tag-v-fama","29":"tag-var-aberto","30":"tag-ze-lopes"},"share_on_mastodon":{"url":"https:\/\/pubeurope.com\/@pt\/115845542961717217","error":""},"_links":{"self":[{"href":"https:\/\/www.europesays.com\/pt\/wp-json\/wp\/v2\/posts\/216808","targetHints":{"allow":["GET"]}}],"collection":[{"href":"https:\/\/www.europesays.com\/pt\/wp-json\/wp\/v2\/posts"}],"about":[{"href":"https:\/\/www.europesays.com\/pt\/wp-json\/wp\/v2\/types\/post"}],"author":[{"embeddable":true,"href":"https:\/\/www.europesays.com\/pt\/wp-json\/wp\/v2\/users\/2"}],"replies":[{"embeddable":true,"href":"https:\/\/www.europesays.com\/pt\/wp-json\/wp\/v2\/comments?post=216808"}],"version-history":[{"count":0,"href":"https:\/\/www.europesays.com\/pt\/wp-json\/wp\/v2\/posts\/216808\/revisions"}],"wp:featuredmedia":[{"embeddable":true,"href":"https:\/\/www.europesays.com\/pt\/wp-json\/wp\/v2\/media\/216809"}],"wp:attachment":[{"href":"https:\/\/www.europesays.com\/pt\/wp-json\/wp\/v2\/media?parent=216808"}],"wp:term":[{"taxonomy":"category","embeddable":true,"href":"https:\/\/www.europesays.com\/pt\/wp-json\/wp\/v2\/categories?post=216808"},{"taxonomy":"post_tag","embeddable":true,"href":"https:\/\/www.europesays.com\/pt\/wp-json\/wp\/v2\/tags?post=216808"}],"curies":[{"name":"wp","href":"https:\/\/api.w.org\/{rel}","templated":true}]}}