{"id":216885,"date":"2026-01-06T02:25:08","date_gmt":"2026-01-06T02:25:08","guid":{"rendered":"https:\/\/www.europesays.com\/pt\/216885\/"},"modified":"2026-01-06T02:25:08","modified_gmt":"2026-01-06T02:25:08","slug":"drones-abatidos-perto-do-palacio-presidencial-delcy-rodriguez-toma-posse-como-presidente-interina-expresso","status":"publish","type":"post","link":"https:\/\/www.europesays.com\/pt\/216885\/","title":{"rendered":"\u2018Drones\u2019 abatidos perto do pal\u00e1cio presidencial, Delcy Rodr\u00edguez toma posse como Presidente interina &#8211; Expresso"},"content":{"rendered":"<ol>\n<li><a href=\"https:\/\/news.google.com\/rss\/articles\/CBMihwJBVV95cUxQVDJncUVXVEpGWXRlbVVTc3ZmQW9qTVQ3TEhEa0xaVXQ1ZWRCUGxQVDJoMUhIVU9iX1pLM0gyc3JyZkhyLWRkZmQwUjZTUHN3Rmc3MWRaV1NsN0RTcFRNc1BiX3BmYVduc2MtUV9XWlFNeG42Z0Q1Q1pFdUUzdzBxbGp2SmdyUG5naWxFemQ5dFNhUVR3c0pJdnkxajNDWjhfMVlMSjNwazNEbkJvbGxFN0UydWhJZjJ5VEJTVF82RkRVTVFTTnlWMXluRTNyck1UM0RIY0hfdVRmRUNDUlVocFpHSEdERmFma3RnSWhLMEgtMDBUV2NGZ0pJZ2doM3JzQWZXS2Jjbw?oc=5\" target=\"_blank\" rel=\"nofollow noopener\">\u2018Drones\u2019 abatidos perto do pal\u00e1cio presidencial, Delcy Rodr\u00edguez toma posse como Presidente interina<\/a>&nbsp;&nbsp;Expresso<\/li>\n<li><a href=\"https:\/\/news.google.com\/rss\/articles\/CBMixgFBVV95cUxPbWRHRjNIbGVteVdkckhPV0lnRzk1M2VXQW9ZazJibmhSRHl2NmttXzFIcWxJY3hpVVpCTHpYWHV6YWtDaWItNUxSVURQcG5pRDQwd2cyck1nWFdZSjFZcmgySFUxUklRVThpbFh2UXZtRURNVUNwZ0Rnb1dnS1libU9nS1ZiZ1RFLTFUYy1SWEpkbXlkRlhyVlRVdGd0Y0NRNC1yWVNSa1d5Y1h4WlZlMEprdHEyVVRPQkM4bWczeU14MWVjWUHSAdQBQVVfeXFMT1F3VFNSNzlBRFE1b0lOMFpqRXlfd3RVelhqZGlUSjM0MFFXN1Bqc3RFNkV1SUhmLVNfX3BicW45R2d3S01GT2U1S2x0czlYZTRlMzRGMFA3LTY4M0IxYmFEb3FzUG5zUVlPejNqSnlKdGhSQWtDSGhsMEpnYzFoX0lNNXo3R3ZoVGtxWHVxQ3JrME0xd0JqUGszNmt5STJPcXlxTEMwOERNOVdhMkxmUXFpU1lwOTNrZlhDVVJFcWRoaE1MZk80QWMtNWcwZGUwT05LVGg?oc=5\" target=\"_blank\" rel=\"nofollow noopener\">&#8216;Este \u00e9 nosso hemisf\u00e9rio&#8217;: governo dos EUA faz post ap\u00f3s opera\u00e7\u00e3o na Venezuela<\/a>&nbsp;&nbsp;G1<\/li>\n<li><a href=\"https:\/\/news.google.com\/rss\/articles\/CBMi7wFBVV95cUxNcmxBcV9INW1ac3BiNkZ4OGNrbG8tdW5wMDdwdDdLb2F3MDNNZjVhTHFsY2dvUl9Fcmp2d19JR01PT3Z0YTRVUTVPallzUXF2YU0wMTZ4U0g5eTdzNlZVTnM5dUpZUTJib3h5S3hHZUtNQnNqdHFRQUtZQ3RkMnYwd0trME5sMWdIeVg1SHc2OUlCV193dmlONFFTMkdWc2NES25hYmdKN2VZdVhyRXFSZzNRQlFnTGcyal9XTUktakkwMDNQMU1SVnhXZ3Q0WlRWZG1JdFJLUHhIR1gwWUNieDdPNVZ0ZU1rbmZERTl6QQ?oc=5\" target=\"_blank\" rel=\"nofollow noopener\">Em 2020, Delcy Rodr\u00edguez falava sobre inten\u00e7\u00e3o de Trump de desestabilizar Venezuela: \u2018N\u00e3o temos um segundo de respiro\u2019<\/a>&nbsp;&nbsp;Brasil de Fato<\/li>\n<li><a href=\"https:\/\/news.google.com\/rss\/articles\/CBMinwFBVV95cUxNV3liYjRLZ2c3NWNnWV9WdWpjQlZmaWNzTmlac3RmX3IwMnBlbVZOb1V5UkpkT25IYlh0VmttRW5Nem1DMllWVFRkeTdaamstazc3bUlydFFvUGxpVDN4Y0FaMkFJNUIxQnNQQXFMMFF1N25tbWM1WW9uNW56dzdhQ1g5Z0J5b1RLamlNRXFkdTJkVFNXNDZfS3B2LU14Z2M?oc=5\" target=\"_blank\" rel=\"nofollow noopener\">Confira a den\u00fancia dos EUA que leva Maduro a julgamento por narcoterrorismo<\/a>&nbsp;&nbsp;Migalhas<\/li>\n<li><a href=\"https:\/\/news.google.com\/rss\/articles\/CBMiogFBVV95cUxPc0lxakFyTlpqeHlTUlM5Q1d0aXc1cTFBeVBBaWwyMHlQUUZEdGdWYmo3S2wyN081WXZDUWlIVHJKWFBPWjRjVlRWTmhicDlKVzdKblRxQ3RGcWhJQWZGUEVEYW96czgyUVZVNDVaRTFDSXc3NVV5Y2ZiM05IUUx6UnRVeDRBd0RoUEIxYnRvTUx2WVliS1NuUEsxQmJ5eVZLVkE?oc=5\" target=\"_blank\" rel=\"nofollow noopener\">Lula teve conversa com presidente interina da Venezuela por telefone<\/a>&nbsp;&nbsp;CNN Brasil<\/li>\n<\/ol>\n","protected":false},"excerpt":{"rendered":"\u2018Drones\u2019 abatidos perto do pal\u00e1cio presidencial, Delcy Rodr\u00edguez toma posse como Presidente interina&nbsp;&nbsp;Expresso &#8216;Este \u00e9 nosso hemisf\u00e9rio&#8217;: governo&hellip;\n","protected":false},"author":2,"featured_media":216886,"comment_status":"","ping_status":"","sticky":false,"template":"","format":"standard","meta":{"footnotes":""},"categories":[8],"tags":[27,28,15,16,14,25,26,21,22,12,13,19,20,32,23,24,33,17,18,29,30,31],"class_list":{"0":"post-216885","1":"post","2":"type-post","3":"status-publish","4":"format-standard","5":"has-post-thumbnail","7":"category-principais-noticias","8":"tag-breaking-news","9":"tag-breakingnews","10":"tag-featured-news","11":"tag-featurednews","12":"tag-headlines","13":"tag-latest-news","14":"tag-latestnews","15":"tag-main-news","16":"tag-mainnews","17":"tag-news","18":"tag-noticias","19":"tag-noticias-principais","20":"tag-noticiasprincipais","21":"tag-portugal","22":"tag-principais-noticias","23":"tag-principaisnoticias","24":"tag-pt","25":"tag-top-stories","26":"tag-topstories","27":"tag-ultimas","28":"tag-ultimas-noticias","29":"tag-ultimasnoticias"},"share_on_mastodon":{"url":"https:\/\/pubeurope.com\/@pt\/115845786734206522","error":""},"_links":{"self":[{"href":"https:\/\/www.europesays.com\/pt\/wp-json\/wp\/v2\/posts\/216885","targetHints":{"allow":["GET"]}}],"collection":[{"href":"https:\/\/www.europesays.com\/pt\/wp-json\/wp\/v2\/posts"}],"about":[{"href":"https:\/\/www.europesays.com\/pt\/wp-json\/wp\/v2\/types\/post"}],"author":[{"embeddable":true,"href":"https:\/\/www.europesays.com\/pt\/wp-json\/wp\/v2\/users\/2"}],"replies":[{"embeddable":true,"href":"https:\/\/www.europesays.com\/pt\/wp-json\/wp\/v2\/comments?post=216885"}],"version-history":[{"count":0,"href":"https:\/\/www.europesays.com\/pt\/wp-json\/wp\/v2\/posts\/216885\/revisions"}],"wp:featuredmedia":[{"embeddable":true,"href":"https:\/\/www.europesays.com\/pt\/wp-json\/wp\/v2\/media\/216886"}],"wp:attachment":[{"href":"https:\/\/www.europesays.com\/pt\/wp-json\/wp\/v2\/media?parent=216885"}],"wp:term":[{"taxonomy":"category","embeddable":true,"href":"https:\/\/www.europesays.com\/pt\/wp-json\/wp\/v2\/categories?post=216885"},{"taxonomy":"post_tag","embeddable":true,"href":"https:\/\/www.europesays.com\/pt\/wp-json\/wp\/v2\/tags?post=216885"}],"curies":[{"name":"wp","href":"https:\/\/api.w.org\/{rel}","templated":true}]}}