{"id":216911,"date":"2026-01-06T02:49:13","date_gmt":"2026-01-06T02:49:13","guid":{"rendered":"https:\/\/www.europesays.com\/pt\/216911\/"},"modified":"2026-01-06T02:49:13","modified_gmt":"2026-01-06T02:49:13","slug":"sindae-ba-gota-dagua-sindae-exige-postura-mais-firme-da-embasa-frente-as-falhas-da-promedica","status":"publish","type":"post","link":"https:\/\/www.europesays.com\/pt\/216911\/","title":{"rendered":"Sindae-BA &#8211; Gota D&#8217;\u00e1gua &#8211; Sindae exige postura mais firme da Embasa frente \u00e0s falhas da Prom\u00e9dica"},"content":{"rendered":"<p>O Sindae esteve, na tarde desta segunda-feira (05\/01), reunido com o Diretor de Gest\u00e3o Corporativa (DG), Jazon J\u00fanior, para cobrar uma postura mais en\u00e9rgica diante da enorme quantidade de problemas e queixas que v\u00eam surgindo em todo o estado em rela\u00e7\u00e3o \u00e0 falta de cobertura de atendimento em cl\u00ednicas, laborat\u00f3rios e hospitais por parte da nova operadora da assist\u00eancia m\u00e9dica, a Prom\u00e9dica.<\/p>\n<p>Embora a empresa esteja em fase de implementa\u00e7\u00e3o do contrato, a Prom\u00e9dica \u00e9 uma velha conhecida da Embasa, que j\u00e1 deveria prever os problemas recorrentes enfrentados por seus benefici\u00e1rios e adotar a\u00e7\u00f5es mais efetivas de fiscaliza\u00e7\u00e3o e cobran\u00e7a, a fim de garantir um atendimento digno aos empregados. Afinal, trata-se de um contrato significativo, no valor de R$ 144 milh\u00f5es por ano, que abrange cerca de 15 mil vidas.<\/p>\n<p>Na reuni\u00e3o com o Diretor da DG, a dire\u00e7\u00e3o do sindicato apresentou uma rela\u00e7\u00e3o com diversas reclama\u00e7\u00f5es repassadas pela categoria, envolvendo munic\u00edpios como Ipia\u00fa, Itabuna, Santo Ant\u00f4nio de Jesus, Senhor do Bonfim, Teixeira de Freitas e Salvador. A queixa geral \u00e9 de que a Prom\u00e9dica estaria divulgando um rol de credenciamento que n\u00e3o condiz com a realidade, uma vez que muitas das unidades listadas como \u201ccredenciadas\u201d alegam a exist\u00eancia de d\u00e9bitos antigos por parte da operadora e, por isso, se recusam a prestar atendimento, apontando a Prom\u00e9dica como m\u00e1 pagadora.<\/p>\n<p>O Sindae tamb\u00e9m voltou a cobrar a contrata\u00e7\u00e3o da cl\u00ednica CAM. De acordo com Jazon, \u00e0 medida que as demandas cheguem ao seu conhecimento, ele se comprometeu a trat\u00e1-las e a buscar solu\u00e7\u00f5es junto ao plano de sa\u00fade.<\/p>\n<p>Vamos \u00e0 luta!<\/p>\n","protected":false},"excerpt":{"rendered":"O Sindae esteve, na tarde desta segunda-feira (05\/01), reunido com o Diretor de Gest\u00e3o Corporativa (DG), Jazon J\u00fanior,&hellip;\n","protected":false},"author":2,"featured_media":216912,"comment_status":"","ping_status":"","sticky":false,"template":"","format":"standard","meta":{"footnotes":""},"categories":[84],"tags":[109,107,108,38826,32,33,105,103,104,106,110],"class_list":{"0":"post-216911","1":"post","2":"type-post","3":"status-publish","4":"format-standard","5":"has-post-thumbnail","7":"category-ciencia-e-tecnologia","8":"tag-ciencia","9":"tag-ciencia-e-tecnologia","10":"tag-cienciaetecnologia","11":"tag-keywords","12":"tag-portugal","13":"tag-pt","14":"tag-science","15":"tag-science-and-technology","16":"tag-scienceandtechnology","17":"tag-technology","18":"tag-tecnologia"},"share_on_mastodon":{"url":"https:\/\/pubeurope.com\/@pt\/115845881044291377","error":""},"_links":{"self":[{"href":"https:\/\/www.europesays.com\/pt\/wp-json\/wp\/v2\/posts\/216911","targetHints":{"allow":["GET"]}}],"collection":[{"href":"https:\/\/www.europesays.com\/pt\/wp-json\/wp\/v2\/posts"}],"about":[{"href":"https:\/\/www.europesays.com\/pt\/wp-json\/wp\/v2\/types\/post"}],"author":[{"embeddable":true,"href":"https:\/\/www.europesays.com\/pt\/wp-json\/wp\/v2\/users\/2"}],"replies":[{"embeddable":true,"href":"https:\/\/www.europesays.com\/pt\/wp-json\/wp\/v2\/comments?post=216911"}],"version-history":[{"count":0,"href":"https:\/\/www.europesays.com\/pt\/wp-json\/wp\/v2\/posts\/216911\/revisions"}],"wp:featuredmedia":[{"embeddable":true,"href":"https:\/\/www.europesays.com\/pt\/wp-json\/wp\/v2\/media\/216912"}],"wp:attachment":[{"href":"https:\/\/www.europesays.com\/pt\/wp-json\/wp\/v2\/media?parent=216911"}],"wp:term":[{"taxonomy":"category","embeddable":true,"href":"https:\/\/www.europesays.com\/pt\/wp-json\/wp\/v2\/categories?post=216911"},{"taxonomy":"post_tag","embeddable":true,"href":"https:\/\/www.europesays.com\/pt\/wp-json\/wp\/v2\/tags?post=216911"}],"curies":[{"name":"wp","href":"https:\/\/api.w.org\/{rel}","templated":true}]}}