{"id":216913,"date":"2026-01-06T02:57:12","date_gmt":"2026-01-06T02:57:12","guid":{"rendered":"https:\/\/www.europesays.com\/pt\/216913\/"},"modified":"2026-01-06T02:57:12","modified_gmt":"2026-01-06T02:57:12","slug":"secret-story-ines-gama-quebra-o-silencio-sobre-vera-esta-a-tentar-aparecer","status":"publish","type":"post","link":"https:\/\/www.europesays.com\/pt\/216913\/","title":{"rendered":"Secret Story&#8221;. In\u00eas Gama quebra o sil\u00eancio sobre Vera: &#8220;Est\u00e1 a tentar aparecer"},"content":{"rendered":"<p>In\u00eas Gama esteve \u00e0 conversa com Cristina Ferreira, no programa &#8220;Dois \u00e0s 10&#8221;, da TVI, e deixou claro que n\u00e3o tenciona falar com <a href=\"https:\/\/selfie.iol.pt\/famosos\/vera\/secret-story-vera-faz-importante-anuncio-em-breve\/20251028\/6900cdafd34e58bc679766b6\" target=\"_blank\" rel=\"nofollow noopener\">Vera Cl\u00e1udia<\/a>.<\/p>\n<p>&#8220;N\u00e3o, acho que \u00e9 algo que n\u00e3o vai acontecer. Eu acho que s\u00e3o pessoas que est\u00e3o a alimentar-se do que aconteceu dentro da casa e \u00e9 algo que eu n\u00e3o quero fazer. Foi um jogo para mim, acabou. O que interessa \u00e9 a minha vida agora aqui fora&#8221;, come\u00e7ou por dizer a jovem.<\/p>\n<p>&#8220;N\u00e3o tenho no\u00e7\u00e3o de muita coisa, porque tamb\u00e9m n\u00e3o fiz quest\u00e3o de ver. Estive muito na minha bolha estes dias. Portanto, sim, considero que est\u00e1 a tentar continuar a aparecer por tudo o que aconteceu. E eu estou, sem d\u00favida, mais interessada em viver a minha vida agora aqui fora&#8221;, continuou a namorada de Dylan Fonte.<\/p>\n<p>&#8220;Eu entrei no jogo de brincar ali e todos sabiam, e eu falava com o Dylan sobre isso regularmente. No entanto, eu dei um bocadinho [espa\u00e7o] e comecei a sentir-me mal quando percebi que efetivamente poderia haver algum sentimento verdadeiro do lado dela e n\u00e3o ser jogo. Hoje em dia, duvido, acho que foi muito jogo na mesma do lado dela tamb\u00e9m. N\u00e3o posso mudar o que aconteceu e a \u00fanica coisa que achei que deveria fazer foi pedir desculpa se a magoei de algum modo&#8221;, disse, ainda, In\u00eas Gama.<\/p>\n<p>A vice-campe\u00e3 da nona edi\u00e7\u00e3o do &#8220;Secret Story&#8221; desmentiu, ainda, os rumores de uma intimidade maior entre as duas, nomeadamente em rela\u00e7\u00e3o \u00e0 troca de mensagens escritas nas m\u00e3os.<\/p>\n<p>&#8220;Isso n\u00e3o aconteceu. Na primeira semana mais ou menos, e na segunda, havia um apoio uma da outra e a Vera n\u00e3o estava feliz l\u00e1 dentro da casa e ela at\u00e9 disse que d\u00e1vamos as m\u00e3os a dormir durante a noite porque ela adormecia praticamente sempre mal, a chorar.\u00a0N\u00e3o era algo que eu me sentisse bem, como \u00e9 \u00f3bvio, mas al\u00e9m disso n\u00e3o, n\u00e3o acontecia mais nada&#8221;, findou.<\/p>\n<p>Veja, agora, o v\u00eddeo.<\/p>\n","protected":false},"excerpt":{"rendered":"In\u00eas Gama esteve \u00e0 conversa com Cristina Ferreira, no programa &#8220;Dois \u00e0s 10&#8221;, da TVI, e deixou claro&hellip;\n","protected":false},"author":2,"featured_media":216914,"comment_status":"","ping_status":"","sticky":false,"template":"","format":"standard","meta":{"footnotes":""},"categories":[142],"tags":[114,115,980,25393,619,32,33,1014,1315,1012,151,162,11841],"class_list":{"0":"post-216913","1":"post","2":"type-post","3":"status-publish","4":"format-standard","5":"has-post-thumbnail","7":"category-tv","8":"tag-entertainment","9":"tag-entretenimento","10":"tag-famosos","11":"tag-ines-gama","12":"tag-nacional","13":"tag-portugal","14":"tag-pt","15":"tag-reality-show","16":"tag-secret-story","17":"tag-selfie","18":"tag-tv","19":"tag-tvi","20":"tag-vera"},"share_on_mastodon":{"url":"https:\/\/pubeurope.com\/@pt\/115845912500958215","error":""},"_links":{"self":[{"href":"https:\/\/www.europesays.com\/pt\/wp-json\/wp\/v2\/posts\/216913","targetHints":{"allow":["GET"]}}],"collection":[{"href":"https:\/\/www.europesays.com\/pt\/wp-json\/wp\/v2\/posts"}],"about":[{"href":"https:\/\/www.europesays.com\/pt\/wp-json\/wp\/v2\/types\/post"}],"author":[{"embeddable":true,"href":"https:\/\/www.europesays.com\/pt\/wp-json\/wp\/v2\/users\/2"}],"replies":[{"embeddable":true,"href":"https:\/\/www.europesays.com\/pt\/wp-json\/wp\/v2\/comments?post=216913"}],"version-history":[{"count":0,"href":"https:\/\/www.europesays.com\/pt\/wp-json\/wp\/v2\/posts\/216913\/revisions"}],"wp:featuredmedia":[{"embeddable":true,"href":"https:\/\/www.europesays.com\/pt\/wp-json\/wp\/v2\/media\/216914"}],"wp:attachment":[{"href":"https:\/\/www.europesays.com\/pt\/wp-json\/wp\/v2\/media?parent=216913"}],"wp:term":[{"taxonomy":"category","embeddable":true,"href":"https:\/\/www.europesays.com\/pt\/wp-json\/wp\/v2\/categories?post=216913"},{"taxonomy":"post_tag","embeddable":true,"href":"https:\/\/www.europesays.com\/pt\/wp-json\/wp\/v2\/tags?post=216913"}],"curies":[{"name":"wp","href":"https:\/\/api.w.org\/{rel}","templated":true}]}}