{"id":216923,"date":"2026-01-06T03:11:13","date_gmt":"2026-01-06T03:11:13","guid":{"rendered":"https:\/\/www.europesays.com\/pt\/216923\/"},"modified":"2026-01-06T03:11:13","modified_gmt":"2026-01-06T03:11:13","slug":"virginia-fonseca-ganha-presente-inusitado-e-se-encanta","status":"publish","type":"post","link":"https:\/\/www.europesays.com\/pt\/216923\/","title":{"rendered":"Virginia Fonseca ganha presente inusitado e se encanta"},"content":{"rendered":"<p>Nesta segunda-feira, 5, a influenciadora <a href=\"https:\/\/caras.com.br\/tags\/virginia-fonseca\" rel=\"nofollow noopener\" target=\"_blank\"><strong>Virginia Fonseca<\/strong><\/a> compartilhou com seus seguidores um presente inusitado. A empres\u00e1ria ganhou uma jaqueta personalizada com o rosto de <strong>Vini Jr<\/strong>, seu namorado, e divulgou sua rea\u00e7\u00e3o.<\/p>\n<p>O presente foi feito \u00e0 m\u00e3o e cont\u00e9m o rosto do jogador bordado nas costas, al\u00e9m de alguns detalhes nas mangas.\u201cOlha essa jaqueta, que perfei\u00e7\u00e3o. Tudo feito \u00e0 m\u00e3o\u201d, escreveu a famosa em seus stories. Ela agradeceu Ariadne Lobo, a artista respons\u00e1vel pelo item. \u201cJ\u00e1 quero mais pe\u00e7as exclusivas, voc\u00ea est\u00e1 ferrada [risos]\u201d, brincou a apresentadora.<\/p>\n<p>Em seguida, a influenciadora vestiu a jaqueta e apareceu em seus stories. \u201cAmei, amei, amei\u201d, destacou a famosa. \u201cEu encontrei com a Ariadne no ano novo e ela me disse: \u2018Vi, to fazendo uma jaqueta pra voc\u00ea, s\u00f3 que \u00e9 surpresa. Vou te entregar\u2019\u201d, contou Virginia.<\/p>\n<p>Ao mostrar os detalhes da pe\u00e7a de roupa, a influenciadora revelou ter ficado encantada com o item exclusivo. \u201cGente, olha isso! Tipo, muito linda e [ainda] tem bolsos aqui. Eu estou de cara (\u2026) \u00c9 diferente de tudo o que eu j\u00e1 vi. Eu nunca vi uma jaqueta bordada t\u00e3o bonita, t\u00e3o perfeita\u201d, afirmou ela.<\/p>\n<p>\t Confira! <img loading=\"lazy\" decoding=\"async\" class=\"size-full wp-image-1053243 img-fluid lazy\" alt=\"Jaqueta de Virginia - Foto: Reprodu\u00e7\u00e3o\/Instagram\" width=\"828\" height=\"1388\" src=\"https:\/\/www.europesays.com\/pt\/wp-content\/uploads\/2026\/01\/vini-jr-jaqueta.jpg\"  \/>Jaqueta de Virginia \u2013 Foto: Reprodu\u00e7\u00e3o\/Instagram <img loading=\"lazy\" decoding=\"async\" class=\"size-full wp-image-1053245 img-fluid lazy\" alt=\"Jaqueta de Virginia - Foto: Reprodu\u00e7\u00e3o\/Instagram\" width=\"828\" height=\"1398\" src=\"https:\/\/www.europesays.com\/pt\/wp-content\/uploads\/2026\/01\/virginia-jaqueta.jpg\"  \/>Jaqueta de Virginia \u2013 Foto: Reprodu\u00e7\u00e3o\/Instagram <img loading=\"lazy\" decoding=\"async\" class=\"size-full wp-image-1053246 img-fluid lazy\" alt=\"Jaqueta de Virginia - Foto: Reprodu\u00e7\u00e3o\/Instagram\" width=\"828\" height=\"1437\" src=\"https:\/\/www.europesays.com\/pt\/wp-content\/uploads\/2026\/01\/virginia-jaqueta-vini-jr.jpg\"  \/>Jaqueta de Virginia \u2013 Foto: Reprodu\u00e7\u00e3o\/Instagram <img loading=\"lazy\" decoding=\"async\" class=\"size-full wp-image-1053247 img-fluid lazy\" alt=\"Jaqueta de Virginia - Foto: Reprodu\u00e7\u00e3o\/Instagram\" width=\"828\" height=\"1400\" src=\"https:\/\/www.europesays.com\/pt\/wp-content\/uploads\/2026\/01\/jaqueta-vini-jr.jpg\"  \/>Jaqueta de Virginia \u2013 Foto: Reprodu\u00e7\u00e3o\/Instagram Virginia em Madri <\/p>\n<p>A influenciadora Virginia Fonseca passou os \u00faltimos dias em Madri, na Espanha, na casa de seu namorado, o jogador Vini Jr. Ela aproveitou para passar a virada de ano no local, junto de seus filhos: <strong>Maria Alice<\/strong>, <strong>Maria Flor<\/strong> e <strong>Jos\u00e9 Leonardo,<\/strong> frutos de seu antigo relacionamento com <strong>Z\u00e9 Felipe<\/strong>.<\/p>\n<p>No \u00faltimo domingo, 4, a famosa marcou presen\u00e7a no est\u00e1dio Santiago Bernab\u00e9u para torcer pelo amado na partida do Real Madrid contra o Betis. Na ocasi\u00e3o, a influenciadora foi acompanhada de seus herdeiros e chamou a aten\u00e7\u00e3o nas redes sociais pela fofura dos pequenos.<\/p>\n<p><strong>Leia tamb\u00e9m:\u00a0<\/strong><a href=\"https:\/\/caras.com.br\/kids\/vini-jr-reage-ao-ver-fotos-dos-filhos-de-virginia-assistindo-ao-seu-jogo-demais.phtml\" rel=\"nofollow noopener\" target=\"_blank\">Vini Jr. reage ao ver fotos dos filhos de Virginia assistindo ao seu jogo: \u2018Demais\u2019<\/a><\/p>\n<p>        <a href=\"https:\/\/caras.com.br\/autor\/giovanna-f-campos\" rel=\"nofollow noopener\" target=\"_blank\">&#13;<br \/>\n          <img loading=\"lazy\" decoding=\"async\" alt=\"Giovanna F Campos\" src=\"https:\/\/www.europesays.com\/pt\/wp-content\/uploads\/2025\/09\/1758588909_721_525986578_1657136028311574_5510063872310493577_n-150x150.jpg\" class=\"avatar avatar-115 photo rounded-circle\" height=\"115\" width=\"115\"\/>        <\/a><\/p>\n<p>Giovanna F Campos \u00e9 estudante de jornalismo pela Faculdade C\u00e1sper L\u00edbero, apaixonada por entretenimento e literatura.<\/p>\n","protected":false},"excerpt":{"rendered":"Nesta segunda-feira, 5, a influenciadora Virginia Fonseca compartilhou com seus seguidores um presente inusitado. A empres\u00e1ria ganhou uma&hellip;\n","protected":false},"author":2,"featured_media":216924,"comment_status":"","ping_status":"","sticky":false,"template":"","format":"standard","meta":{"footnotes":""},"categories":[145],"tags":[211,210,114,115,42183,42184,4319,32,33,3126,973],"class_list":{"0":"post-216923","1":"post","2":"type-post","3":"status-publish","4":"format-standard","5":"has-post-thumbnail","7":"category-celebridades","8":"tag-celebridades","9":"tag-celebrities","10":"tag-entertainment","11":"tag-entretenimento","12":"tag-item-exclusivo","13":"tag-jaqueta","14":"tag-look","15":"tag-portugal","16":"tag-pt","17":"tag-vini-jr","18":"tag-virginia"},"share_on_mastodon":{"url":"https:\/\/pubeurope.com\/@pt\/115845967594005782","error":""},"_links":{"self":[{"href":"https:\/\/www.europesays.com\/pt\/wp-json\/wp\/v2\/posts\/216923","targetHints":{"allow":["GET"]}}],"collection":[{"href":"https:\/\/www.europesays.com\/pt\/wp-json\/wp\/v2\/posts"}],"about":[{"href":"https:\/\/www.europesays.com\/pt\/wp-json\/wp\/v2\/types\/post"}],"author":[{"embeddable":true,"href":"https:\/\/www.europesays.com\/pt\/wp-json\/wp\/v2\/users\/2"}],"replies":[{"embeddable":true,"href":"https:\/\/www.europesays.com\/pt\/wp-json\/wp\/v2\/comments?post=216923"}],"version-history":[{"count":0,"href":"https:\/\/www.europesays.com\/pt\/wp-json\/wp\/v2\/posts\/216923\/revisions"}],"wp:featuredmedia":[{"embeddable":true,"href":"https:\/\/www.europesays.com\/pt\/wp-json\/wp\/v2\/media\/216924"}],"wp:attachment":[{"href":"https:\/\/www.europesays.com\/pt\/wp-json\/wp\/v2\/media?parent=216923"}],"wp:term":[{"taxonomy":"category","embeddable":true,"href":"https:\/\/www.europesays.com\/pt\/wp-json\/wp\/v2\/categories?post=216923"},{"taxonomy":"post_tag","embeddable":true,"href":"https:\/\/www.europesays.com\/pt\/wp-json\/wp\/v2\/tags?post=216923"}],"curies":[{"name":"wp","href":"https:\/\/api.w.org\/{rel}","templated":true}]}}