{"id":216943,"date":"2026-01-06T03:37:06","date_gmt":"2026-01-06T03:37:06","guid":{"rendered":"https:\/\/www.europesays.com\/pt\/216943\/"},"modified":"2026-01-06T03:37:06","modified_gmt":"2026-01-06T03:37:06","slug":"colombia-cuba-mexico-irao-e-gronelandia-depois-da-intervencao-na-venezuela-trump-faz-novas-ameacas-cmjornal-pt","status":"publish","type":"post","link":"https:\/\/www.europesays.com\/pt\/216943\/","title":{"rendered":"Col\u00f4mbia, Cuba, M\u00e9xico, Ir\u00e3o e Gronel\u00e2ndia. Depois da interven\u00e7\u00e3o na Venezuela, Trump faz novas amea\u00e7as &#8211; cmjornal.pt"},"content":{"rendered":"<ol>\n<li><a href=\"https:\/\/news.google.com\/rss\/articles\/CBMi-wFBVV95cUxOczJnZkxKR01UQkVPWW92VklpM0F0a0tFZmFCR3NLRl9BZnlDNTNGRGZaNU5idW1rdlRGSmtXQ3htYXFWMXhrdVhfLVdXUTFpT3NhNGVOMmwzS1d0ckVVTnF0X3dNb2FKS0M5ZFJENnkwak1zN1g1N0tyNFA4Sm9EaVYyZ0dmWTJFTWxtb05KaURWQWhvdjBBV0RtU280eGtVRmEwRmIxMGxQbkFRaW44Y3JmazFLMWszcE1vWjZzNXFuUWRZbnpQazRwLWdiaUc1OUo0RFBEbHpHWXc5MWw2SlE1a0dyRWNBbzBYOUlraFlPcVoxV2NhaFd2NNIB9gFBVV95cUxQWUJqQVh0TmhaeGktWjRMVUJIaHgtSnRTeVFhZDBKRFFuYWpuQ1R4b09xV1A5Wi1SQ3RycGtMZVREM092WHA3U2RWaFg1NS1CQk9Ta2pROENweFdIWURDTkpETTNGbXpzUjdTdmJmLW5yOTFkTUJueXJ0azlNaEpSLTBRWGRzbG1ndmZfWFR1Rjhrb2x6aVBaT3pmZ0Q5VTdxMTYyMElUNlFWMXNkeUNjRUVNaVlKQ1hPT212QWdpRHcwVHJETmVUMG90WDdIcWg1d2ZOOTVOdlFDalJyZnFLdUg3MkVxa3EtYXMzZ3c1X0IwWFlsOWc?oc=5\" target=\"_blank\" rel=\"nofollow noopener\">Col\u00f4mbia, Cuba, M\u00e9xico, Ir\u00e3o e Gronel\u00e2ndia. Depois da interven\u00e7\u00e3o na Venezuela, Trump faz novas amea\u00e7as<\/a>&nbsp;&nbsp;cmjornal.pt<\/li>\n<li><a href=\"https:\/\/news.google.com\/rss\/articles\/CBMi9wFBVV95cUxNQUtnS2xNY3BWR092WnlISTdEaWdIRksxVUlXQllIQlFTelVpOGQ2d01NOEpVX2l1WVlKbUJaa1lPZHpvNktWR0pKVXVWVUlCQW82aEhyRnUtTzZfdkU2RlBod2hDa2M2NUdVWnZsRkkxdDNmbm9yZjltdmV5R1RYbGhZb2pGVVNZeGNtM0ZVeE84dUFGc3JLcTZVWDBFbFhELS1ZMm1jSXBzU2FmdmxOVklUYk9DRmxjSVc4bWVpTGUwSHdaMzQ4WXpQTG1IMy04Mm80LTExNk9VcEIxd2RLY2ltSWNpSkZoc1FMM3RiVDlNX3V0cENR0gGGAkFVX3lxTE5Gamg5OFY2aklKT19iZmdpSHZDQVFNcVN6OU5wa3pyWkZfdHZvMWtYQnFWazZqNXZXRlVJc3NxUHExS2Vaam9RTElWOVFGbHdrQWs3RERVNi1tWmVKeFNTMHQwaU4xaEx0LVZTWlAxZzNTdmVyQjNIa2pDbnZHZTJIZXJoZ3B4bGJyX1MtSjRVaUxHTVF4XzFybTA5ZFR4NkhHY3U0RDhVb0tQY3R0QkI4VndndkRVeUx5NzlQTmgxSkZSa0FRRl9zYVh1S3kwdGZXa0lNUjU0Q1djbGNWUDFCYmxONHk5ajlrN0pPV3NfQXhMNWFsRXZKWjAxUFNKWUlJTmFvb3c?oc=5\" target=\"_blank\" rel=\"nofollow noopener\">Diplomatas e auxiliares de Lula avaliam que Cuba sofre maior risco com amea\u00e7a de Trump de novas interven\u00e7\u00f5es<\/a>&nbsp;&nbsp;O Globo<\/li>\n<li><a href=\"https:\/\/news.google.com\/rss\/articles\/CBMi3wFBVV95cUxQWURheHp6cEktWkd6S3p6WHA4U01DakYzNVgwNGFOQ1hwd05XSS1MQ3A5UW5ldVpQQnNfRVZuOFF3SnYyLVMwWmN6T1JmRUVQdGs3ZUtLcktvZGJWWi1xMVRjMDdjWDQ0WFpxM0V3RHlUTC12N3RNdVhURXNyZE14Yl9YblM4Wm9pLW8wWXNNQ2lUeTNDaVRiaXRmWjVPckZhSmdKOFkzSXhUeWdjUGNOU0dpTVppWW5yZXR4M3BhdXJoNEg1Wnl3MXcwbW9KVTA1X2RGR01tY2dYZTJoRjhj0gHkAUFVX3lxTE1pTDZBNmp1ZlJJT1p1OEthZVl0bWJ2OXAwN3M0dmR1Qmd1X0xPYnJVU1p3UjFHVHBTQUp1ekh0NTNya1NNSHljeWtsZmJidC01OHBHUlJSd3pHVnU3aVhVOWxIUWNMWVJfbC11VkFtbF9RVjc5S1dwUU9KUmF3NEF2aU9pQUlaS3NHSGdLSlVBZzFPMmNURlBfbHBpSm8tLUU5YVowTXMydlBvSTlsNXJ5VkxORDdGcmxGYmVIWUhlUzk2MTQwVXpGRGdrRmtSRFZlWFZ2Q3J5TGZXTnR0YU5YdklScA?oc=5\" target=\"_blank\" rel=\"nofollow noopener\">Ap\u00f3s festa por queda de Maduro, apreens\u00e3o sobre futuro toma conta da fronteira Col\u00f4mbia-Venezuela<\/a>&nbsp;&nbsp;Folha de S.Paulo<\/li>\n<li><a href=\"https:\/\/news.google.com\/rss\/articles\/CBMiwwFBVV95cUxNTmVYSGl6eTBad3RVR09xai1BT2x1Sl8zMVlfN0tneW5VWFlOLU9BbzJ5encxRllySGMybXo5QTlYTThFNWlZNkdhaUd3M1hWVWxEbFRYSlF3LUpTR3JkZVAzcE94UzFGNUZsb2xaLUJXcUVXSzZ3WFlYaVpoYVJGTnBkM21rRU5tOU92QmZSUWZHc2ZraVZlYUc5TjllVkNmY283Zm5GejJGN0hKMkt5djdreVp6R3V5ampYLWZXY1ZLVjg?oc=5\" target=\"_blank\" rel=\"nofollow noopener\">Ap\u00f3s fala de Trump, Petro diz que pegar\u00e1 em armas se necess\u00e1rio<\/a>&nbsp;&nbsp;Ag\u00eancia Brasil<\/li>\n<li><a href=\"https:\/\/news.google.com\/rss\/articles\/CBMi1wFBVV95cUxNdnlQV1BDN29uSU9xS0dKbjFtNENMaXJBLVhmR3V5d1dxeUhDWEl1X0paaGlIRW5EbXgxbXowTjYwYmpITE1rRGd5N2lHUmRtLWFaOUZjYTBRc0VsMElfUnlNWjRTSnVsZnQzZnlsbFVhd25valdoZWtHb1NIb0tZYXR3cWRDR29zdFdtbldBNlRrVVE1MWVFSnRnU1QzdDlnN1pHQmNabDFiRDkxVEFkRDlMV29jaUFHY0MwZVktU2dGZFRXQ1hQVHA1QS1nSmxSajFXTG1Maw?oc=5\" target=\"_blank\" rel=\"nofollow noopener\">\u201cPrefiro morrer aqui do que ser preso nos EUA\u201d, diz presidente esquerdista colombiano<\/a>&nbsp;&nbsp;R7<\/li>\n<\/ol>\n","protected":false},"excerpt":{"rendered":"Col\u00f4mbia, Cuba, M\u00e9xico, Ir\u00e3o e Gronel\u00e2ndia. Depois da interven\u00e7\u00e3o na Venezuela, Trump faz novas amea\u00e7as&nbsp;&nbsp;cmjornal.pt Diplomatas e auxiliares&hellip;\n","protected":false},"author":2,"featured_media":196976,"comment_status":"","ping_status":"","sticky":false,"template":"","format":"standard","meta":{"footnotes":""},"categories":[50],"tags":[27,28,15,16,14,25,26,21,22,62,12,13,19,20,23,24,17,18,29,30,31,63,64,65],"class_list":{"0":"post-216943","1":"post","2":"type-post","3":"status-publish","4":"format-standard","5":"has-post-thumbnail","7":"category-mundo","8":"tag-breaking-news","9":"tag-breakingnews","10":"tag-featured-news","11":"tag-featurednews","12":"tag-headlines","13":"tag-latest-news","14":"tag-latestnews","15":"tag-main-news","16":"tag-mainnews","17":"tag-mundo","18":"tag-news","19":"tag-noticias","20":"tag-noticias-principais","21":"tag-noticiasprincipais","22":"tag-principais-noticias","23":"tag-principaisnoticias","24":"tag-top-stories","25":"tag-topstories","26":"tag-ultimas","27":"tag-ultimas-noticias","28":"tag-ultimasnoticias","29":"tag-world","30":"tag-world-news","31":"tag-worldnews"},"share_on_mastodon":{"url":"https:\/\/pubeurope.com\/@pt\/115846069797736181","error":""},"_links":{"self":[{"href":"https:\/\/www.europesays.com\/pt\/wp-json\/wp\/v2\/posts\/216943","targetHints":{"allow":["GET"]}}],"collection":[{"href":"https:\/\/www.europesays.com\/pt\/wp-json\/wp\/v2\/posts"}],"about":[{"href":"https:\/\/www.europesays.com\/pt\/wp-json\/wp\/v2\/types\/post"}],"author":[{"embeddable":true,"href":"https:\/\/www.europesays.com\/pt\/wp-json\/wp\/v2\/users\/2"}],"replies":[{"embeddable":true,"href":"https:\/\/www.europesays.com\/pt\/wp-json\/wp\/v2\/comments?post=216943"}],"version-history":[{"count":0,"href":"https:\/\/www.europesays.com\/pt\/wp-json\/wp\/v2\/posts\/216943\/revisions"}],"wp:featuredmedia":[{"embeddable":true,"href":"https:\/\/www.europesays.com\/pt\/wp-json\/wp\/v2\/media\/196976"}],"wp:attachment":[{"href":"https:\/\/www.europesays.com\/pt\/wp-json\/wp\/v2\/media?parent=216943"}],"wp:term":[{"taxonomy":"category","embeddable":true,"href":"https:\/\/www.europesays.com\/pt\/wp-json\/wp\/v2\/categories?post=216943"},{"taxonomy":"post_tag","embeddable":true,"href":"https:\/\/www.europesays.com\/pt\/wp-json\/wp\/v2\/tags?post=216943"}],"curies":[{"name":"wp","href":"https:\/\/api.w.org\/{rel}","templated":true}]}}