{"id":216955,"date":"2026-01-06T03:53:09","date_gmt":"2026-01-06T03:53:09","guid":{"rendered":"https:\/\/www.europesays.com\/pt\/216955\/"},"modified":"2026-01-06T03:53:09","modified_gmt":"2026-01-06T03:53:09","slug":"candidatos-demarcam-se-do-governo-sobre-venezuela-e-condenam-o-regresso-da-lei-do-mais-forte-e-uma-violacao-do-direito-internacional","status":"publish","type":"post","link":"https:\/\/www.europesays.com\/pt\/216955\/","title":{"rendered":"Candidatos demarcam-se do Governo sobre Venezuela e condenam o regresso da \u201clei do mais forte\u201d e uma \u201cviola\u00e7\u00e3o do direito internacional\u201d"},"content":{"rendered":"<p>A ac\u00e7\u00e3o de Donald Trump na Venezuela teve o cond\u00e3o de n\u00e3o criar fissuras de maior entre os principais candidatos a Presidente da Rep\u00fablica, <a href=\"https:\/\/expresso.pt\/politica\/eleicoes\/presidenciais-2026\/2026-01-03-hoje-foi-a-venezuela-amanha-quem-sera--dos-candidatos-presidenciais-so-ventura-nao-critica-ataque-de-trump-mas-ha-tons-muito-diferentes-2f9f0213\" target=\"_blank\" rel=\"noopener noreferrer nofollow\">com exce\u00e7\u00e3o de Ventura<\/a>. Mas teve mostra uma demarca\u00e7\u00e3o em rela\u00e7\u00e3o ao Governo.<\/p>\n<p><a href=\"https:\/\/expresso.pt\/subscrever?action=GEN&amp;channel=BAF&amp;type=CAP&amp;source=WEB&amp;returnUrl=https:\/\/expresso.pt\/politica\/eleicoes\/presidenciais-2026\/campanha\/2026-01-05-candidatos-demarcam-se-do-governo-sobre-venezuela-e-condenam-o-regresso-da-lei-do-mais-forte-e-uma-violacao-do-direito-internacional-349cd9a6&amp;utm_source=expresso&amp;utm_medium=locked_article&amp;locked=true&amp;article_id=31433c95-0a49-48b7-b346-c057fd58ba3a&amp;author_id=Liliana+Valente,Rita+Dinis,Cl\u00e1udia+Monarca+Almeida,Liliana+Coelho,Margarida+Coutinho&amp;category=Campanha\" target=\"_self\" class=\"\" rel=\"nofollow noopener\">Subscrever<\/a>J\u00e1 \u00e9 Subscritor?Fa\u00e7a login e continue a ler<a href=\"http:\/\/expresso.pt\/codigo?redirectUrl=https:\/\/expresso.pt\/politica\/eleicoes\/presidenciais-2026\/campanha\/2026-01-05-candidatos-demarcam-se-do-governo-sobre-venezuela-e-condenam-o-regresso-da-lei-do-mais-forte-e-uma-violacao-do-direito-internacional-349cd9a6\" target=\"_self\" class=\"\" rel=\"nofollow noopener\">Inserir C\u00f3digo<\/a>Comprou o Expresso?Insira o c\u00f3digo presente na Revista E para continuar a ler<\/p>\n","protected":false},"excerpt":{"rendered":"A ac\u00e7\u00e3o de Donald Trump na Venezuela teve o cond\u00e3o de n\u00e3o criar fissuras de maior entre os&hellip;\n","protected":false},"author":2,"featured_media":216956,"comment_status":"","ping_status":"","sticky":false,"template":"","format":"standard","meta":{"footnotes":""},"categories":[10],"tags":[27,28,15,16,14,25,26,21,22,12,13,19,20,32,23,24,33,17,18,29,30,31],"class_list":{"0":"post-216955","1":"post","2":"type-post","3":"status-publish","4":"format-standard","5":"has-post-thumbnail","7":"category-portugal","8":"tag-breaking-news","9":"tag-breakingnews","10":"tag-featured-news","11":"tag-featurednews","12":"tag-headlines","13":"tag-latest-news","14":"tag-latestnews","15":"tag-main-news","16":"tag-mainnews","17":"tag-news","18":"tag-noticias","19":"tag-noticias-principais","20":"tag-noticiasprincipais","21":"tag-portugal","22":"tag-principais-noticias","23":"tag-principaisnoticias","24":"tag-pt","25":"tag-top-stories","26":"tag-topstories","27":"tag-ultimas","28":"tag-ultimas-noticias","29":"tag-ultimasnoticias"},"share_on_mastodon":{"url":"https:\/\/pubeurope.com\/@pt\/115846132698153259","error":""},"_links":{"self":[{"href":"https:\/\/www.europesays.com\/pt\/wp-json\/wp\/v2\/posts\/216955","targetHints":{"allow":["GET"]}}],"collection":[{"href":"https:\/\/www.europesays.com\/pt\/wp-json\/wp\/v2\/posts"}],"about":[{"href":"https:\/\/www.europesays.com\/pt\/wp-json\/wp\/v2\/types\/post"}],"author":[{"embeddable":true,"href":"https:\/\/www.europesays.com\/pt\/wp-json\/wp\/v2\/users\/2"}],"replies":[{"embeddable":true,"href":"https:\/\/www.europesays.com\/pt\/wp-json\/wp\/v2\/comments?post=216955"}],"version-history":[{"count":0,"href":"https:\/\/www.europesays.com\/pt\/wp-json\/wp\/v2\/posts\/216955\/revisions"}],"wp:featuredmedia":[{"embeddable":true,"href":"https:\/\/www.europesays.com\/pt\/wp-json\/wp\/v2\/media\/216956"}],"wp:attachment":[{"href":"https:\/\/www.europesays.com\/pt\/wp-json\/wp\/v2\/media?parent=216955"}],"wp:term":[{"taxonomy":"category","embeddable":true,"href":"https:\/\/www.europesays.com\/pt\/wp-json\/wp\/v2\/categories?post=216955"},{"taxonomy":"post_tag","embeddable":true,"href":"https:\/\/www.europesays.com\/pt\/wp-json\/wp\/v2\/tags?post=216955"}],"curies":[{"name":"wp","href":"https:\/\/api.w.org\/{rel}","templated":true}]}}