{"id":216957,"date":"2026-01-06T03:55:07","date_gmt":"2026-01-06T03:55:07","guid":{"rendered":"https:\/\/www.europesays.com\/pt\/216957\/"},"modified":"2026-01-06T03:55:07","modified_gmt":"2026-01-06T03:55:07","slug":"ator-celebra-17-anos-com-r-16-milhoes-e-vida-secreta-no-interior","status":"publish","type":"post","link":"https:\/\/www.europesays.com\/pt\/216957\/","title":{"rendered":"Ator celebra 17 anos com R$ 16 milh\u00f5es e vida secreta no interior"},"content":{"rendered":"<p><a href=\"https:\/\/caras.com.br\/tags\/walker-scobell\" rel=\"nofollow noopener\" target=\"_blank\"><strong>Walker Scobell<\/strong><\/a> completa 17 anos nesta segunda-feira, 5, vivendo um momento de consolida\u00e7\u00e3o profissional. O ator, protagonista da s\u00e9rie Percy Jackson e os Olimpianos (Disney+), acumula um patrim\u00f4nio estimado em US$ 3 milh\u00f5es, cerca de R$ 16 milh\u00f5es e mant\u00e9m sua resid\u00eancia fixa longe dos centros tradicionais de celebridades, na cidade de Fairview, Pensilv\u00e2nia.<\/p>\n<p>Mesmo sem a idade legal para administrar integralmente seus bens, Scobell construiu uma base financeira com atua\u00e7\u00f5es em O Projeto Adam (Netflix) e Secret Headquarters (Paramount+). Para a primeira temporada da franquia Percy Jackson, relat\u00f3rios da ind\u00fastria apontam um sal\u00e1rio entre US$ 30.000 e US$ 40.000 por epis\u00f3dio (R$ 162 mil a R$ 216 mil). Com a renova\u00e7\u00e3o da s\u00e9rie, a proje\u00e7\u00e3o \u00e9 que os contratos sejam renegociados com valores superiores para as pr\u00f3ximas fases.<\/p>\n<p> Gest\u00e3o financeira controlada <\/p>\n<p>Embora o patrim\u00f4nio esteja em expans\u00e3o, a movimenta\u00e7\u00e3o financeira do ator segue regulamenta\u00e7\u00f5es estatais estritas. Devido \u00e0 idade, Scobell est\u00e1 sujeito \u00e0 Lei Coogan da Calif\u00f3rnia. A legisla\u00e7\u00e3o determina que 15% dos ganhos brutos sejam compulsoriamente depositados em uma Coogan Account (conta fiduci\u00e1ria bloqueada).<\/p>\n<p><strong>Leia tamb\u00e9m<\/strong>: <a href=\"https:\/\/caras.com.br\/atualidades\/ator-com-patrimonio-de-cerca-de-us-120-milhoes-e-um-dos-nomes-mais-respeitados-de-hollywood.phtml\" rel=\"nofollow noopener\" target=\"_blank\">Ator com patrim\u00f4nio de cerca de US$ 120 milh\u00f5es \u00e9 um dos nomes mais respeitados de Hollywood<\/a><\/p>\n<p>O montante acumulado neste fundo, protegido de empres\u00e1rios e familiares, s\u00f3 poder\u00e1 ser movimentado pelo ator ao atingir a maioridade legal.<\/p>\n<p> <img loading=\"lazy\" decoding=\"async\" class=\"wp-image-1053331 size-full img-fluid lazy\" alt=\"\" width=\"1080\" height=\"1350\" src=\"https:\/\/www.europesays.com\/pt\/wp-content\/uploads\/2026\/01\/Walker-Scobell-1.jpg\"  \/>Walker Scobell \u2013 Foto: Instagram Longe de Hollywood <\/p>\n<p>Ao contr\u00e1rio de outros nomes do entretenimento que investem em im\u00f3veis na Calif\u00f3rnia, a fam\u00edlia Scobell optou por deixar o estado (e anteriormente o Colorado) para se estabelecer em Fairview. A resid\u00eancia atual n\u00e3o consta como propriedade direta do ator, que vive com os pais e irm\u00e3os. A estrat\u00e9gia visa manter uma rotina preservada nos intervalos das grava\u00e7\u00f5es, priorizando o ambiente familiar em detrimento de aquisi\u00e7\u00f5es imobili\u00e1rias de alto padr\u00e3o neste momento da carreira.<\/p>\n<p><strong>CONFIRA PUBLICA\u00c7\u00c3O RECENTE DA CARAS BRASIL NAS\u00a0<a href=\"https:\/\/www.instagram.com\/carasbrasil\/\" rel=\"nofollow noopener\" target=\"_blank\">REDES SOCIAIS:<\/a><\/strong><\/p>\n<blockquote class=\"instagram-media\" style=\"background: #FFF; border: 0; border-radius: 3px; box-shadow: 0 0 1px 0 rgba(0,0,0,0.5),0 1px 10px 0 rgba(0,0,0,0.15); margin: 1px; max-width: 540px; min-width: 326px; padding: 0; width: calc(100% - 2px);\" data-instgrm-permalink=\"https:\/\/www.instagram.com\/p\/DSshqJqkqZX\/?utm_source=ig_embed&amp;utm_campaign=loading\" data-instgrm-version=\"14\"><\/blockquote>\n<p>\t                                            <script async src=\"\/\/www.instagram.com\/embed.js\"><\/script><\/p>\n","protected":false},"excerpt":{"rendered":"Walker Scobell completa 17 anos nesta segunda-feira, 5, vivendo um momento de consolida\u00e7\u00e3o profissional. O ator, protagonista da&hellip;\n","protected":false},"author":2,"featured_media":216958,"comment_status":"","ping_status":"","sticky":false,"template":"","format":"standard","meta":{"footnotes":""},"categories":[145],"tags":[1244,211,210,114,115,38797,23334,32,33,42188],"class_list":{"0":"post-216957","1":"post","2":"type-post","3":"status-publish","4":"format-standard","5":"has-post-thumbnail","7":"category-celebridades","8":"tag-ator","9":"tag-celebridades","10":"tag-celebrities","11":"tag-entertainment","12":"tag-entretenimento","13":"tag-percy-jackson","14":"tag-percy-jackson-e-os-olimpianos","15":"tag-portugal","16":"tag-pt","17":"tag-walker-scobell"},"share_on_mastodon":{"url":"https:\/\/pubeurope.com\/@pt\/115846140610453372","error":""},"_links":{"self":[{"href":"https:\/\/www.europesays.com\/pt\/wp-json\/wp\/v2\/posts\/216957","targetHints":{"allow":["GET"]}}],"collection":[{"href":"https:\/\/www.europesays.com\/pt\/wp-json\/wp\/v2\/posts"}],"about":[{"href":"https:\/\/www.europesays.com\/pt\/wp-json\/wp\/v2\/types\/post"}],"author":[{"embeddable":true,"href":"https:\/\/www.europesays.com\/pt\/wp-json\/wp\/v2\/users\/2"}],"replies":[{"embeddable":true,"href":"https:\/\/www.europesays.com\/pt\/wp-json\/wp\/v2\/comments?post=216957"}],"version-history":[{"count":0,"href":"https:\/\/www.europesays.com\/pt\/wp-json\/wp\/v2\/posts\/216957\/revisions"}],"wp:featuredmedia":[{"embeddable":true,"href":"https:\/\/www.europesays.com\/pt\/wp-json\/wp\/v2\/media\/216958"}],"wp:attachment":[{"href":"https:\/\/www.europesays.com\/pt\/wp-json\/wp\/v2\/media?parent=216957"}],"wp:term":[{"taxonomy":"category","embeddable":true,"href":"https:\/\/www.europesays.com\/pt\/wp-json\/wp\/v2\/categories?post=216957"},{"taxonomy":"post_tag","embeddable":true,"href":"https:\/\/www.europesays.com\/pt\/wp-json\/wp\/v2\/tags?post=216957"}],"curies":[{"name":"wp","href":"https:\/\/api.w.org\/{rel}","templated":true}]}}