{"id":216961,"date":"2026-01-06T04:02:11","date_gmt":"2026-01-06T04:02:11","guid":{"rendered":"https:\/\/www.europesays.com\/pt\/216961\/"},"modified":"2026-01-06T04:02:11","modified_gmt":"2026-01-06T04:02:11","slug":"formato-do-bumbum-pode-indicar-diabetes-tipo-2-aponta-estudo","status":"publish","type":"post","link":"https:\/\/www.europesays.com\/pt\/216961\/","title":{"rendered":"Formato do bumbum pode indicar diabetes tipo 2, aponta estudo"},"content":{"rendered":"<p>O formato do bumbum, mais especificamente do m\u00fasculo gl\u00fateo m\u00e1ximo, \u00a0pode revelar informa\u00e7\u00f5es sobre a sa\u00fade metab\u00f3lica, incluindo sinais de diabetes tipo 2. Essa foi a descoberta feita por cientistas da Universidade de Westminster, no Reino Unido.\u00a0<\/p>\n<p>Para chegar a essa conclus\u00e3o, os pesquisadores analisaram mais de 61 mil exames de resson\u00e2ncia magn\u00e9tica (MRI) de um extenso banco de dados de sa\u00fade brit\u00e2nico. As imagens tridimensionais avan\u00e7adas permitiram identificar exatamente onde ocorrem as altera\u00e7\u00f5es musculares, diferentemente de estudos anteriores que focavam apenas no tamanho muscular ou na gordura.<\/p>\n<p>A pesquisa foi liderada pela professora de imagem metab\u00f3lica da Escola de Ci\u00eancias da Vida da Universidade de Westminster, E. Louise Thomas. Segundo ela, o gl\u00fateo m\u00e1ximo, um dos maiores m\u00fasculos do corpo humano, &#8220;desempenha um papel fundamental&#8221; na sa\u00fade metab\u00f3lica.<\/p>\n<p>O estudo envolveu participantes com diferentes caracter\u00edsticas f\u00edsicas, dados demogr\u00e1ficos, biomarcadores de doen\u00e7as, hist\u00f3ricos m\u00e9dicos e h\u00e1bitos de vida. Os pesquisadores analisaram como estas vari\u00e1veis se relacionavam com as mudan\u00e7as no formato muscular ao longo do tempo.<\/p>\n<p>Os dados coletados revelaram padr\u00f5es &#8220;distintos&#8221; no m\u00fasculo gl\u00fateo m\u00e1ximo associados ao diabetes tipo 2. Homens com esta condi\u00e7\u00e3o apresentaram redu\u00e7\u00e3o muscular, enquanto mulheres mostraram aumento do m\u00fasculo, provavelmente devido \u00e0 &#8220;infiltra\u00e7\u00e3o de gordura&#8221; em seu interior.<\/p>\n<p>A pesquisadora s\u00eanior do Centro de Pesquisa para Sa\u00fade \u00d3tima da universidade, Marjola Thanaj, explicou que as altera\u00e7\u00f5es no formato do gl\u00fateo podem indicar um &#8220;decl\u00ednio funcional precoce&#8221; e &#8220;comprometimento metab\u00f3lico&#8221; em pacientes com diabetes tipo 2. Estes resultados sugerem que homens e mulheres t\u00eam &#8220;respostas biol\u00f3gicas muito diferentes para a mesma doen\u00e7a&#8221;.<\/p>\n<p>&#8220;Pessoas com maior aptid\u00e3o f\u00edsica, medida por atividade f\u00edsica vigorosa e for\u00e7a de preens\u00e3o manual, apresentaram um formato maior do gl\u00fateo m\u00e1ximo, enquanto o envelhecimento, fragilidade e longos per\u00edodos sentados foram associados ao afinamento muscular&#8221;, afirmou a pesquisadora s\u00eanior do Centro de Pesquisa para Sa\u00fade \u00d3tima da universidade, Marjola Thanaj, em comunicado.<\/p>\n<p>A pesquisa tamb\u00e9m identificou que homens classificados como &#8220;fr\u00e1geis&#8221; apresentaram mais &#8220;encolhimento geral&#8221; no gl\u00fateo m\u00e1ximo, enquanto as mulheres experimentaram um efeito de fragilidade &#8220;limitado&#8221;.<\/p>\n","protected":false},"excerpt":{"rendered":"O formato do bumbum, mais especificamente do m\u00fasculo gl\u00fateo m\u00e1ximo, \u00a0pode revelar informa\u00e7\u00f5es sobre a sa\u00fade metab\u00f3lica, incluindo&hellip;\n","protected":false},"author":2,"featured_media":216962,"comment_status":"","ping_status":"","sticky":false,"template":"","format":"standard","meta":{"footnotes":""},"categories":[86],"tags":[8758,42189,116,1348,32,33,117],"class_list":{"0":"post-216961","1":"post","2":"type-post","3":"status-publish","4":"format-standard","5":"has-post-thumbnail","7":"category-saude","8":"tag-diabetes-tipo-2","9":"tag-formato-do-bumbum","10":"tag-health","11":"tag-pesquisa","12":"tag-portugal","13":"tag-pt","14":"tag-saude"},"share_on_mastodon":{"url":"https:\/\/pubeurope.com\/@pt\/115846168105151563","error":""},"_links":{"self":[{"href":"https:\/\/www.europesays.com\/pt\/wp-json\/wp\/v2\/posts\/216961","targetHints":{"allow":["GET"]}}],"collection":[{"href":"https:\/\/www.europesays.com\/pt\/wp-json\/wp\/v2\/posts"}],"about":[{"href":"https:\/\/www.europesays.com\/pt\/wp-json\/wp\/v2\/types\/post"}],"author":[{"embeddable":true,"href":"https:\/\/www.europesays.com\/pt\/wp-json\/wp\/v2\/users\/2"}],"replies":[{"embeddable":true,"href":"https:\/\/www.europesays.com\/pt\/wp-json\/wp\/v2\/comments?post=216961"}],"version-history":[{"count":0,"href":"https:\/\/www.europesays.com\/pt\/wp-json\/wp\/v2\/posts\/216961\/revisions"}],"wp:featuredmedia":[{"embeddable":true,"href":"https:\/\/www.europesays.com\/pt\/wp-json\/wp\/v2\/media\/216962"}],"wp:attachment":[{"href":"https:\/\/www.europesays.com\/pt\/wp-json\/wp\/v2\/media?parent=216961"}],"wp:term":[{"taxonomy":"category","embeddable":true,"href":"https:\/\/www.europesays.com\/pt\/wp-json\/wp\/v2\/categories?post=216961"},{"taxonomy":"post_tag","embeddable":true,"href":"https:\/\/www.europesays.com\/pt\/wp-json\/wp\/v2\/tags?post=216961"}],"curies":[{"name":"wp","href":"https:\/\/api.w.org\/{rel}","templated":true}]}}