{"id":216965,"date":"2026-01-06T04:07:08","date_gmt":"2026-01-06T04:07:08","guid":{"rendered":"https:\/\/www.europesays.com\/pt\/216965\/"},"modified":"2026-01-06T04:07:08","modified_gmt":"2026-01-06T04:07:08","slug":"governo-admite-excedente-ligeiramente-acima-dos-03-em-2025-financas-publicas","status":"publish","type":"post","link":"https:\/\/www.europesays.com\/pt\/216965\/","title":{"rendered":"Governo admite excedente &#8220;ligeiramente acima&#8221; dos 0,3% em 2025 &#8211; Finan\u00e7as P\u00fablicas"},"content":{"rendered":"<p class=\"\">&#13;<br \/>\n        O Governo portugu\u00eas admite fechar 2025 com um excedente &#8220;ligeiramente acima&#8221; dos 0,3% estimados inicialmente no Or\u00e7amento do Estado e prev\u00ea equil\u00edbrio or\u00e7amental para este ano, disse hoje em Lisboa o ministro das Finan\u00e7as.&#13;\n    <\/p>\n<p class=\"\">&#13;<br \/>\n        &#8220;Esperamos que a economia portuguesa possa continuar a crescer&#8221;, em 2025, &#8220;em torno de 2%&#8221; e para 2026 &#8220;a previs\u00e3o \u00e9 de 2,3%, mantendo saldos or\u00e7amentais equilibrados, [&#8230;] provavelmente ligeiramente acima de 0,3%&#8221; em 2025 e este ano &#8220;equil\u00edbrio or\u00e7amental&#8221;, comentou Joaquim Miranda Sarmento, intervindo na sess\u00e3o de abertura do Semin\u00e1rio Diplom\u00e1tico, encontro anual de diplomatas portugueses, em Lisboa.&#13;\n    <\/p>\n<p class=\"\">&#13;<br \/>\n        O governante exortou &#8220;todos&#8221; a &#8220;vender o caso de sucesso que Portugal \u00e9&#8221;.&#13;\n    <\/p>\n<p class=\"\">&#13;<br \/>\n        &#8220;As reformas estruturais compensam no m\u00e9dio-longo prazo (&#8230;) A transforma\u00e7\u00e3o que temos vindo a fazer e vamos continuar a fazer vai melhorar cada vez mais a posi\u00e7\u00e3o econ\u00f3mica do pa\u00eds&#8221;, comentou Miranda Sarmento.&#13;\n    <\/p>\n<p class=\"\">&#13;<br \/>\n        O ministro voltou a apontar a falta de m\u00e3o-de-obra como &#8220;o maior constrangimento&#8221; que o pa\u00eds enfrenta atualmente, do ponto de vista de crescimento econ\u00f3mico, &#8220;seja na agricultura, seja no turismo, na ind\u00fastria, nos servi\u00e7os&#8221;.&#13;\n    <\/p>\n<p class=\"\">&#13;<br \/>\n        &#8220;N\u00f3s precisamos de trabalhadores, para todo o espetro da economia portuguesa, para todos os setores. E, portanto, da\u00ed a necessidade de regular a imigra\u00e7\u00e3o e de continuar a trazer pessoas para trabalhar nos diferentes setores, mas de uma forma integrada, humanista e em que as pessoas possam vir para trabalhar e para contribuir para um pa\u00eds melhor&#8221;, defendeu.&#13;\n    <\/p>\n<p class=\"\">&#13;<br \/>\n        Durante a sess\u00e3o, e respondendo a perguntas da audi\u00eancia, levantou d\u00favidas sobre o mercado de d\u00edvida chin\u00eas.&#13;\n    <\/p>\n<p class=\"\">&#13;<br \/>\n        Miranda Sarmento come\u00e7ou por considerar que Uni\u00e3o Europeia tem &#8220;uma oportunidade extraordin\u00e1ria de refor\u00e7ar o papel do euro&#8221;, que representa apenas 5 a 6% das transa\u00e7\u00f5es mundiais de moedas, dominadas pelo d\u00f3lar.&#13;\n    <\/p>\n<p class=\"\">&#13;<br \/>\n        &#8220;Ora, os investidores, para diversificarem do d\u00f3lar (&#8230;) precisam de um mercado de d\u00edvida com duas caracter\u00edsticas: Estado de Direito e um mercado d\u00edvida suficientemente grande para ter liquidez&#8221;, apontando o iene japon\u00eas, o franco su\u00ed\u00e7o e a libra inglesa como mercados com &#8220;um excelente Estado de Direito, mas nenhum \u00e9 suficientemente grande para ter liquidez para este montante de investimento&#8221;.&#13;\n    <\/p>\n<p class=\"\">&#13;<br \/>\n        &#8220;Depois, h\u00e1 um mercado de d\u00edvida que \u00e9 muito grande, mas em que eu n\u00e3o apostava muito no Estado de Direito, que \u00e9 o mercado do renminbi chin\u00eas. A pol\u00edtica monet\u00e1ria \u00e9 ditada pelo l\u00edder do Partido Comunista, que pode desvalorizar a moeda quando quiser. Sabemos o que \u00e9 que acontece aos grandes empres\u00e1rios, o que \u00e9 que acontece, o que \u00e9 que pode acontecer \u00e0s empresas, \u00e0s poupan\u00e7as, etcetera&#8221;, disse, antes de desabafar: &#8220;Espero que o embaixador chin\u00eas n\u00e3o esteja aqui&#8221;, o que motivou algumas gargalhadas.&#13;\n    <\/p>\n<p class=\"\">&#13;<br \/>\n        Miranda Sarmento prosseguiu pedindo desculpa e sublinhando que Portugal \u00e9 &#8220;o pa\u00eds mais amigo da China&#8221;.&#13;\n    <\/p>\n<p class=\"\">&#13;<br \/>\n        &#8220;N\u00e3o particip\u00e1mos no s\u00e9culo de opress\u00e3o, no s\u00e9culo de humilha\u00e7\u00e3o chin\u00eas. Macau foi-nos dado e por isso \u00e9 que s\u00f3 devolvemos Macau depois de Hong Kong. Exatamente, Macau foi-nos dado. N\u00f3s n\u00e3o particip\u00e1mos nas guerras do \u00f3pio, na Revolta dos Boxers, nem nada disso. Mas as coisas s\u00e3o o que s\u00e3o&#8221;, disse.&#13;\n    <\/p>\n","protected":false},"excerpt":{"rendered":"&#13; O Governo portugu\u00eas admite fechar 2025 com um excedente &#8220;ligeiramente acima&#8221; dos 0,3% estimados inicialmente no Or\u00e7amento&hellip;\n","protected":false},"author":2,"featured_media":212350,"comment_status":"","ping_status":"","sticky":false,"template":"","format":"standard","meta":{"footnotes":""},"categories":[10],"tags":[27,28,40955,476,40633,15,16,14,12212,23550,25,26,797,15366,21,22,41181,12,13,19,20,42193,32,23,24,33,17,18,29,30,31,636],"class_list":{"0":"post-216965","1":"post","2":"type-post","3":"status-publish","4":"format-standard","5":"has-post-thumbnail","7":"category-portugal","8":"tag-breaking-news","9":"tag-breakingnews","10":"tag-credito-e-divida","11":"tag-economia","12":"tag-economia-negocios-e-financas","13":"tag-featured-news","14":"tag-featurednews","15":"tag-headlines","16":"tag-hong-kong","17":"tag-joaquim-miranda-sarmento","18":"tag-latest-news","19":"tag-latestnews","20":"tag-lisboa","21":"tag-macau","22":"tag-main-news","23":"tag-mainnews","24":"tag-mercado-de-divida","25":"tag-news","26":"tag-noticias","27":"tag-noticias-principais","28":"tag-noticiasprincipais","29":"tag-partido-comunista","30":"tag-portugal","31":"tag-principais-noticias","32":"tag-principaisnoticias","33":"tag-pt","34":"tag-top-stories","35":"tag-topstories","36":"tag-ultimas","37":"tag-ultimas-noticias","38":"tag-ultimasnoticias","39":"tag-uniao-europeia"},"share_on_mastodon":{"url":"","error":"Validation failed: Text character limit of 500 exceeded"},"_links":{"self":[{"href":"https:\/\/www.europesays.com\/pt\/wp-json\/wp\/v2\/posts\/216965","targetHints":{"allow":["GET"]}}],"collection":[{"href":"https:\/\/www.europesays.com\/pt\/wp-json\/wp\/v2\/posts"}],"about":[{"href":"https:\/\/www.europesays.com\/pt\/wp-json\/wp\/v2\/types\/post"}],"author":[{"embeddable":true,"href":"https:\/\/www.europesays.com\/pt\/wp-json\/wp\/v2\/users\/2"}],"replies":[{"embeddable":true,"href":"https:\/\/www.europesays.com\/pt\/wp-json\/wp\/v2\/comments?post=216965"}],"version-history":[{"count":0,"href":"https:\/\/www.europesays.com\/pt\/wp-json\/wp\/v2\/posts\/216965\/revisions"}],"wp:featuredmedia":[{"embeddable":true,"href":"https:\/\/www.europesays.com\/pt\/wp-json\/wp\/v2\/media\/212350"}],"wp:attachment":[{"href":"https:\/\/www.europesays.com\/pt\/wp-json\/wp\/v2\/media?parent=216965"}],"wp:term":[{"taxonomy":"category","embeddable":true,"href":"https:\/\/www.europesays.com\/pt\/wp-json\/wp\/v2\/categories?post=216965"},{"taxonomy":"post_tag","embeddable":true,"href":"https:\/\/www.europesays.com\/pt\/wp-json\/wp\/v2\/tags?post=216965"}],"curies":[{"name":"wp","href":"https:\/\/api.w.org\/{rel}","templated":true}]}}