{"id":216966,"date":"2026-01-06T04:08:21","date_gmt":"2026-01-06T04:08:21","guid":{"rendered":"https:\/\/www.europesays.com\/pt\/216966\/"},"modified":"2026-01-06T04:08:21","modified_gmt":"2026-01-06T04:08:21","slug":"ruben-amorim-deixa-o-manchester-united-apos-14-meses-e-apenas-24-vitorias","status":"publish","type":"post","link":"https:\/\/www.europesays.com\/pt\/216966\/","title":{"rendered":"Ruben Amorim deixa o Manchester United ap\u00f3s 14 meses e apenas 24 vit\u00f3rias"},"content":{"rendered":"<p>Ruben Amorim foi esta segunda-feira, 5 de janeiro, demitido do cargo de treinador do Manchester United, depois de uma reuni\u00e3o com Jason Wilcox e Omar Berrada, respetivamente o diretor de futebol e CEO do clube ingl\u00eas.<\/p>\n<p>O clube ingl\u00eas j\u00e1 comunicou oficialmente o div\u00f3rcio com o treinador portugu\u00eas, depois de ter chegado ao cube em novembro de 2024 e depois de ter orientado 63 jogos, com 24 vit\u00f3rias, 18 empates e 21 derrotas.<\/p>\n<p>Na hora do adeus, o Manchester United destaca a presen\u00e7a na final da Liga Europa, em Bilbau, perdida (0-1) para o Tottenham.<\/p>\n<p>&#8220;Com a equipa na sexta posi\u00e7\u00e3o da Premier League, a dire\u00e7\u00e3o do clube, a contragosto, tomou a decis\u00e3o de que este \u00e9 o momento certo para fazer uma mudan\u00e7a&#8221;, referem os red devils em comunicado, argumentando que esta solu\u00e7\u00e3o dar\u00e1 &#8220;a melhor oportunidade de alcan\u00e7ar a melhor coloca\u00e7\u00e3o poss\u00edvel na Premier League&#8221;.<\/p>\n<p>Darren Fletcher, antigo futebolista e atual treinador dos sub-18, vai orientar a equipa na partida com o Burnley, marcado para quarta-feira.<\/p>\n<p>Este desfecho acontece depois dos empates 1-1 com o Wolverhampton e, no \u00faltimo s\u00e1bado, com o Leeds United, bem como na sequ\u00eancia de uma pol\u00e9mica confer\u00eancia de imprensa, na qual o treinador portugu\u00eas disse que foi contratado &#8220;para ser manager&#8221; e n\u00e3o para ser apenas treinador principal, tendo ainda garantido que n\u00e3o se iria demitir.<\/p>\n<p>Ruben Amorim, de 40 anos, deixa os red devils em sexto lugar da Premier League, com oito vit\u00f3rias, sete empates e cinco derrotas, tendo j\u00e1 sido eliminado da Ta\u00e7a da Liga, logo na segunda eliminat\u00f3ria, frente ao modesto Grimbsy Town, do quarto escal\u00e3o. Na Ta\u00e7a de Inglaterra, o United vai medir for\u00e7as com o Brighton no dia 11 de janeiro, a contar para a 3.\u00aa eliminat\u00f3ria.<\/p>\n<p>Na \u00e9poca passada, al\u00e9m da final da Liga Europa, o United falhou o apuramento para as competi\u00e7\u00f5es da UEFA ao ficar em 15.\u00ba lugar na Premier League. Foi ainda eliminado da Ta\u00e7a de Inglaterra pelo Fulham, no desempate por pen\u00e1ltis, nos oitavos de final; tendo tido o mesmo desfecho na Ta\u00e7a da Liga, mas diante do Tottenham (3-4) nos quartos de final.<\/p>\n<p>Durante os 14 meses que esteve \u00e0 frente do Manchester United, Ruben Amorim investiu 282,5 milh\u00f5es de euros em refor\u00e7os, com destaque para os tr\u00eas avan\u00e7ados contratados no \u00faltimo ver\u00e3o Benjamin Sesko (76,5 milh\u00f5es de euros), Bryan Mbuemo (75) e Matheus Cunha (74,2). O treinador portugu\u00eas contratou ainda o defesa esquerdo Patrick Dorgu (30), o guarda-redes Senne Lammens (21) e os defesas centrais Diego Le\u00f3n (4) e Ayden Heaven (1,8).<\/p>\n","protected":false},"excerpt":{"rendered":"Ruben Amorim foi esta segunda-feira, 5 de janeiro, demitido do cargo de treinador do Manchester United, depois de&hellip;\n","protected":false},"author":2,"featured_media":216967,"comment_status":"","ping_status":"","sticky":false,"template":"","format":"standard","meta":{"footnotes":""},"categories":[8],"tags":[27,28,15,16,14,25,26,21,22,663,12,13,19,20,32,23,24,33,1052,17,18,29,30,31],"class_list":{"0":"post-216966","1":"post","2":"type-post","3":"status-publish","4":"format-standard","5":"has-post-thumbnail","7":"category-principais-noticias","8":"tag-breaking-news","9":"tag-breakingnews","10":"tag-featured-news","11":"tag-featurednews","12":"tag-headlines","13":"tag-latest-news","14":"tag-latestnews","15":"tag-main-news","16":"tag-mainnews","17":"tag-manchester-united","18":"tag-news","19":"tag-noticias","20":"tag-noticias-principais","21":"tag-noticiasprincipais","22":"tag-portugal","23":"tag-principais-noticias","24":"tag-principaisnoticias","25":"tag-pt","26":"tag-ruben-amorim","27":"tag-top-stories","28":"tag-topstories","29":"tag-ultimas","30":"tag-ultimas-noticias","31":"tag-ultimasnoticias"},"share_on_mastodon":{"url":"https:\/\/pubeurope.com\/@pt\/115846191844216524","error":""},"_links":{"self":[{"href":"https:\/\/www.europesays.com\/pt\/wp-json\/wp\/v2\/posts\/216966","targetHints":{"allow":["GET"]}}],"collection":[{"href":"https:\/\/www.europesays.com\/pt\/wp-json\/wp\/v2\/posts"}],"about":[{"href":"https:\/\/www.europesays.com\/pt\/wp-json\/wp\/v2\/types\/post"}],"author":[{"embeddable":true,"href":"https:\/\/www.europesays.com\/pt\/wp-json\/wp\/v2\/users\/2"}],"replies":[{"embeddable":true,"href":"https:\/\/www.europesays.com\/pt\/wp-json\/wp\/v2\/comments?post=216966"}],"version-history":[{"count":0,"href":"https:\/\/www.europesays.com\/pt\/wp-json\/wp\/v2\/posts\/216966\/revisions"}],"wp:featuredmedia":[{"embeddable":true,"href":"https:\/\/www.europesays.com\/pt\/wp-json\/wp\/v2\/media\/216967"}],"wp:attachment":[{"href":"https:\/\/www.europesays.com\/pt\/wp-json\/wp\/v2\/media?parent=216966"}],"wp:term":[{"taxonomy":"category","embeddable":true,"href":"https:\/\/www.europesays.com\/pt\/wp-json\/wp\/v2\/categories?post=216966"},{"taxonomy":"post_tag","embeddable":true,"href":"https:\/\/www.europesays.com\/pt\/wp-json\/wp\/v2\/tags?post=216966"}],"curies":[{"name":"wp","href":"https:\/\/api.w.org\/{rel}","templated":true}]}}