{"id":216974,"date":"2026-01-06T04:20:09","date_gmt":"2026-01-06T04:20:09","guid":{"rendered":"https:\/\/www.europesays.com\/pt\/216974\/"},"modified":"2026-01-06T04:20:09","modified_gmt":"2026-01-06T04:20:09","slug":"vai-repetir-se-em-portugal-apagao-de-24-h-deixa-milhares-sem-luz-neste-pais-da-ue","status":"publish","type":"post","link":"https:\/\/www.europesays.com\/pt\/216974\/","title":{"rendered":"Vai repetir-se em Portugal? Apag\u00e3o de 24 h deixa milhares sem luz neste pa\u00eds da UE"},"content":{"rendered":"<p><strong>Um apag\u00e3o prolongado que deixou dezenas de milhares de pessoas sem eletricidade numa capital europeia voltou a levantar preocupa\u00e7\u00f5es tamb\u00e9m em Portugal, depois dos incidentes registados em 2025, reacendendo o debate sobre a resili\u00eancia das redes el\u00e9tricas e o risco de novos cortes de grande dimens\u00e3o no futuro.<\/strong><\/p>\n<p>Na Alemanha, um inc\u00eandio que danificou um cabo de alta tens\u00e3o provocou um corte de energia com dura\u00e7\u00e3o superior a 24 horas em v\u00e1rios bairros de Berlim. Segundo a operadora Stromnetz Berlin, foi poss\u00edvel restabelecer o fornecimento de eletricidade a cerca de 7.000 resid\u00eancias e 150 empresas por volta das 03h23 de 4 de janeiro, em v\u00e1rias fases, sobretudo na zona de Lichterfelde.<\/p>\n<p>Apesar disso, cerca de 38.000 resid\u00eancias e mais de 2.000 clientes empresariais continuavam sem eletricidade no distrito de Steglitz-Zehlendorf, uma das \u00e1reas mais afetadas pelo incidente, de acordo com o portal Not\u00edcias ao Minuto. A falha teve origem num inc\u00eandio que atingiu um cabo subterr\u00e2neo que atravessa o canal de Teltow.<\/p>\n<p><strong>Investiga\u00e7\u00e3o a poss\u00edvel ato criminoso<\/strong><\/p>\n<p>As autoridades alem\u00e3s admitem a possibilidade de se tratar de um ato intencional. A pol\u00edcia est\u00e1 a investigar um eventual inc\u00eandio criminoso, depois de o servi\u00e7o de seguran\u00e7a do Estado respons\u00e1vel por crimes de motiva\u00e7\u00e3o pol\u00edtica ter recebido uma carta a reivindicar a autoria do ataque.<\/p>\n<p>Uma porta-voz da senadora da Economia da cidade-estado de Berlim, Franziska Giffey, confirmou que existem suspeitas de um ato malicioso, estando as autoridades a verificar a autenticidade da mensagem recebida, refere a mesma fonte.<\/p>\n<p>Para j\u00e1, n\u00e3o \u00e9 conhecida a identidade de quem poder\u00e1 estar por tr\u00e1s do incidente. A Stromnetz Berlin sublinha que o padr\u00e3o do corte apresenta semelhan\u00e7as com um ataque ocorrido em setembro, quando duas torres de alta tens\u00e3o no sudeste da cidade foram danificadas, provocando falhas de eletricidade durante v\u00e1rios dias.<\/p>\n<p><strong>Impacto no quotidiano em pleno inverno<\/strong><\/p>\n<p>O apag\u00e3o teve consequ\u00eancias significativas no dia a dia da popula\u00e7\u00e3o. A falha de energia afetou a ilumina\u00e7\u00e3o p\u00fablica, as telecomunica\u00e7\u00f5es m\u00f3veis, os sem\u00e1foros e os sistemas de refrigera\u00e7\u00e3o de supermercados, al\u00e9m de milhares de habita\u00e7\u00f5es particulares.<\/p>\n<p>Segundo o <a href=\"https:\/\/www.noticiasaominuto.com\" target=\"_blank\" rel=\"noreferrer noopener nofollow\">Not\u00edcias ao Minuto<\/a>, em muitas casas, os residentes ficaram sem aquecimento numa altura em que as temperaturas rondavam os zero graus, agravando o impacto do corte. No s\u00e1bado, cerca de 10.000 resid\u00eancias de Lichterfelde chegaram a ser informadas de que a eletricidade seria restabelecida ao longo do dia, algo que n\u00e3o se verificou de imediato, prolongando o per\u00edodo sem energia.<\/p>\n<p><strong>E em Portugal, pode voltar a acontecer?<\/strong><\/p>\n<p>O caso alem\u00e3o surge numa altura em que Portugal ainda tem presente o epis\u00f3dio registado em 2025, quando uma falha no fornecimento el\u00e9trico deixou milh\u00f5es de portugueses temporariamente sem luz.<\/p>\n<p>Apesar de n\u00e3o existirem, para j\u00e1, indica\u00e7\u00f5es de que possa ocorrer um apag\u00e3o de grande dimens\u00e3o em Portugal num futuro pr\u00f3ximo, as entidades como a E-Redes admitem que podem verificar-se cortes tempor\u00e1rios de energia em algumas regi\u00f5es, sobretudo associados a trabalhos de manuten\u00e7\u00e3o, refor\u00e7o das infraestruturas ou interven\u00e7\u00f5es programadas, situa\u00e7\u00f5es que tendem a ser pontuais e devidamente comunicadas aos consumidores.<\/p>\n<p><strong>Leia tamb\u00e9m: <a href=\"https:\/\/postal.pt\/europa\/gerente-mercadona-com-29-anos-de-casa-despedida-sem-indemnizacao-por-levar-moedas-caixa-consigo-tribunal-nao-teve-duvidas\/\" rel=\"nofollow noopener\" target=\"_blank\">Gerente da Mercadona com 29 anos de casa despedida sem indemniza\u00e7\u00e3o por levar moedas da caixa consigo: tribunal n\u00e3o teve d\u00favidas<\/a><\/strong> <\/p>\n","protected":false},"excerpt":{"rendered":"Um apag\u00e3o prolongado que deixou dezenas de milhares de pessoas sem eletricidade numa capital europeia voltou a levantar&hellip;\n","protected":false},"author":2,"featured_media":216975,"comment_status":"","ping_status":"","sticky":false,"template":"","format":"standard","meta":{"footnotes":""},"categories":[50],"tags":[27,28,15,16,14,25,26,21,22,62,12,13,19,20,23,24,17,18,29,30,31,63,64,65],"class_list":{"0":"post-216974","1":"post","2":"type-post","3":"status-publish","4":"format-standard","5":"has-post-thumbnail","7":"category-mundo","8":"tag-breaking-news","9":"tag-breakingnews","10":"tag-featured-news","11":"tag-featurednews","12":"tag-headlines","13":"tag-latest-news","14":"tag-latestnews","15":"tag-main-news","16":"tag-mainnews","17":"tag-mundo","18":"tag-news","19":"tag-noticias","20":"tag-noticias-principais","21":"tag-noticiasprincipais","22":"tag-principais-noticias","23":"tag-principaisnoticias","24":"tag-top-stories","25":"tag-topstories","26":"tag-ultimas","27":"tag-ultimas-noticias","28":"tag-ultimasnoticias","29":"tag-world","30":"tag-world-news","31":"tag-worldnews"},"share_on_mastodon":{"url":"https:\/\/pubeurope.com\/@pt\/115846238947935557","error":""},"_links":{"self":[{"href":"https:\/\/www.europesays.com\/pt\/wp-json\/wp\/v2\/posts\/216974","targetHints":{"allow":["GET"]}}],"collection":[{"href":"https:\/\/www.europesays.com\/pt\/wp-json\/wp\/v2\/posts"}],"about":[{"href":"https:\/\/www.europesays.com\/pt\/wp-json\/wp\/v2\/types\/post"}],"author":[{"embeddable":true,"href":"https:\/\/www.europesays.com\/pt\/wp-json\/wp\/v2\/users\/2"}],"replies":[{"embeddable":true,"href":"https:\/\/www.europesays.com\/pt\/wp-json\/wp\/v2\/comments?post=216974"}],"version-history":[{"count":0,"href":"https:\/\/www.europesays.com\/pt\/wp-json\/wp\/v2\/posts\/216974\/revisions"}],"wp:featuredmedia":[{"embeddable":true,"href":"https:\/\/www.europesays.com\/pt\/wp-json\/wp\/v2\/media\/216975"}],"wp:attachment":[{"href":"https:\/\/www.europesays.com\/pt\/wp-json\/wp\/v2\/media?parent=216974"}],"wp:term":[{"taxonomy":"category","embeddable":true,"href":"https:\/\/www.europesays.com\/pt\/wp-json\/wp\/v2\/categories?post=216974"},{"taxonomy":"post_tag","embeddable":true,"href":"https:\/\/www.europesays.com\/pt\/wp-json\/wp\/v2\/tags?post=216974"}],"curies":[{"name":"wp","href":"https:\/\/api.w.org\/{rel}","templated":true}]}}